{"id":196831,"date":"2019-08-28T10:46:31","date_gmt":"2019-08-28T07:46:31","guid":{"rendered":"http:\/\/www.tvturk.com\/index.php\/balikcilar-vira-bismillah-diyecek\/"},"modified":"2019-08-28T10:46:31","modified_gmt":"2019-08-28T07:46:31","slug":"balikcilar-vira-bismillah-diyecek","status":"publish","type":"post","link":"http:\/\/www.tvturk.com\/index.php\/balikcilar-vira-bismillah-diyecek\/","title":{"rendered":"Bal\u0131k\u00e7\u0131lar &#8220;Vira Bismillah&#8221; diyecek"},"content":{"rendered":"<p>Trabzon\u2019da 1 Eyl\u00fcl\u2019de ba\u015flayacak olan yeni av sezonu \u00f6ncesi teknelerindeki eksikleri gideren bal\u0131k\u00e7\u0131lar, palamutta beklenen g\u00f6r\u00fcnt\u00fcy\u00fc alamad\u0131klar\u0131n\u0131 belirterek umutlar\u0131n\u0131 hamsiye ba\u011flad\u0131klar\u0131n\u0131 dile getirdi.<\/p>\n<p>Yoroz Liman\u0131\u2019nda teknelerinde son r\u00f6tu\u015flar\u0131 yapan bal\u0131k\u00e7\u0131lar, bu sezon palamut av\u0131ndan pek umutlu olmad\u0131klar\u0131n\u0131 belirtirken, hamsiden daha \u00e7ok umutlu olduklar\u0131n\u0131 s\u00f6ylediler. Palamutta \u015fu ana kadar beklenen g\u00f6r\u00fcnt\u00fcy\u00fc alamad\u0131klar\u0131n\u0131 belirten bal\u0131k\u00e7\u0131lar, yine de umutlar\u0131n\u0131 yitirmediklerini, bal\u0131\u011f\u0131 bulana kadar \u0130stanbul Bo\u011faz\u0131\u2019na kadar gideceklerini s\u00f6ylediler.<\/p>\n<p>\u201cK\u00f6ro\u011flu Bal\u0131k\u00e7\u0131l\u0131k\u201d teknesinde kaptan yard\u0131mc\u0131s\u0131 olarak g\u00f6rev yapan Emrehan K\u00f6ro\u011flu, \u201cBu seneki umudumuz ge\u00e7en seneye g\u00f6re biraz daha az. Ge\u00e7en sene olduk\u00e7a iyi bir sezon ge\u00e7irdik, ancak bu sezon i\u00e7in ayn\u0131 \u015feyi s\u00f6yleyemeyece\u011fiz gibi g\u00f6z\u00fck\u00fcyor. Ancak yine de bakaca\u011f\u0131z, Allah\u2019tan hay\u0131rl\u0131s\u0131. Eyl\u00fcl 1 itibariyle denize a\u00e7\u0131laca\u011f\u0131z. T\u00fcm Karadeniz\u2019i dola\u015faca\u011f\u0131z, bal\u0131k neredeyse oraya gidece\u011fiz. Rotam\u0131z belli de\u011fil. \u0130stanbul, Zonguldak, Samsun, Sinop, bal\u0131k neredeyse oraya gidece\u011fiz. Haz\u0131rl\u0131klar\u0131m\u0131z bitti say\u0131l\u0131r. Tadilat\u0131m\u0131z\u0131, a\u011f bak\u0131m\u0131n\u0131 yapt\u0131k. \u015eu an sezona haz\u0131r\u0131z\u201d dedi.<\/p>\n<p>Yakla\u015f\u0131k 30 y\u0131ld\u0131r teknelerde \u00e7al\u0131\u015fan Erkan Tosun da, palamudun pek g\u00f6r\u00fclmedi\u011fini ifade ederek, \u201c\u015eu anki g\u00f6r\u00fcnt\u00fclere g\u00f6re palamut pek yok gibi g\u00f6z\u00fck\u00fcyor. \u0130n\u015fallah ilerleyen zamanlarda hay\u0131rl\u0131s\u0131yla olur. Palamut olmayaca\u011f\u0131n\u0131 d\u00fc\u015f\u00fcnerek mecburen istavrite bakaca\u011f\u0131z. Yakla\u015f\u0131k 30 y\u0131ld\u0131r denizlerdeyim. \u015eahsen ben denizlerde bal\u0131\u011f\u0131n azald\u0131\u011f\u0131n\u0131 d\u00fc\u015f\u00fcnm\u00fcyorum. Dolay\u0131s\u0131yla y\u0131ldan y\u0131la de\u011fi\u015fiyor. Ge\u00e7en y\u0131la g\u00f6re bu sene daha az olacak gibi g\u00f6r\u00fcl\u00fcyor. Ancak hamsi ge\u00e7en seneye g\u00f6re daha \u00e7ok olacakm\u0131\u015f gibi g\u00f6z\u00fck\u00fcyor. Palamut az olur diye d\u00fc\u015f\u00fcn\u00fcyoruz\u201d diye konu\u015ftu.<\/p>\n<p>&#8220;\u015eu anki g\u00f6r\u00fcnt\u00fc ge\u00e7en seneye g\u00f6re az&#8221;<\/p>\n<p>Denizin durumunun her y\u0131l farkl\u0131 oldu\u011funu kaydeden Adem Kaya ise, \u201cYeni sezonda haz\u0131rl\u0131klar\u0131m\u0131z\u0131 tamamlad\u0131k gibi. Son r\u00f6tu\u015flar\u0131m\u0131z\u0131 yap\u0131yoruz. 15 y\u0131ld\u0131r denizlerdeyim. Denizin durumu her y\u0131l farkl\u0131 oluyor. Bir sezon iyi ge\u00e7iyor, bir sezon bal\u0131k pek olmuyor. Bu sezon umutlar\u0131m\u0131z konusunda bir \u015fey diyemeyece\u011fim, art\u0131k bakaca\u011f\u0131z. Art\u0131k Allah ne verirse\u201d \u015feklinde konu\u015ftu.<\/p>\n<p>1 Eyl\u00fcl\u2019de &#8220;Vira Bismillah&#8221; diyerek denize a\u00e7\u0131lacaklar\u0131n\u0131 ifade eden Nedim Yaz\u0131c\u0131, \u201c20 y\u0131ld\u0131r denizlerdeyim. Haz\u0131rl\u0131klar\u0131m\u0131z bitmek \u00fczere. Allah\u2019\u0131n izniyle Cumartesi ak\u015fam\u0131 \u2019vira bismillah\u2019 diyece\u011fiz. Umutlar\u0131m\u0131z her zamanki gibi in\u015fallah olacak. \u015eu anki g\u00f6r\u00fcnt\u00fc ge\u00e7en seneye g\u00f6re az. Cenab-\u0131 Allah in\u015fallah r\u0131zk\u0131m\u0131z\u0131 verecek\u201d ifadelerini kulland\u0131.<\/p>\n<p>Bal\u0131\u011f\u0131 bulana kadar \u0130stanbul Bo\u011faz\u0131\u2019na kadar takip edeceklerini belirten Metin \u015eim\u015fek ise, \u201c15 y\u0131ld\u0131r denizlerdeyim. Palamutta \u015fu ana pek g\u00f6r\u00fcnt\u00fc pek olmad\u0131. Yani umut yok gibi bir \u015fey. Sezona ilk olarak palamutla ba\u015flayaca\u011f\u0131z. Bal\u0131\u011f\u0131 bulana kadar \u0130stanbul Bo\u011faz\u0131na kadar pe\u015finden gidece\u011fiz. \u0130stanbul\u2019daki bal\u0131k\u00e7\u0131 arkada\u015flar\u0131m\u0131zla zaman zaman g\u00f6r\u00fc\u015f\u00fcyoruz, onlar da ayn\u0131 palamudun pek olmad\u0131\u011f\u0131n\u0131 s\u00f6yl\u00fcyorlar\u201d diye konu\u015ftu.<\/p>\n","protected":false},"excerpt":{"rendered":"<p>BALIK\u00c7ILAR, 1 EYL\u00dcL\u2019DE BA\u015eLAYACAK OLAN YEN\u0130 AV SEZONU DOLAYISIYLA TEKNELER\u0130NDEK\u0130 EKS\u0130KLER\u0130N\u0130  TAMAMLAMAK \u00dcZERELER.<\/p>\n","protected":false},"author":1,"featured_media":196832,"comment_status":"closed","ping_status":"open","sticky":false,"template":"","format":"standard","meta":{"jetpack_post_was_ever_published":false,"_jetpack_newsletter_access":"","_jetpack_dont_email_post_to_subs":false,"_jetpack_newsletter_tier_id":0,"_jetpack_memberships_contains_paywalled_content":false,"_jetpack_memberships_contains_paid_content":false,"footnotes":"","jetpack_publicize_message":"","jetpack_publicize_feature_enabled":true,"jetpack_social_post_already_shared":true,"jetpack_social_options":{"image_generator_settings":{"template":"highway","default_image_id":0,"font":"","enabled":false},"version":2}},"categories":[1],"tags":[45149,6537,45150,5797],"class_list":["post-196831","post","type-post","status-publish","format-standard","has-post-thumbnail","hentry","category-genel","tag-vira","tag-balikcilar","tag-bismillah","tag-diyecek"],"jetpack_publicize_connections":[],"jetpack_featured_media_url":"https:\/\/i0.wp.com\/www.tvturk.com\/wp-content\/uploads\/2019\/08\/balikcilar-vira-bismillah-diyecek_928ae11.jpg?fit=1000%2C562","jetpack_sharing_enabled":true,"jetpack_shortlink":"https:\/\/wp.me\/paKIfm-PcH","_links":{"self":[{"href":"http:\/\/www.tvturk.com\/index.php\/wp-json\/wp\/v2\/posts\/196831","targetHints":{"allow":["GET"]}}],"collection":[{"href":"http:\/\/www.tvturk.com\/index.php\/wp-json\/wp\/v2\/posts"}],"about":[{"href":"http:\/\/www.tvturk.com\/index.php\/wp-json\/wp\/v2\/types\/post"}],"author":[{"embeddable":true,"href":"http:\/\/www.tvturk.com\/index.php\/wp-json\/wp\/v2\/users\/1"}],"replies":[{"embeddable":true,"href":"http:\/\/www.tvturk.com\/index.php\/wp-json\/wp\/v2\/comments?post=196831"}],"version-history":[{"count":0,"href":"http:\/\/www.tvturk.com\/index.php\/wp-json\/wp\/v2\/posts\/196831\/revisions"}],"wp:featuredmedia":[{"embeddable":true,"href":"http:\/\/www.tvturk.com\/index.php\/wp-json\/wp\/v2\/media\/196832"}],"wp:attachment":[{"href":"http:\/\/www.tvturk.com\/index.php\/wp-json\/wp\/v2\/media?parent=196831"}],"wp:term":[{"taxonomy":"category","embeddable":true,"href":"http:\/\/www.tvturk.com\/index.php\/wp-json\/wp\/v2\/categories?post=196831"},{"taxonomy":"post_tag","embeddable":true,"href":"http:\/\/www.tvturk.com\/index.php\/wp-json\/wp\/v2\/tags?post=196831"}],"curies":[{"name":"wp","href":"https:\/\/api.w.org\/{rel}","templated":true}]}}