{"id":196837,"date":"2019-08-28T10:46:47","date_gmt":"2019-08-28T07:46:47","guid":{"rendered":"http:\/\/www.tvturk.com\/index.php\/agrida-zorlu-bal-hasadi-basladi\/"},"modified":"2019-08-28T10:46:47","modified_gmt":"2019-08-28T07:46:47","slug":"agrida-zorlu-bal-hasadi-basladi","status":"publish","type":"post","link":"http:\/\/www.tvturk.com\/index.php\/agrida-zorlu-bal-hasadi-basladi\/","title":{"rendered":"A\u011fr\u0131\u2019da zorlu bal hasad\u0131 ba\u015flad\u0131"},"content":{"rendered":"<p>A\u011fr\u0131\u2019da May\u0131s ay\u0131ndan bu yana geni\u015f ve zengin bitki \u00f6rt\u00fcs\u00fcne sahip yaylalarda ar\u0131c\u0131l\u0131k yapan ar\u0131c\u0131lar, bal hasad\u0131na ba\u015flad\u0131. Kavurucu s\u0131cakta takt\u0131klar\u0131 maskelerle \u00e7al\u0131\u015fan ar\u0131c\u0131lar, ar\u0131lar\u0131 kovanlardan uzakla\u015ft\u0131rmak i\u00e7in duman \u00e7\u0131karan k\u00f6r\u00fck yard\u0131m\u0131yla kovanlardaki petekleri \u00e7\u0131kar\u0131yor.<\/p>\n<p>Bitki \u00e7e\u015fitlili\u011fi bak\u0131m\u0131ndan zengin ve yakla\u015f\u0131k 500 civar\u0131nda endemik bitki t\u00fcr\u00fcne sahip olan A\u011fr\u0131 ve yaylalar\u0131nda May\u0131s ay\u0131ndan beri ar\u0131c\u0131l\u0131k yapan ar\u0131c\u0131lar\u0131n zorlu hasat mesaisi ba\u015flad\u0131. Ar\u0131lar\u0131 ile birlikte y\u0131l\u0131n b\u00fcy\u00fck b\u00f6l\u00fcm\u00fcn\u00fc yaylalarda ge\u00e7iren ar\u0131c\u0131lar, s\u0131cak havalar\u0131n etkisini s\u00fcrd\u00fcrd\u00fc\u011f\u00fc \u015fu g\u00fcnlerde takt\u0131klar\u0131 maskeler ve ar\u0131lar\u0131 kovanlardan uzakla\u015ft\u0131rmak i\u00e7in duman \u00e7\u0131karan k\u00f6r\u00fck yard\u0131m\u0131yla kovanlardaki petekleri \u00e7\u0131kar\u0131p, bal s\u00fczme i\u015fleminin yap\u0131ld\u0131\u011f\u0131 \u00e7ad\u0131rlara ta\u015f\u0131yor. \u00c7ad\u0131rlara ta\u015f\u0131d\u0131klar\u0131 bal peteklerini burada kavurucu s\u0131cak alt\u0131nda bal s\u00fczme makinesinden ge\u00e7iren ar\u0131c\u0131lar, s\u00fczd\u00fckleri ballar\u0131 tenekeler ve \u015fi\u015felerde paketleyip T\u00fcrkiye\u2019nin d\u00f6rt bir yan\u0131na g\u00f6nderilmek \u00fczere sat\u0131\u015fa sunuyor.<\/p>\n<p>Ar\u0131c\u0131lar sahte bala kar\u015f\u0131 \u00f6nlemlerin artmas\u0131n\u0131 istiyor<\/p>\n<p>Tamamen do\u011fal ortamda \u00fcretilen kaliteli bal\u0131 ile bilinen A\u011fr\u0131\u2019da 17 y\u0131ld\u0131r ar\u0131c\u0131l\u0131k yapan Abubekir Demir, daha \u00f6nce l\u00f6semi olan o\u011flunun hastal\u0131\u011f\u0131 \u00fcretmi\u015f olduklar\u0131 ballar sayesinde yendi\u011fini belirterek, \u00fcrettikleri bal\u0131n son derece kaliteli oldu\u011funu ve bir\u00e7ok b\u00f6lgeden ve yurt d\u0131\u015f\u0131ndan al\u0131c\u0131lar\u0131 oldu\u011funu s\u00f6yledi. Piyasada \u00f6zellikle \u0130ran\u2019dan gelen sahte ballar\u0131n hem halk sa\u011fl\u0131\u011f\u0131n\u0131 hem de kendi pazar pay\u0131n\u0131 olumsuz etkiledi\u011fini belirten Demir, buna kar\u015f\u0131 \u00f6nlem al\u0131nmas\u0131 i\u00e7in yetkililerden destek istedi.<\/p>\n<p>Ayr\u0131ca Demir, A\u011fr\u0131 bal\u0131n\u0131n tan\u0131t\u0131m\u0131n\u0131n da yeteri kadar yap\u0131lmad\u0131\u011f\u0131n\u0131 kaydederek, \u201cMay\u0131s ay\u0131ndan beri yaylalarda ar\u0131c\u0131l\u0131k yap\u0131yoruz. \u015eimdi bal alma hasad\u0131m\u0131z ba\u015flad\u0131. \u00dcretti\u011fimiz bu ballar\u0131n kalitesini herkes biliyor. Bizim bu ballar ila\u00e7 niyetinedir. Ben daha \u00f6nce l\u00f6semi hastas\u0131 olan o\u011flumun tedavisi i\u00e7in ar\u0131c\u0131l\u0131k yapmaya ba\u015flad\u0131m. \u00c7ok \u015f\u00fck\u00fcr o\u011flum bu ballar ve di\u011fer ar\u0131 \u00fcr\u00fcnleri sayesinde hastal\u0131\u011f\u0131n\u0131 yendi. Ballar\u0131m\u0131z tamamen do\u011fal ortamda ve katk\u0131s\u0131z bir \u015fekilde \u00fcretiliyor. Biz \u015fimdi burada bal sa\u011f\u0131m\u0131 ger\u00e7ekle\u015ftiriyoruz. Hay\u0131rl\u0131s\u0131 ile hasattan sonra bal\u0131m\u0131z\u0131 sat\u0131\u015fa haz\u0131rlayaca\u011f\u0131z. \u00dcretti\u011fimiz ballar tamamen A\u011fr\u0131 yaylalar\u0131nda \u00fcretilen ballard\u0131r. Yaylalar\u0131m\u0131z bitki \u00f6rt\u00fcs\u00fc bak\u0131m\u0131ndan olduk\u00e7a zengindir. I\u011fd\u0131r \u00fcniversitesinin ara\u015ft\u0131rmas\u0131na g\u00f6re 1100 civar\u0131nda bitki olup, bunun 400 civar\u0131nda olan bitki t\u00fcr\u00fc endemik bitkilerdir. Bu bizim bal\u0131m\u0131z\u0131n kalitesini artt\u0131r\u0131yor&#8221; dedi.<\/p>\n<p>&#8220;Pazarlama sorunu ya\u015f\u0131yoruz&#8221;<\/p>\n<p>\u00dcrettikleri ballar kaliteli olmas\u0131na kar\u015f\u0131n pazarlama konusunda s\u0131k\u0131nt\u0131lar ya\u015fad\u0131klar\u0131n\u0131 ifade eden ar\u0131c\u0131 Abubekir Demir, &#8220;Ar\u0131c\u0131lar olarak bizim \u00fcretti\u011fimiz bal\u0131 pazarlama sorunu ya\u015f\u0131yoruz. Glikozlu ve \u015fekerli bal \u00fcreten balc\u0131lardan \u00e7ok \u015fik\u00e2yet\u00e7iyiz. Bu konuda devletin baz\u0131 d\u00fczenlemeler getirmesini istiyoruz. Devletin \u00f6nlem almas\u0131n\u0131 istiyoruz. Ama A\u011fr\u0131l\u0131 ar\u0131c\u0131lar olarak buradan Say\u0131n Valimiz S\u00fcleyman Elban\u2019a te\u015fekk\u00fcr ediyoruz. Bize katk\u0131lar\u0131 \u00e7ok oldu. Ar\u0131c\u0131lar birli\u011fimize mum yapma makinesi ald\u0131rd\u0131. Ama eksikliklerimiz yine var. Bunlar\u0131n da \u00e7\u00f6z\u00fcm\u00fc konusunda desteklerini bekliyoruz. A\u011fr\u0131 bal\u0131 ger\u00e7ekten \u00e7ok kaliteli bir bal. Bir\u00e7ok ar\u0131c\u0131 arkada\u015f\u0131m\u0131z kaliteli bal \u00fcretiyor ve bunun ekonomiye katk\u0131s\u0131 \u00e7ok. Bize deste\u011fin s\u00fcrmesini istiyoruz. Bir de bu \u0130ran\u2019dan gelen sahte ballar\u0131n \u00f6n\u00fcne ge\u00e7ilmeli. Bu ballar T\u00fcrkiye\u2019ye girdik\u00e7e biz \u00fcretti\u011fimiz bu bal\u0131 satmakta zorlan\u0131yoruz. Eme\u011fimizin kar\u015f\u0131l\u0131\u011f\u0131n\u0131 alam\u0131yoruz. E\u011fer bu sahte ballar\u0131n \u00f6n\u00fc kesilirse biz rahatlayaca\u011f\u0131z ve daha iyi pazar imk\u00e2n\u0131 bulaca\u011f\u0131z. Biz ger\u00e7ekten hakiki ve kaliteli, katk\u0131s\u0131z bal \u00fcretiyoruz\u201d ifadelerini kulland\u0131.<\/p>\n","protected":false},"excerpt":{"rendered":"<p>A\u011eRI\u2019DA MAYIS AYINDAN BU YANA GEN\u0130\u015e VE ZENG\u0130N B\u0130TK\u0130 \u00d6RT\u00dcS\u00dcNE SAH\u0130P YAYLALARDA ARICILIK YAPAN ARICILAR, BAL HASADINA BA\u015eLADI.<\/p>\n","protected":false},"author":1,"featured_media":196838,"comment_status":"closed","ping_status":"open","sticky":false,"template":"","format":"standard","meta":{"jetpack_post_was_ever_published":false,"_jetpack_newsletter_access":"","_jetpack_dont_email_post_to_subs":false,"_jetpack_newsletter_tier_id":0,"_jetpack_memberships_contains_paywalled_content":false,"_jetpack_memberships_contains_paid_content":false,"footnotes":"","jetpack_publicize_message":"","jetpack_publicize_feature_enabled":true,"jetpack_social_post_already_shared":true,"jetpack_social_options":{"image_generator_settings":{"template":"highway","default_image_id":0,"font":"","enabled":false},"version":2}},"categories":[1],"tags":[7731,2390,55,17522,4376],"class_list":["post-196837","post","type-post","status-publish","format-standard","has-post-thumbnail","hentry","category-genel","tag-agrida","tag-bal","tag-basladi","tag-hasadi","tag-zorlu"],"jetpack_publicize_connections":[],"jetpack_featured_media_url":"https:\/\/i0.wp.com\/www.tvturk.com\/wp-content\/uploads\/2019\/08\/agrida-zorlu-bal-hasadi-basladi_22549d1.jpg?fit=1000%2C664","jetpack_sharing_enabled":true,"jetpack_shortlink":"https:\/\/wp.me\/paKIfm-PcN","_links":{"self":[{"href":"http:\/\/www.tvturk.com\/index.php\/wp-json\/wp\/v2\/posts\/196837","targetHints":{"allow":["GET"]}}],"collection":[{"href":"http:\/\/www.tvturk.com\/index.php\/wp-json\/wp\/v2\/posts"}],"about":[{"href":"http:\/\/www.tvturk.com\/index.php\/wp-json\/wp\/v2\/types\/post"}],"author":[{"embeddable":true,"href":"http:\/\/www.tvturk.com\/index.php\/wp-json\/wp\/v2\/users\/1"}],"replies":[{"embeddable":true,"href":"http:\/\/www.tvturk.com\/index.php\/wp-json\/wp\/v2\/comments?post=196837"}],"version-history":[{"count":0,"href":"http:\/\/www.tvturk.com\/index.php\/wp-json\/wp\/v2\/posts\/196837\/revisions"}],"wp:featuredmedia":[{"embeddable":true,"href":"http:\/\/www.tvturk.com\/index.php\/wp-json\/wp\/v2\/media\/196838"}],"wp:attachment":[{"href":"http:\/\/www.tvturk.com\/index.php\/wp-json\/wp\/v2\/media?parent=196837"}],"wp:term":[{"taxonomy":"category","embeddable":true,"href":"http:\/\/www.tvturk.com\/index.php\/wp-json\/wp\/v2\/categories?post=196837"},{"taxonomy":"post_tag","embeddable":true,"href":"http:\/\/www.tvturk.com\/index.php\/wp-json\/wp\/v2\/tags?post=196837"}],"curies":[{"name":"wp","href":"https:\/\/api.w.org\/{rel}","templated":true}]}}