{"id":196839,"date":"2019-08-28T10:46:59","date_gmt":"2019-08-28T07:46:59","guid":{"rendered":"http:\/\/www.tvturk.com\/index.php\/ozel-7-ayda-54-bedenden-38-bedene-dustu\/"},"modified":"2019-08-28T10:46:59","modified_gmt":"2019-08-28T07:46:59","slug":"ozel-7-ayda-54-bedenden-38-bedene-dustu","status":"publish","type":"post","link":"http:\/\/www.tvturk.com\/index.php\/ozel-7-ayda-54-bedenden-38-bedene-dustu\/","title":{"rendered":"(\u00d6zel) 7 ayda 54 bedenden 38 bedene d\u00fc\u015ft\u00fc"},"content":{"rendered":"<p>Uzun s\u00fcredir ila\u00e7larla bir t\u00fcrl\u00fc kontrol alt\u0131na al\u0131namayan \u015feker hastal\u0131\u011f\u0131 nedeniyle v\u00fccudunda s\u00fcrekli enfeksiyonlar olu\u015fan, halsizlik nedeniyle y\u00fcr\u00fcyemez hale gelen ve a\u015f\u0131r\u0131 kilo sorunuyla u\u011fra\u015fan 47 ya\u015f\u0131ndaki \u0130pek Yelkenkayalar, VM Medical Park Mersin Hastanesi\u2019nde yap\u0131lan metabolik cerrahi operasyonuyla 7 ayda 34 kilo vererek 54 bedenden 38 bedene d\u00fc\u015ft\u00fc ve hayata yeniden ba\u015flad\u0131.<\/p>\n<p>Antalya\u2019da optik sat\u0131\u015f uzman\u0131 olarak \u00e7al\u0131\u015fan 47 ya\u015f\u0131ndaki \u0130pek Yelkenkayalar, tip 2 diyabet hastal\u0131\u011f\u0131 nedeniyle uzun s\u00fcredir ila\u00e7 tedavisi g\u00f6r\u00fcyordu. Kulland\u0131\u011f\u0131 ila\u00e7lar ve yapt\u0131\u011f\u0131 diyetler sonucunda iyile\u015femeyen Yelkenkayalar, bir s\u00fcre sonra hem a\u015f\u0131r\u0131 kilo sorunuyla hem de v\u00fccudunda \u00e7\u0131kan enfeksiyonlarla m\u00fccadele etmeye ba\u015flad\u0131. Hastal\u0131\u011f\u0131n\u0131n etkisiyle 104 kiloya \u00e7\u0131kan Yelkenkayalar, a\u015f\u0131r\u0131 kilolar\u0131 nedeniyle y\u00fcr\u00fcmekte de zorlanmaya ba\u015flay\u0131nca yapt\u0131\u011f\u0131 ara\u015ft\u0131rmalar sonucunda VM Medical Park Mersin Hastanesi\u2019nden Genel Cerrahi Uzman\u0131 \u00d6\u011fretim \u00dcyesi Dr. Tuna Bilecik\u2019e ula\u015ft\u0131. Dr. Bilecik taraf\u0131ndan durumu de\u011ferlendirilen ve ayr\u0131nt\u0131l\u0131 tetkiklerden ge\u00e7en hastaya metabolik cerrahi operasyonu yap\u0131lmas\u0131 kararla\u015ft\u0131r\u0131ld\u0131. Dr. Bilecik\u2019in liderli\u011finde 3 ki\u015filik ekip taraf\u0131ndan 1,5 saat s\u00fcren metabolik cerrahi operasyonuyla sa\u011fl\u0131\u011f\u0131na kavu\u015fan Yelkenkayalar, 7 ayda 70 kiloya d\u00fc\u015ferek sa\u011fl\u0131\u011f\u0131na kavu\u015ftu.<\/p>\n<p>\u201cHayata yeniden gelmi\u015f gibiyim\u201d<\/p>\n<p>Rahats\u0131zl\u0131klar\u0131 ve ge\u00e7irdi\u011fi s\u00fcre\u00e7le ilgili konu\u015fan \u0130pek Yelkenkayalar, yap\u0131lan operasyon sonucunda kendini hayata yeniden gelmi\u015f gibi sa\u011fl\u0131kl\u0131 ve zinde hissetti\u011fini s\u00f6yledi. B\u00f6yle bir ameliyatla iyile\u015febilece\u011fini 1,5 y\u0131l \u00f6nce \u00f6\u011frendi\u011fini, ancak korktu\u011fu i\u00e7in s\u00fcrekli olarak hekime ba\u015fvurmay\u0131 erteledi\u011fini vurgulayan Yelkenkayalar, Dr. Tuna Bilecik\u2019le g\u00f6r\u00fc\u015fmesi sonras\u0131nda ya\u015fad\u0131\u011f\u0131 korkular\u0131n\u0131n yersiz oldu\u011funu anlad\u0131\u011f\u0131n\u0131 belirtti. Yelkenkayalar, \u201cAmeliyat karar\u0131mda bana en \u00e7ok e\u015fim destek oldu. Ailem olumsuz haberler nedeniyle korkuyordu. Onlar\u0131 e\u015fim ikna etti. Zaten hocam\u0131z\u0131 da e\u015fim buldu. E\u015fimle birlikte aileme, \u015fekerin benim i\u00e7in \u00e7ok tehlikeli ve \u00f6l\u00fcmc\u00fcl bir sorun oldu\u011funu anlatt\u0131k, \u00e7\u00fcnk\u00fc \u015feker beni her g\u00fcn biraz daha t\u00fcketiyordu. Tuna hocam\u0131z ameliyatla ilgili t\u00fcm s\u00fcre\u00e7leri \u00f6nceden detaylar\u0131yla anlatarak bize \u00e7ok g\u00fcven verdi. Hocam\u0131z\u0131n sayesinde korkusuzca ameliyata girdim. Sa\u011fl\u0131kl\u0131 \u015fekilde taburcu oldum\u201d dedi.<\/p>\n<p>\u201c38 beden bol gelince \u015fa\u015f\u0131r\u0131yorum\u201d<\/p>\n<p>Ameliyat\u0131n\u0131n \u00fczerinden 7 ay ge\u00e7ti\u011fini belirten Yelkenkayalar, ya\u015fad\u0131\u011f\u0131 de\u011fi\u015fime kendisinin de \u015fa\u015f\u0131rd\u0131\u011f\u0131n\u0131 dile getirerek, \u201cFiziksel olarak eskiden beri hep kilolu oldu\u011fum i\u00e7in sanki hala b\u00fcy\u00fck beden giymem gerekiyormu\u015f gibi hissediyorum. \u00c7\u00fcnk\u00fc 52-54 beden giymeye al\u0131\u015ft\u0131\u011f\u0131m i\u00e7in 38 beden art\u0131k bol geliyor ve bu durum beni \u015fa\u015f\u0131rt\u0131yor. Hala v\u00fccudumun yeni halini tan\u0131maya \u00e7al\u0131\u015f\u0131yorum. Ruhsal anlamda kendimi daha mutlu hissediyorum\u201d diye konu\u015ftu.<\/p>\n<p>Ameliyat sonras\u0131 yediklerine dikkat etti\u011fini vurgulayan Yelkenkayalar, \u201cAmeliyattan sonraki s\u00fcre\u00e7te bol bol y\u00fcr\u00fcy\u00fc\u015f yapt\u0131m, bisiklete bindim. Ac\u0131 yemekleri, asitli ve so\u011fuk i\u00e7ecekleri hi\u00e7 t\u00fcketmedim. Suyu bile yudum yudum i\u00e7tim. Do\u011fal ve kaliteli beslenmeye \u00f6zen g\u00f6sterdim. Halsiz kalmayay\u0131m diye g\u0131dalar\u0131ma takviye olarak et suyu, ilik suyu ald\u0131m. Ameliyat sonras\u0131 en \u00f6nemli nokta, hekiminizin ve diyetisyeninizin s\u00f6ylediklerine harfiyen uymak. Belli bir s\u00fcre sonra her \u015feyin \u00e7ok g\u00fczel oldu\u011funu g\u00f6r\u00fcyorsunuz\u201d ifadelerini kulland\u0131.<\/p>\n<p>\u201c\u00c7ok h\u0131zl\u0131 ve sa\u011fl\u0131kl\u0131 bir \u015fekilde kilo verdi\u201d<\/p>\n<p>\u0130pek Yelkenkayalar\u2019\u0131n tedavisi konusunda bilgiler veren Genel Cerrahi Uzman\u0131 Dr. Bilecik ise hastalar\u0131n\u0131n kendilerine ilk ba\u015fvurdu\u011funda hem normalden fazla kilosu oldu\u011funu hem de kan \u015fekerinin \u00e7ok y\u00fcksek oldu\u011funu s\u00f6yledi. Hastan\u0131n ila\u00e7 kullanmas\u0131na ra\u011fmen kan \u015fekerinin bir t\u00fcrl\u00fc kontrol alt\u0131na al\u0131namamas\u0131 sebebiyle ameliyat\u0131n sa\u011fl\u0131\u011f\u0131na tamamen kavu\u015fmas\u0131 i\u00e7in tek se\u00e7enek oldu\u011funu belirten Bilecik, \u015funlar\u0131 s\u00f6yledi:<\/p>\n<p>\u201c\u0130pek Han\u0131m i\u00e7in ameliyat \u00f6ncesinde \u00e7ok detayl\u0131 tetkikler yap\u0131larak operasyon karar\u0131 verildi. Ameliyat ba\u015far\u0131l\u0131 bir \u015fekilde ger\u00e7ekle\u015ftirildi. Ameliyattan 15 g\u00fcn sonra \u015fekeri kontrol alt\u0131na al\u0131nm\u0131\u015ft\u0131. \u00c7ok h\u0131zl\u0131 ve sa\u011fl\u0131kl\u0131 bir \u015fekilde kilo verdi. Ameliyat sonras\u0131nda ilk 10 g\u00fcn \u00e7ok kritik bir s\u00fcre\u00e7, o y\u00fczden hastalar\u0131m\u0131za s\u0131v\u0131yla beslenecekleri \u00f6zel bir diyet uyguluyoruz. Bu s\u00fcre\u00e7te muhakkak g\u00fcnl\u00fck y\u00fcr\u00fcy\u00fc\u015f yapmalar\u0131n\u0131 istiyoruz. \u0130pek Han\u0131m, ameliyat \u00f6ncesinde, bu 10 g\u00fcnl\u00fck kritik s\u00fcre\u00e7te ve sonras\u0131nda t\u00fcm uyar\u0131lar\u0131m\u0131za harfiyen uydu\u201d dedi.<\/p>\n<p>Hem \u015feker hem de kilo sorunu d\u00fczeliyor<\/p>\n<p>Metabolik cerrahi ameliyat\u0131n\u0131n hem hastan\u0131n kilo sorununu d\u00fczeltmek hem kan \u015fekerini d\u00fc\u015f\u00fcrmek i\u00e7in yap\u0131lan bir i\u015flem oldu\u011funun alt\u0131n\u0131 \u00e7izen Bilecik, obezite cerrahisi ile metabolik cerrahi aras\u0131ndaki farklar\u0131 ise \u015f\u00f6yle anlatt\u0131:<\/p>\n<p>\u201cMetabolik cerrahi, sadece mide \u00fczerinde etki etmiyor. Ayn\u0131 zamanda ba\u011f\u0131rsaklar da i\u015fin i\u00e7ine giriyor. Ba\u011f\u0131rsaklar\u0131n son k\u0131sm\u0131nda baz\u0131 hormonlar salg\u0131lan\u0131yor. Bu hormonlar da pankreastan ins\u00fclin sal\u0131m\u0131n\u0131 art\u0131r\u0131yor. B\u00f6ylelikle hasta yemek yedikten sonra pankreas h\u00fccrelerini uyarm\u0131\u015f oluyor ve ins\u00fclin salg\u0131lamaya ba\u015fl\u0131yor. Dolay\u0131s\u0131yla kan \u015fekeri de d\u00fc\u015f\u00fcyor.\u201d<\/p>\n<p>Metabolik cerrahi operasyonu \u00f6ncesi yap\u0131lan tetkikler konusunda da bilgiler veren Dr. Bilecik, \u201cBu hastalarda ameliyat \u00f6ncesi yapt\u0131\u011f\u0131m\u0131z detayl\u0131 bir inceleme var. Hastan\u0131n kan tahlillerine, ge\u00e7mi\u015fe y\u00f6nelik son 3 aydaki kan \u015fekeri de\u011ferlerine ve pankreas rezervine bak\u0131yoruz. Ameliyata uygun olup olmad\u0131\u011f\u0131n\u0131 kontrol etmek i\u00e7in endoskopi yap\u0131yoruz. Bunun yan\u0131 s\u0131ra hasta, g\u00f6\u011f\u00fcs hastal\u0131klar\u0131, kardiyoloji, anestezi doktorlar\u0131n\u0131n da kontrol\u00fcnden ge\u00e7iyor. Diyetisyenimiz detayl\u0131 bir v\u00fccut analizi yap\u0131yor ve bir rapor \u00e7\u0131kar\u0131yor. Biz de t\u00fcm bu raporlara g\u00f6re, hasta ameliyata uygun mu de\u011fil mi karar veriyoruz. Ameliyata uygunluk karar\u0131 verildikten sonra ne ameliyat\u0131 yapaca\u011f\u0131m\u0131za karar veriyoruz. Hastan\u0131n \u00f6zelliklerine g\u00f6re hangi cerrahi y\u00f6ntemin uygulanaca\u011f\u0131n\u0131 belirliyoruz\u201d dedi.<\/p>\n","protected":false},"excerpt":{"rendered":"<p>UZUN S\u00dcRED\u0130R \u0130LA\u00c7LARLA B\u0130R T\u00dcRL\u00dc KONTROL ALTINA ALINAMAYAN \u015eEKER HASTALI\u011eI NEDEN\u0130YLE V\u00dcCUDUNDA S\u00dcREKL\u0130 ENFEKS\u0130YONLAR OLU\u015eAN, HALS\u0130ZL\u0130K NEDEN\u0130YLE Y\u00dcR\u00dcYEMEZ HALE GELEN VE A\u015eIRI K\u0130LO SORUNUYLA U\u011eRA\u015eAN 47 YA\u015eINDAK\u0130 \u0130PEK YELKENKAYALAR, VM MED\u0130CAL PARK MERS\u0130N HASTANES\u0130\u2019NDE YAPILAN METABOL\u0130K CERRAH\u0130 OPERASYONUYLA 7 AYDA 34 K\u0130LO VEREREK 54 BEDENDEN 38 BEDENE D\u00dc\u015eT\u00dc VE HAYATA YEN\u0130DEN BA\u015eLADI.<\/p>\n","protected":false},"author":1,"featured_media":196840,"comment_status":"closed","ping_status":"open","sticky":false,"template":"","format":"standard","meta":{"jetpack_post_was_ever_published":false,"_jetpack_newsletter_access":"","_jetpack_dont_email_post_to_subs":false,"_jetpack_newsletter_tier_id":0,"_jetpack_memberships_contains_paywalled_content":false,"_jetpack_memberships_contains_paid_content":false,"footnotes":"","jetpack_publicize_message":"","jetpack_publicize_feature_enabled":true,"jetpack_social_post_already_shared":true,"jetpack_social_options":{"image_generator_settings":{"template":"highway","default_image_id":0,"font":"","enabled":false},"version":2}},"categories":[1],"tags":[1073,1164,49445,49446,1613],"class_list":["post-196839","post","type-post","status-publish","format-standard","has-post-thumbnail","hentry","category-genel","tag-ozel","tag-ayda","tag-bedenden","tag-bedene","tag-dustu"],"jetpack_publicize_connections":[],"jetpack_featured_media_url":"https:\/\/i0.wp.com\/www.tvturk.com\/wp-content\/uploads\/2019\/08\/ozel-7-ayda-54-bedenden-38-bedene-dustu_80f42e6.jpg?fit=753%2C1000","jetpack_sharing_enabled":true,"jetpack_shortlink":"https:\/\/wp.me\/paKIfm-PcP","_links":{"self":[{"href":"http:\/\/www.tvturk.com\/index.php\/wp-json\/wp\/v2\/posts\/196839","targetHints":{"allow":["GET"]}}],"collection":[{"href":"http:\/\/www.tvturk.com\/index.php\/wp-json\/wp\/v2\/posts"}],"about":[{"href":"http:\/\/www.tvturk.com\/index.php\/wp-json\/wp\/v2\/types\/post"}],"author":[{"embeddable":true,"href":"http:\/\/www.tvturk.com\/index.php\/wp-json\/wp\/v2\/users\/1"}],"replies":[{"embeddable":true,"href":"http:\/\/www.tvturk.com\/index.php\/wp-json\/wp\/v2\/comments?post=196839"}],"version-history":[{"count":0,"href":"http:\/\/www.tvturk.com\/index.php\/wp-json\/wp\/v2\/posts\/196839\/revisions"}],"wp:featuredmedia":[{"embeddable":true,"href":"http:\/\/www.tvturk.com\/index.php\/wp-json\/wp\/v2\/media\/196840"}],"wp:attachment":[{"href":"http:\/\/www.tvturk.com\/index.php\/wp-json\/wp\/v2\/media?parent=196839"}],"wp:term":[{"taxonomy":"category","embeddable":true,"href":"http:\/\/www.tvturk.com\/index.php\/wp-json\/wp\/v2\/categories?post=196839"},{"taxonomy":"post_tag","embeddable":true,"href":"http:\/\/www.tvturk.com\/index.php\/wp-json\/wp\/v2\/tags?post=196839"}],"curies":[{"name":"wp","href":"https:\/\/api.w.org\/{rel}","templated":true}]}}