{"id":196841,"date":"2019-08-28T10:47:34","date_gmt":"2019-08-28T07:47:34","guid":{"rendered":"http:\/\/www.tvturk.com\/index.php\/100-yillik-kilimler-bu-muzede\/"},"modified":"2019-08-28T10:47:34","modified_gmt":"2019-08-28T07:47:34","slug":"100-yillik-kilimler-bu-muzede","status":"publish","type":"post","link":"http:\/\/www.tvturk.com\/index.php\/100-yillik-kilimler-bu-muzede\/","title":{"rendered":"100 y\u0131ll\u0131k kilimler bu m\u00fczede"},"content":{"rendered":"<p>T\u00fcrk k\u00fclt\u00fcr\u00fcn\u00fcn \u00f6nemli bir par\u00e7as\u0131 olan ve y\u0131llar boyunca \u00e7e\u015fitli motiflerle \u015fekillendirilen kilimler, Sivrihisar Belediyesi taraf\u0131ndan T\u00fcrkiye\u2019nin ilk kilim m\u00fczesinde sergilenecek.<\/p>\n<p>Bilinen en eski dokuma t\u00fcrlerinden biri olan kilimin, g\u00f6\u00e7ebe hayat\u0131 ya\u015fayan insanlar taraf\u0131ndan kolay ta\u015f\u0131nmas\u0131 dolay\u0131s\u0131yla \u0131s\u0131nmak, so\u011fuktan ve nemden korunmak amac\u0131yla kullan\u0131ld\u0131\u011f\u0131 biliniyor. T\u00fcrk k\u00fclt\u00fcr\u00fcn\u00fcn \u00f6nemli bir par\u00e7as\u0131 olan kilimler, milletlerin kendi ya\u015fam tarzlar\u0131n\u0131, duygu ve d\u00fc\u015f\u00fcncelerini yans\u0131tan ku\u015f, b\u00f6cek, hayvan ya da do\u011fadan esinlenen motif ve renklerle s\u00fcslendi. Bu konuya verilen \u00f6nem, zamanla kilim dokumac\u0131l\u0131\u011f\u0131n\u0131 da bir sanat dal\u0131 haline getirdi. Konuyla ilgili bir proje geli\u015ftiren Sivrihisar Belediyesi; 100 y\u0131ll\u0131k kilimleri, \u00fczerinde bulunan motifler ve hikayeleri ile birlikte T\u00fcrkiye\u2019nin ilk \u2019Kilim M\u00fczesi\u2019ne ta\u015f\u0131d\u0131. \u0130l\u00e7edeki mahallelerin tek tek gezilerek bir araya getirildi\u011fi ve her biri ayr\u0131 hikaye bar\u0131nd\u0131ran kilimler, Eski\u015fehir\u2019in Sivrihisar il\u00e7esindeki yap\u0131m\u0131 tamamlanmak \u00fczere olan m\u00fczede 20 Eyl\u00fcl\u2019den itibaren gezilebilecek.<\/p>\n<p>&#8220;Dokunan kilimlerin tek tek hikayelerini dinledik&#8221;<\/p>\n<p>Yap\u0131m\u0131nda sona gelinen m\u00fcze ile ilgili bilgilendirmelerde bulunan Sivrihisar Belediye Ba\u015fkan\u0131 Hamid Y\u00fcz\u00fcg\u00fcll\u00fc, kilimin ge\u00e7mi\u015ften gelen bir k\u00fclt\u00fcr oldu\u011funu dile getirdi. Ba\u015fkan Y\u00fcz\u00fcg\u00fcll\u00fc, &#8220;\u0130\u00e7inde bulundu\u011fumuz m\u00fczeyi, T\u00fcrkiye\u2019nin ilk ve sadece kilim \u00fczerine tek m\u00fczesi olarak haz\u0131rl\u0131klar\u0131n\u0131 yap\u0131yoruz. Allah nasip ederse \u00f6n\u00fcm\u00fczdeki g\u00fcnlerde de a\u00e7\u0131l\u0131\u015f\u0131n\u0131 yapaca\u011f\u0131z. Tabii ki kilim, T\u00fcrk halk\u0131n\u0131n ge\u00e7mi\u015ften gelen bir de\u011feridir, maddi k\u00fclt\u00fcr\u00fcd\u00fcr. Kad\u0131nlar\u0131m\u0131z\u0131n o g\u00fcnk\u00fc durumlar\u0131n\u0131, sevin\u00e7lerini, a\u015fklar\u0131n\u0131 ve ya\u015fama bi\u00e7imlerini anlatan \u015fekil ve motiflerden olu\u015fan b\u00fcy\u00fck bir hazine ve de\u011ferdir. Biz de tabii ki o d\u00f6nemdeki annelerimizin, ninelerimizin dokumu\u015f oldu\u011fu kilimleri ve bu kilimlerin \u00fczerine yans\u0131tt\u0131klar\u0131 motiflerin tek tek hikayeleri ile beraber bu m\u00fczeye ta\u015f\u0131d\u0131k. Bu m\u00fcze y\u0131llar\u0131n bir birikimi olacak. B\u00fcy\u00fck bir k\u00fclt\u00fcr hazinesi olarak a\u00e7\u0131l\u0131\u015f\u0131n\u0131 yapaca\u011f\u0131z&#8221; dedi.<\/p>\n<p>&#8220;100 y\u0131ll\u0131k kilimlerini bu m\u00fczeye ba\u011f\u0131\u015flad\u0131lar&#8221;<\/p>\n<p>Ge\u00e7mi\u015fteki de\u011ferlere sahip \u00e7\u0131k\u0131lmas\u0131 gerekti\u011fini aktaran Ba\u015fkan Y\u00fcz\u00fcg\u00fcll\u00fc, &#8220;Bizim Sivrihisar olarak 65 tane mahallemiz var. Bu mahallelerimizi tek tek gezdik. Buradaki bu motiflerin hikayelerini dinleyerek ge\u00e7mi\u015ften gelen \u00f6zveri ve de\u011ferleri bir araya getirdik. Halk\u0131m\u0131za ben bu noktada te\u015fekk\u00fcr ediyorum. Onlar ninelerinden iki ku\u015fak \u00f6teden gelen y\u0131llar\u0131n birikimi olan 100 y\u0131ll\u0131k kilimlerini bu m\u00fczeye ba\u011f\u0131\u015flad\u0131lar. Biz de bu m\u00fczeyi olu\u015fturduk. Buray\u0131 da gelen ziyaret\u00e7iler gezsin diye hikayeleri ile beraber yans\u0131t\u0131yoruz. Ge\u00e7mi\u015fteki de\u011ferlerimize sahip \u00e7\u0131kmazsak bunlar hep kaybolmaya y\u00fcz tutmu\u015f oluyor. Biz de in\u015fallah bu de\u011ferlerimize sahip \u00e7\u0131karak gelece\u011fe bu de\u011ferlerimizi ta\u015f\u0131yoruz&#8221; ifadelerini kulland\u0131.<\/p>\n<p>Ger\u00e7ekle\u015ftirdi\u011fi projeler ile il\u00e7e turizmine b\u00fcy\u00fck katk\u0131 sa\u011flayan Sivrihisar Belediye Ba\u015fkan\u0131 Hamid Y\u00fcz\u00fcg\u00fcll\u00fc\u2019n\u00fcn bu ad\u0131m\u0131 ile kilimlerin gelecek ku\u015faklara aktar\u0131lmas\u0131 hedefleniyor.<\/p>\n","protected":false},"excerpt":{"rendered":"<p>100 YILLIK K\u0130L\u0130MLER BU M\u00dcZEDE<\/p>\n","protected":false},"author":1,"featured_media":196842,"comment_status":"closed","ping_status":"open","sticky":false,"template":"","format":"standard","meta":{"jetpack_post_was_ever_published":false,"_jetpack_newsletter_access":"","_jetpack_dont_email_post_to_subs":false,"_jetpack_newsletter_tier_id":0,"_jetpack_memberships_contains_paywalled_content":false,"_jetpack_memberships_contains_paid_content":false,"footnotes":"","jetpack_publicize_message":"","jetpack_publicize_feature_enabled":true,"jetpack_social_post_already_shared":true,"jetpack_social_options":{"image_generator_settings":{"template":"highway","default_image_id":0,"font":"","enabled":false},"version":2}},"categories":[656],"tags":[2127,49447,1632,710],"class_list":["post-196841","post","type-post","status-publish","format-standard","has-post-thumbnail","hentry","category-kultur-sanat","tag-2127","tag-kilimler","tag-muzede","tag-yillik"],"jetpack_publicize_connections":[],"jetpack_featured_media_url":"https:\/\/i0.wp.com\/www.tvturk.com\/wp-content\/uploads\/2019\/08\/100-yillik-kilimler-bu-muzede_52e9102.jpg?fit=1000%2C609","jetpack_sharing_enabled":true,"jetpack_shortlink":"https:\/\/wp.me\/paKIfm-PcR","_links":{"self":[{"href":"http:\/\/www.tvturk.com\/index.php\/wp-json\/wp\/v2\/posts\/196841","targetHints":{"allow":["GET"]}}],"collection":[{"href":"http:\/\/www.tvturk.com\/index.php\/wp-json\/wp\/v2\/posts"}],"about":[{"href":"http:\/\/www.tvturk.com\/index.php\/wp-json\/wp\/v2\/types\/post"}],"author":[{"embeddable":true,"href":"http:\/\/www.tvturk.com\/index.php\/wp-json\/wp\/v2\/users\/1"}],"replies":[{"embeddable":true,"href":"http:\/\/www.tvturk.com\/index.php\/wp-json\/wp\/v2\/comments?post=196841"}],"version-history":[{"count":0,"href":"http:\/\/www.tvturk.com\/index.php\/wp-json\/wp\/v2\/posts\/196841\/revisions"}],"wp:featuredmedia":[{"embeddable":true,"href":"http:\/\/www.tvturk.com\/index.php\/wp-json\/wp\/v2\/media\/196842"}],"wp:attachment":[{"href":"http:\/\/www.tvturk.com\/index.php\/wp-json\/wp\/v2\/media?parent=196841"}],"wp:term":[{"taxonomy":"category","embeddable":true,"href":"http:\/\/www.tvturk.com\/index.php\/wp-json\/wp\/v2\/categories?post=196841"},{"taxonomy":"post_tag","embeddable":true,"href":"http:\/\/www.tvturk.com\/index.php\/wp-json\/wp\/v2\/tags?post=196841"}],"curies":[{"name":"wp","href":"https:\/\/api.w.org\/{rel}","templated":true}]}}