{"id":196847,"date":"2019-08-28T11:01:43","date_gmt":"2019-08-28T08:01:43","guid":{"rendered":"http:\/\/www.tvturk.com\/index.php\/turkiyede-sirketler-calisanlarin-egitimi-icin-yilda-ortalama-25-milyon-tl-harciyor\/"},"modified":"2019-08-28T11:01:43","modified_gmt":"2019-08-28T08:01:43","slug":"turkiyede-sirketler-calisanlarin-egitimi-icin-yilda-ortalama-25-milyon-tl-harciyor","status":"publish","type":"post","link":"http:\/\/www.tvturk.com\/index.php\/turkiyede-sirketler-calisanlarin-egitimi-icin-yilda-ortalama-25-milyon-tl-harciyor\/","title":{"rendered":"T\u00fcrkiye\u2019de \u015firketler \u00e7al\u0131\u015fanlar\u0131n e\u011fitimi i\u00e7in y\u0131lda ortalama 2,5 milyon TL harc\u0131yor"},"content":{"rendered":"<p>D\u00fcnya genelinde kurumsal e\u011fitim i\u00e7in 500 milyar dolar\u0131n \u00fczerinde harcama yap\u0131l\u0131yor. Y\u0131lda yakla\u015f\u0131k 33,5 saatini e\u011fitim alarak ge\u00e7iren \u00e7al\u0131\u015fanlar i\u00e7in ise ki\u015fi ba\u015f\u0131na ayl\u0131k 1.000 dolar e\u011fitim b\u00fct\u00e7esi ayr\u0131l\u0131yor.<\/p>\n<p>G\u00fcn\u00fcm\u00fcz i\u015f d\u00fcnyas\u0131n\u0131n en \u00f6nemli konular\u0131 aras\u0131nda kurumsal e\u011fitim ve \u00e7al\u0131\u015fan verimlili\u011fi yer al\u0131yor. \u015eirketler kurumsal e\u011fitimler sayesinde \u00e7al\u0131\u015fanlar\u0131n\u0131n, stratejik, sistematik ve kurum vizyonuna uygun bir \u015fekilde \u00e7al\u0131\u015fmas\u0131n\u0131 y\u00fcreklendirirken, huzurlu bir \u00e7al\u0131\u015fama ortam\u0131 da olu\u015fturmu\u015f oluyor.<\/p>\n<p>Binlerce \u015firket, \u00e7al\u0131\u015fanlar\u0131n\u0131n geli\u015fimine destek olmak i\u00e7in her sene yakla\u015f\u0131k 500 milyar dolar\u0131n \u00fczerinde kurumsal e\u011fitim harcamas\u0131 yap\u0131yor. \u015eirket ba\u015f\u0131na ortalama e\u011fitim b\u00fct\u00e7esi 2,5 milyon TL olan T\u00fcrkiye\u2019de ise \u015firketler, \u00e7al\u0131\u015fanlar\u0131na ki\u015fi ba\u015f\u0131 462 TL e\u011fitim b\u00fct\u00e7esi ay\u0131r\u0131yor. Yurt d\u0131\u015f\u0131nda ise bu rakam \u00e7al\u0131\u015fan ba\u015f\u0131na ortalama 1.000 dolara kadar ula\u015f\u0131yor. Her bir \u00e7al\u0131\u015fan y\u0131lda yakla\u015f\u0131k 33,5 saatini, yani 3,5 g\u00fcn\u00fcn\u00fc kurumsal e\u011fitimlere ay\u0131r\u0131yor. Yeterli kurumsal e\u011fitimin al\u0131nmamas\u0131 \u00e7al\u0131\u015fanlar\u0131 mutsuz ederken, m\u00fc\u015fteri memnuniyetinin azalmas\u0131na ve \u00f6nlenemeyecek \u00e7at\u0131\u015fmalara neden olabiliyor. London School of Economics\u2019in (LSE) 73 \u00fclkeden 1,8 milyon \u00e7al\u0131\u015fan\u0131n verilerini analiz ederek haz\u0131rlad\u0131\u011f\u0131 rapora g\u00f6re; mutlu \u00e7al\u0131\u015fanlar, daha \u00fcretken olup i\u015ften ayr\u0131lmay\u0131 d\u00fc\u015f\u00fcnmezken m\u00fc\u015fteri sadakati ve \u015firket karl\u0131l\u0131\u011f\u0131n\u0131 da art\u0131r\u0131yor. \u00c7al\u0131\u015fanlar\u0131n memnuniyeti artt\u0131k\u00e7a verimlilik y\u00fczde 26 oran\u0131 da y\u00fckselirken, \u00e7al\u0131\u015fan sirk\u00fclasyonu ise y\u00fczde 25 oran\u0131nda azal\u0131yor.<\/p>\n<p>Talep edilen i\u00e7eriklerin y\u00fczde 76\u2019s\u0131 y\u00fcz y\u00fcze e\u011fitim ve etkinliklerden olu\u015fuyor<\/p>\n<p>T\u00fcrkiye E\u011fitim ve Geli\u015fim Platformu Derne\u011fi (TEGEP) taraf\u0131ndan yay\u0131nlanan Kurumsal E\u011fitim Ara\u015ft\u0131rmas\u0131 verilerine g\u00f6re; T\u00fcrkiye\u2019deki kurumsal \u015firketlerin e\u011fitim ve geli\u015fim birimlerinde, ortalama olarak 13 ki\u015fi \u00e7al\u0131\u015f\u0131yor. E\u011fitimlerin geli\u015ftirilmesi s\u00fcre\u00e7lerine bak\u0131ld\u0131\u011f\u0131nda, e\u011fitimlerin yakla\u015f\u0131k y\u00fczde 35\u2019inin kurum i\u00e7i uzmanlar ya da e\u011fitmenler taraf\u0131ndan geli\u015ftirildi\u011fi g\u00f6r\u00fcl\u00fcyor. Dan\u0131\u015fmanl\u0131k veya e\u011fitim \u015firketleriyle kuruma \u00f6zel geli\u015ftirilen ya da sat\u0131n al\u0131nan e\u011fitimlerin oran\u0131 ise y\u00fczde 55. T\u00fcrkiye\u2019de en \u00e7ok al\u0131nan e\u011fitim \u00e7e\u015fitlerine bak\u0131ld\u0131\u011f\u0131nda \u2019liderlik ve ki\u015fisel geli\u015fim\u2019 y\u00fczde 26\u2019l\u0131k bir oranla ilk s\u0131rada yer al\u0131yor. Her ne kadar teknoloji pek \u00e7ok yenilik\u00e7i y\u00f6ntem getirse de talep edilen i\u00e7eriklerin y\u00fczde 76\u2019s\u0131 y\u00fcz y\u00fcze e\u011fitim ve etkinliklerden olu\u015fuyor.<\/p>\n<p>Kurumsal e\u011fitimler tek bir platformda bulu\u015fuyor<\/p>\n<p>Dijital d\u00f6n\u00fc\u015f\u00fcm \u00e7a\u011f\u0131nda, kurumsal \u015firketler i\u015f s\u00fcre\u00e7lerini dijitale ta\u015f\u0131yarak verimliliklerini artt\u0131rmaya \u00e7al\u0131\u015f\u0131yor. Ancak i\u015f g\u00fcc\u00fc anlam\u0131nda b\u00fcy\u00fck bir hacim kaplayan kurumsal e\u011fitim ara\u015ft\u0131rmalar\u0131 hala daha manuel y\u00f6ntemlerle yap\u0131l\u0131yor. E\u011fitimleri dijital d\u00fcnyaya entegre etmeye hedefleyen online platform KATALOQ, kurumsal \u015firketlerin \u00e7al\u0131\u015fanlar\u0131 i\u00e7in sa\u011flad\u0131\u011f\u0131 her t\u00fcrl\u00fc e\u011fitim, etkinlik, konu\u015fmac\u0131 ve mekan aray\u0131\u015flar\u0131na k\u0131sa s\u00fcrede \u00e7\u00f6z\u00fcm bulaca\u011f\u0131 kaydediliyor. Beta s\u00fcrecini ba\u015far\u0131yla tamamlayan KATALOQ, Eyl\u00fcl 2019\u2019da hizmet vermeye ba\u015flayacak.<\/p>\n","protected":false},"excerpt":{"rendered":"<p>T\u00dcRK\u0130YE\u2019DE \u015e\u0130RKETLER \u00c7ALI\u015eANLARIN E\u011e\u0130T\u0130M\u0130 \u0130\u00c7\u0130N YILDA ORTALAMA 2,5 M\u0130LYON TL HARCIYOR<\/p>\n","protected":false},"author":1,"featured_media":196848,"comment_status":"closed","ping_status":"open","sticky":false,"template":"","format":"standard","meta":{"jetpack_post_was_ever_published":false,"_jetpack_newsletter_access":"","_jetpack_dont_email_post_to_subs":false,"_jetpack_newsletter_tier_id":0,"_jetpack_memberships_contains_paywalled_content":false,"_jetpack_memberships_contains_paid_content":false,"footnotes":"","jetpack_publicize_message":"","jetpack_publicize_feature_enabled":true,"jetpack_social_post_already_shared":true,"jetpack_social_options":{"image_generator_settings":{"template":"highway","default_image_id":0,"font":"","enabled":false},"version":2}},"categories":[19],"tags":[1880,1801,17493,581,13335,44,468,18552,11626,2383,598],"class_list":["post-196847","post","type-post","status-publish","format-standard","has-post-thumbnail","hentry","category-ekonomi","tag-1880","tag-1801","tag-calisanlarin","tag-egitimi","tag-harciyor","tag-icin","tag-milyon","tag-ortalama","tag-sirketler","tag-turkiyede","tag-yilda"],"jetpack_publicize_connections":[],"jetpack_featured_media_url":"https:\/\/i0.wp.com\/www.tvturk.com\/wp-content\/uploads\/2019\/08\/turkiyede-sirketler-calisanlarin-egitimi-icin-yilda-ortalama-25-milyon-tl-harciyor_64d04c9.jpg?fit=750%2C500","jetpack_sharing_enabled":true,"jetpack_shortlink":"https:\/\/wp.me\/paKIfm-PcX","_links":{"self":[{"href":"http:\/\/www.tvturk.com\/index.php\/wp-json\/wp\/v2\/posts\/196847","targetHints":{"allow":["GET"]}}],"collection":[{"href":"http:\/\/www.tvturk.com\/index.php\/wp-json\/wp\/v2\/posts"}],"about":[{"href":"http:\/\/www.tvturk.com\/index.php\/wp-json\/wp\/v2\/types\/post"}],"author":[{"embeddable":true,"href":"http:\/\/www.tvturk.com\/index.php\/wp-json\/wp\/v2\/users\/1"}],"replies":[{"embeddable":true,"href":"http:\/\/www.tvturk.com\/index.php\/wp-json\/wp\/v2\/comments?post=196847"}],"version-history":[{"count":0,"href":"http:\/\/www.tvturk.com\/index.php\/wp-json\/wp\/v2\/posts\/196847\/revisions"}],"wp:featuredmedia":[{"embeddable":true,"href":"http:\/\/www.tvturk.com\/index.php\/wp-json\/wp\/v2\/media\/196848"}],"wp:attachment":[{"href":"http:\/\/www.tvturk.com\/index.php\/wp-json\/wp\/v2\/media?parent=196847"}],"wp:term":[{"taxonomy":"category","embeddable":true,"href":"http:\/\/www.tvturk.com\/index.php\/wp-json\/wp\/v2\/categories?post=196847"},{"taxonomy":"post_tag","embeddable":true,"href":"http:\/\/www.tvturk.com\/index.php\/wp-json\/wp\/v2\/tags?post=196847"}],"curies":[{"name":"wp","href":"https:\/\/api.w.org\/{rel}","templated":true}]}}