{"id":196857,"date":"2019-08-28T11:02:48","date_gmt":"2019-08-28T08:02:48","guid":{"rendered":"http:\/\/www.tvturk.com\/index.php\/guney-koreli-turizm-bloggerlari-eskisehirde\/"},"modified":"2019-08-28T11:02:48","modified_gmt":"2019-08-28T08:02:48","slug":"guney-koreli-turizm-bloggerlari-eskisehirde","status":"publish","type":"post","link":"http:\/\/www.tvturk.com\/index.php\/guney-koreli-turizm-bloggerlari-eskisehirde\/","title":{"rendered":"G\u00fcney Koreli turizm bloggerlar\u0131 Eski\u015fehir\u2019de"},"content":{"rendered":"<p>Eski\u015fehir\u2019in Seyitgazi il\u00e7esine gelen G\u00fcney Koreli turizm bloggerlar\u0131, il\u00e7enin k\u00fclt\u00fcrel ve turistik de\u011ferlerini ziyaret ettiler. Gezdikleri yerleri merak i\u00e7erisinde inceleyen G\u00fcney Koreli bloggerlar, foto\u011fraf makineleri ile de bol bol foto\u011fraf \u00e7ektiler.<\/p>\n<p>Eski\u015fehir Valili\u011fi AB ve D\u0131\u015f \u0130li\u015fkiler B\u00fcrosu\u2019nun daveti kapsam\u0131nda Eski\u015fehir\u2019e gelen 9 G\u00fcney Koreli turizm blogger\u0131 i\u00e7in, valilik ve Bursa Eski\u015fehir Bilecik Kalk\u0131nma Ajans\u0131 (BEBKA) i\u015fbirli\u011finde \u00e7e\u015fitli geziler d\u00fczenlendi. Program kapsam\u0131nda Seyitgazi\u2019yi ziyaret eden bloggerlar s\u0131ras\u0131yla; S\u00fccaaddin Veli T\u00fcrbesi\u2019ni, Seyit Battal Gazi T\u00fcrbesi\u2019ni ve Frig Vadisi\u2019ni gezdiler. Dinlenme aralar\u0131nda ayran ve g\u00f6zlemenin de tad\u0131na bakan turizm blogger\u0131, gezdikleri yerleri objektiflerine yans\u0131tt\u0131lar.<\/p>\n<p>Konuyla ilgili a\u00e7\u0131klamalarda bulunan Seyitgazi Kaymakam\u0131 Murat Demirbilek, yabanc\u0131 turistlere ula\u015fmak istediklerini s\u00f6yledi. Kaymakam Demirbilek, &#8220;Eski\u015fehir Valili\u011fi ve BEBKA taraf\u0131ndan organize edilen G\u00fcney Koreli 9 turizm bloggerini il\u00e7emizde a\u011f\u0131rlad\u0131k. Onlara Secaattin Veli ve Seyit Battal Gazi T\u00fcrbelerimizi gezdirdik. El dokumalar\u0131n\u0131 uygulamalar\u0131yla g\u00f6sterdik. \u0130l\u00e7emizin tan\u0131t\u0131m\u0131 i\u00e7i b\u00f6yle organizasyonlar\u0131 yapmaya devam edece\u011fiz. Seyitgazi il\u00e7emiz tarihi, do\u011fal ve k\u00fclt\u00fcrel anlamda \u00e7ok zengin bir yer. Bu potansiyeli ortaya \u00e7\u0131karmam\u0131z i\u00e7in yabanc\u0131 turistlere ula\u015fmam\u0131z gerekiyor. Bunun i\u00e7in projeler geli\u015ftiriyoruz, turizm \u00e7e\u015fitlendirmeleri yapaca\u011f\u0131z. Hem \u00fclkemize hem de il\u00e7emize katma de\u011fer sa\u011flamay\u0131 ama\u00e7l\u0131yoruz&#8221; diye konu\u015ftu.<\/p>\n<p>G\u00fcney Koreli turizm bloggerlar\u0131ndan Jeong Min Jun, &#8220;T\u00fcrkiye\u2019ye ilk defa geldim. Geldi\u011fimden buyana T\u00fcrkiye\u2019nin \u00e7ok yeni olmas\u0131 dikkatimi \u00e7ekti. Avrupa\u2019daki mimariye benziyor. Eski\u015fehir \u00fczerine konu\u015facak olursak, gayet d\u00fczenli bir \u015fehir&#8221; dedi.<\/p>\n<p>&#8220;Gayet olumlu izlenimler edindim&#8221;<\/p>\n<p>G\u00fcney Koreli turizm blogger\u0131 Park Sun Ah ise olumlu izlenimler edindi\u011fini belirterek \u015funlar\u0131 s\u00f6yledi;<\/p>\n<p>&#8220;Eski\u015fehir\u2019e ilk defa geliyorum. Buras\u0131 ile ilgili ilk izlenimim \u00e7ok olumlu oldu. \u015eehir bana parlak bir \u015fehir olarak g\u00f6r\u00fcnd\u00fc. \u00c7evremizde bizimle ileti\u015fimde olan insanlar\u0131n g\u00fcler y\u00fcz\u00fcn\u00fc g\u00f6rmek bize verdikleri de\u011ferin bir emaresi. O y\u00fczden gayet olumlu izlenimler edindim.&#8221;<\/p>\n","protected":false},"excerpt":{"rendered":"<p>ESK\u0130\u015eEH\u0130R\u2019\u0130N SEY\u0130TGAZ\u0130 \u0130L\u00c7ES\u0130NE GELEN G\u00dcNEY KOREL\u0130 TUR\u0130ZM BLOGGERLARI, \u0130L\u00c7EN\u0130N K\u00dcLT\u00dcREL VE TUR\u0130ST\u0130K DE\u011eERLER\u0130N\u0130 Z\u0130YARET ETT\u0130LER<\/p>\n","protected":false},"author":1,"featured_media":196858,"comment_status":"closed","ping_status":"open","sticky":false,"template":"","format":"standard","meta":{"jetpack_post_was_ever_published":false,"_jetpack_newsletter_access":"","_jetpack_dont_email_post_to_subs":false,"_jetpack_newsletter_tier_id":0,"_jetpack_memberships_contains_paywalled_content":false,"_jetpack_memberships_contains_paid_content":false,"footnotes":"","jetpack_publicize_message":"","jetpack_publicize_feature_enabled":true,"jetpack_social_post_already_shared":true,"jetpack_social_options":{"image_generator_settings":{"template":"highway","default_image_id":0,"font":"","enabled":false},"version":2}},"categories":[656],"tags":[49451,5963,9258,24433,2184],"class_list":["post-196857","post","type-post","status-publish","format-standard","has-post-thumbnail","hentry","category-kultur-sanat","tag-bloggerlari","tag-eskisehirde","tag-guney","tag-koreli","tag-turizm"],"jetpack_publicize_connections":[],"jetpack_featured_media_url":"https:\/\/i0.wp.com\/www.tvturk.com\/wp-content\/uploads\/2019\/08\/guney-koreli-turizm-bloggerlari-eskisehirde_3a3fe3b.jpg?fit=1000%2C866","jetpack_sharing_enabled":true,"jetpack_shortlink":"https:\/\/wp.me\/paKIfm-Pd7","_links":{"self":[{"href":"http:\/\/www.tvturk.com\/index.php\/wp-json\/wp\/v2\/posts\/196857","targetHints":{"allow":["GET"]}}],"collection":[{"href":"http:\/\/www.tvturk.com\/index.php\/wp-json\/wp\/v2\/posts"}],"about":[{"href":"http:\/\/www.tvturk.com\/index.php\/wp-json\/wp\/v2\/types\/post"}],"author":[{"embeddable":true,"href":"http:\/\/www.tvturk.com\/index.php\/wp-json\/wp\/v2\/users\/1"}],"replies":[{"embeddable":true,"href":"http:\/\/www.tvturk.com\/index.php\/wp-json\/wp\/v2\/comments?post=196857"}],"version-history":[{"count":0,"href":"http:\/\/www.tvturk.com\/index.php\/wp-json\/wp\/v2\/posts\/196857\/revisions"}],"wp:featuredmedia":[{"embeddable":true,"href":"http:\/\/www.tvturk.com\/index.php\/wp-json\/wp\/v2\/media\/196858"}],"wp:attachment":[{"href":"http:\/\/www.tvturk.com\/index.php\/wp-json\/wp\/v2\/media?parent=196857"}],"wp:term":[{"taxonomy":"category","embeddable":true,"href":"http:\/\/www.tvturk.com\/index.php\/wp-json\/wp\/v2\/categories?post=196857"},{"taxonomy":"post_tag","embeddable":true,"href":"http:\/\/www.tvturk.com\/index.php\/wp-json\/wp\/v2\/tags?post=196857"}],"curies":[{"name":"wp","href":"https:\/\/api.w.org\/{rel}","templated":true}]}}