{"id":196859,"date":"2019-08-28T11:16:06","date_gmt":"2019-08-28T08:16:06","guid":{"rendered":"http:\/\/www.tvturk.com\/index.php\/ucaklari-dusman-kabul-etti-ingiltereden-abdye-gitmek-icin-okyanusu-tercih-etti\/"},"modified":"2019-08-28T11:16:06","modified_gmt":"2019-08-28T08:16:06","slug":"ucaklari-dusman-kabul-etti-ingiltereden-abdye-gitmek-icin-okyanusu-tercih-etti","status":"publish","type":"post","link":"http:\/\/www.tvturk.com\/index.php\/ucaklari-dusman-kabul-etti-ingiltereden-abdye-gitmek-icin-okyanusu-tercih-etti\/","title":{"rendered":"U\u00e7aklar\u0131 d\u00fc\u015fman kabul etti, \u0130ngiltere\u2019den ABD\u2019ye gitmek i\u00e7in okyanusu tercih etti"},"content":{"rendered":"<p>Eyl\u00fcl ay\u0131ndaki Birle\u015fmi\u015f Milletler \u0130klim Zirvesi\u2019nde konu\u015facak 16 ya\u015f\u0131ndaki \u0130sve\u00e7li \u00e7evre aktivisti Greta Thunberg, Atlantik Okyanusundaki 2 haftal\u0131k \u00e7evre dostu yolculu\u011fun sonunda bug\u00fcn ABD\u2019nin New York kentine ula\u015f\u0131yor.<\/p>\n<p>U\u00e7aklar\u0131 \u00e7evre d\u00fc\u015fman\u0131 olarak tan\u0131mlayarak binmeyi reddeden \u0130sve\u00e7li \u00e7evre aktivisti Greta Thunberg\u2019in, 14 A\u011fustos\u2019ta \u0130ngiltere\u2019nin Plymouth Liman\u0131\u2019ndan ba\u015flad\u0131\u011f\u0131 yolculu\u011fun sonunda bug\u00fcn ABD\u2019nin New York kentine varmas\u0131 bekleniyor. Birle\u015fmi\u015f Milletler (BM) \u0130klim Zirvesi\u2019nde konu\u015fmac\u0131 olarak kat\u0131lacak olan 16 ya\u015f\u0131ndaki aktivistin, Atlantik Okyanusundaki zorlu yolculu\u011funun d\u00fcn tamamlanmas\u0131 bekleniyordu. Fakat Thunberg, sosyal medya hesab\u0131 \u00fczerinden d\u00fcn yapt\u0131\u011f\u0131 bir payla\u015f\u0131mla ufak bir gecikme ya\u015fayacaklar\u0131n\u0131 duyurdu.<\/p>\n<p>Gen\u00e7 aktivistin Maliza II isimli du\u015fsuz ve tuvaletsiz yatla devam etti\u011fi yolculukla ilgili yapt\u0131\u011f\u0131 payla\u015f\u0131mda \u201c13\u2019\u00fcnc\u00fc g\u00fcn. Nova Scotia\u2019n\u0131n g\u00fcneyinde zorlu deniz. Fakat New York\u2019a var\u0131\u015f\u0131m\u0131z planlanandan biraz daha yava\u015f olacak ve hava durumundaki g\u00fcncelleme \u00c7ar\u015famba g\u00fcn\u00fc varmam\u0131z\u0131 \u00f6ng\u00f6r\u00fcyor. K\u0131y\u0131ya yakla\u015ft\u0131k\u00e7a g\u00fcncellemeler gelecek\u201d ifadeleriyle New York\u2019a var\u0131\u015flar\u0131nda ya\u015fanacak gecikmeyi duyurdu.<\/p>\n<p>Tekne, profesyonel bir yar\u0131\u015f kaptan\u0131 Boris Herrmann ve Malizia ekibinin kurucusu Pierre Casiraghi taraf\u0131ndan kontrol ediliyor. Tekne ekibinden bir ki\u015fi, \u201cR\u00fczgara ba\u011fl\u0131 olarak de\u011fi\u015fecek olsa da tahmini var\u0131\u015f zaman\u0131, \u00c7ar\u015famba veya Per\u015fembe g\u00fcn\u00fc\u201d a\u00e7\u0131klamas\u0131nda bulundu. Thunberg\u2019in ekibinde yap\u0131lan a\u00e7\u0131klamaya g\u00f6re gen\u00e7 aktivist, 23 Eyl\u00fcl\u2019de konu\u015fmac\u0131 olarak kat\u0131laca\u011f\u0131 BM \u0130klim Zirvesi\u2019ne kat\u0131lmak i\u00e7in karbon ayak izi s\u0131f\u0131r olan tekneyle yolculuk ederek seyahatinin \u00e7evreye etkilerini azaltmay\u0131 hedefliyor. U\u00e7aklar\u0131n a\u015f\u0131r\u0131 karbon sal\u0131n\u0131m\u0131 yapt\u0131\u011f\u0131 ve \u00e7evre a\u00e7\u0131s\u0131ndan bir felaket oldu\u011funu \u00f6ne s\u00fcren gen\u00e7 aktivist, u\u00e7a\u011fa binmeyi reddediyor.<\/p>\n<p>Yakla\u015f\u0131k 2 y\u0131ld\u0131r her hafta d\u00fczenledi\u011fi protestolarla 16 ya\u015f\u0131ndaki Thunberg, d\u00fcnya \u00e7ap\u0131nda 100\u2019den fazla \u015fehirde \u00e7evreci \u00f6\u011frenciler \u00f6nderli\u011finde geli\u015fen bir hareketinin sembol\u00fc haline geldi.  Thunberg\u2019in kat\u0131laca\u011f\u0131 zirve \u00f6ncesinde BM Genel Sekreteri Antonio Guterres, d\u00fcnya liderlerini \u00f6n\u00fcm\u00fczdeki zirvede sera gaz\u0131 emisyonlar\u0131n\u0131 azaltmaya y\u00f6nelik somut planlar sunmaya \u00e7a\u011f\u0131rd\u0131.<\/p>\n","protected":false},"excerpt":{"rendered":"<p>EYL\u00dcL AYINDAK\u0130 B\u0130RLE\u015eM\u0130\u015e M\u0130LLETLER \u0130KL\u0130M Z\u0130RVES\u0130&#8217;NDE KONU\u015eACAK 16 YA\u015eINDAK\u0130 \u0130SVE\u00c7L\u0130 \u00c7EVRE AKT\u0130V\u0130ST\u0130 GRETA THUNBERG, ATLANT\u0130K OKYANUSUNDAK\u0130 2 HAFTALIK \u00c7EVRE DOSTU YOLCULU\u011eUN SONUNDA BUG\u00dcN ABD\u2019N\u0130N NEW YORK KENT\u0130NE ULA\u015eIYOR.<\/p>\n","protected":false},"author":1,"featured_media":196860,"comment_status":"closed","ping_status":"open","sticky":false,"template":"","format":"standard","meta":{"jetpack_post_was_ever_published":false,"_jetpack_newsletter_access":"","_jetpack_dont_email_post_to_subs":false,"_jetpack_newsletter_tier_id":0,"_jetpack_memberships_contains_paywalled_content":false,"_jetpack_memberships_contains_paid_content":false,"footnotes":"","jetpack_publicize_message":"","jetpack_publicize_feature_enabled":true,"jetpack_social_post_already_shared":true,"jetpack_social_options":{"image_generator_settings":{"template":"highway","default_image_id":0,"font":"","enabled":false},"version":2}},"categories":[10],"tags":[18553,12010,207,7375,44,30491,654,49452,4504,18887],"class_list":["post-196859","post","type-post","status-publish","format-standard","has-post-thumbnail","hentry","category-dunya","tag-abdye","tag-dusman","tag-etti","tag-gitmek","tag-icin","tag-ingiltereden","tag-kabul","tag-okyanusu","tag-tercih","tag-ucaklari"],"jetpack_publicize_connections":[],"jetpack_featured_media_url":"https:\/\/i0.wp.com\/www.tvturk.com\/wp-content\/uploads\/2019\/08\/ucaklari-dusman-kabul-etti-ingiltereden-abdye-gitmek-icin-okyanusu-tercih-etti_050c92a.jpg?fit=1000%2C749","jetpack_sharing_enabled":true,"jetpack_shortlink":"https:\/\/wp.me\/paKIfm-Pd9","_links":{"self":[{"href":"http:\/\/www.tvturk.com\/index.php\/wp-json\/wp\/v2\/posts\/196859","targetHints":{"allow":["GET"]}}],"collection":[{"href":"http:\/\/www.tvturk.com\/index.php\/wp-json\/wp\/v2\/posts"}],"about":[{"href":"http:\/\/www.tvturk.com\/index.php\/wp-json\/wp\/v2\/types\/post"}],"author":[{"embeddable":true,"href":"http:\/\/www.tvturk.com\/index.php\/wp-json\/wp\/v2\/users\/1"}],"replies":[{"embeddable":true,"href":"http:\/\/www.tvturk.com\/index.php\/wp-json\/wp\/v2\/comments?post=196859"}],"version-history":[{"count":0,"href":"http:\/\/www.tvturk.com\/index.php\/wp-json\/wp\/v2\/posts\/196859\/revisions"}],"wp:featuredmedia":[{"embeddable":true,"href":"http:\/\/www.tvturk.com\/index.php\/wp-json\/wp\/v2\/media\/196860"}],"wp:attachment":[{"href":"http:\/\/www.tvturk.com\/index.php\/wp-json\/wp\/v2\/media?parent=196859"}],"wp:term":[{"taxonomy":"category","embeddable":true,"href":"http:\/\/www.tvturk.com\/index.php\/wp-json\/wp\/v2\/categories?post=196859"},{"taxonomy":"post_tag","embeddable":true,"href":"http:\/\/www.tvturk.com\/index.php\/wp-json\/wp\/v2\/tags?post=196859"}],"curies":[{"name":"wp","href":"https:\/\/api.w.org\/{rel}","templated":true}]}}