{"id":196867,"date":"2019-08-28T11:17:26","date_gmt":"2019-08-28T08:17:26","guid":{"rendered":"http:\/\/www.tvturk.com\/index.php\/afyonkarahisarda-gorsel-solen\/"},"modified":"2019-08-28T11:17:26","modified_gmt":"2019-08-28T08:17:26","slug":"afyonkarahisarda-gorsel-solen","status":"publish","type":"post","link":"http:\/\/www.tvturk.com\/index.php\/afyonkarahisarda-gorsel-solen\/","title":{"rendered":"Afyonkarahisar\u2019da g\u00f6rsel \u015f\u00f6len"},"content":{"rendered":"<p>Afyonkarahisar Belediyesi taraf\u0131ndan bu y\u0131l 18.\u2019si d\u00fczenlenen Uluslararas\u0131 Halk Oyunlar\u0131 Festivali\u2019nde co\u015fku doru\u011fa ula\u015ft\u0131. \u00c7e\u015fitli \u00fclkelerden gelen halk oyunlar\u0131 ekipleri Afyonkarahisarl\u0131lara g\u00f6rsel \u015f\u00f6len sunmaya devam ediyor.<\/p>\n<p>Aralar\u0131nda Afyonkarahisar Belediyesi, Bulgaristan, Romanya, K\u0131rg\u0131zistan, T\u00dcFEM Halk Oyunlar\u0131 Derne\u011fi, Macaristan, S\u0131rbistan, Kuzey  K\u0131br\u0131s T\u00fcrk Cumhuriyeti, Makedonya, Bosna Hersek ve Giresun Halk Oyunlar\u0131 ekipleri bu kez de Zafer Meydan\u0131\u2019nda sahne ald\u0131. K\u00fclt\u00fcrlerin kayna\u015ft\u0131\u011f\u0131 gecede, s\u0131rayla g\u00f6sterilerini sergileyen ekipler tam not alt\u0131.<\/p>\n<p>Belediye Ba\u015fkan\u0131 Mehmet Zeybek, \u0130l K\u00fclt\u00fcr ve Turzim M\u00fcd\u00fcr\u00fc Mehmet Tan\u0131r, Cumhurba\u015fkanl\u0131\u011f\u0131 \u0130leti\u015fim Ba\u015fkanl\u0131\u011f\u0131 Afyonkarahisar \u0130l M\u00fcd\u00fcr\u00fc \u015eerife M\u00fcnire Burcu, Belediye Meclis \u00dcyesi \u0130rfan \u00d6zsand\u0131k, mahalle muhtarlar\u0131 ve \u00e7ok say\u0131da vatanda\u015f\u0131m\u0131z kat\u0131ld\u0131.Festivalde ekipler kendi \u00fclkelerinin ve y\u00f6relerinin oyunlar\u0131n\u0131 sahneledi. Festivali ilgiyle izleyen Afyonkarahisarl\u0131lar, muhte\u015fem bir g\u00f6rsel \u015f\u00f6len ya\u015fad\u0131. Uluslararas\u0131 Zafer Festivali, Zafer Meydan\u0131\u2019nda d\u00fczenlenen havai fi\u015fek g\u00f6sterileriyle sona ererken dakikalarca s\u00fcren g\u00f6sterisi s\u0131ras\u0131nda festival alan\u0131n\u0131 dolduran vatanda\u015flar, alk\u0131\u015flar\u0131 ile co\u015fkuya ortak oldu.<\/p>\n","protected":false},"excerpt":{"rendered":"<p>AFYONKARAH\u0130SAR BELED\u0130YES\u0130 TARAFINDAN BU YIL 18.\u2019S\u0130 D\u00dcZENLENEN ULUSLARARASI HALK OYUNLARI FEST\u0130VAL\u0130&#8217;NDE CO\u015eKU DORU\u011eA ULA\u015eTI. \u00c7E\u015e\u0130TL\u0130 \u00dcLKELERDEN GELEN HALK OYUNLARI EK\u0130PLER\u0130 AFYONKARAH\u0130SARLILARA G\u00d6RSEL \u015e\u00d6LEN SUNMAYA DEVAM ED\u0130YOR.<\/p>\n","protected":false},"author":1,"featured_media":196868,"comment_status":"closed","ping_status":"open","sticky":false,"template":"","format":"standard","meta":{"jetpack_post_was_ever_published":false,"_jetpack_newsletter_access":"","_jetpack_dont_email_post_to_subs":false,"_jetpack_newsletter_tier_id":0,"_jetpack_memberships_contains_paywalled_content":false,"_jetpack_memberships_contains_paid_content":false,"footnotes":"","jetpack_publicize_message":"","jetpack_publicize_feature_enabled":true,"jetpack_social_post_already_shared":true,"jetpack_social_options":{"image_generator_settings":{"template":"highway","default_image_id":0,"font":"","enabled":false},"version":2}},"categories":[656],"tags":[894,3045,3046],"class_list":["post-196867","post","type-post","status-publish","format-standard","has-post-thumbnail","hentry","category-kultur-sanat","tag-afyonkarahisarda","tag-gorsel","tag-solen"],"jetpack_publicize_connections":[],"jetpack_featured_media_url":"https:\/\/i0.wp.com\/www.tvturk.com\/wp-content\/uploads\/2019\/08\/afyonkarahisarda-gorsel-solen_02fc328.jpg?fit=1000%2C750","jetpack_sharing_enabled":true,"jetpack_shortlink":"https:\/\/wp.me\/paKIfm-Pdh","_links":{"self":[{"href":"http:\/\/www.tvturk.com\/index.php\/wp-json\/wp\/v2\/posts\/196867","targetHints":{"allow":["GET"]}}],"collection":[{"href":"http:\/\/www.tvturk.com\/index.php\/wp-json\/wp\/v2\/posts"}],"about":[{"href":"http:\/\/www.tvturk.com\/index.php\/wp-json\/wp\/v2\/types\/post"}],"author":[{"embeddable":true,"href":"http:\/\/www.tvturk.com\/index.php\/wp-json\/wp\/v2\/users\/1"}],"replies":[{"embeddable":true,"href":"http:\/\/www.tvturk.com\/index.php\/wp-json\/wp\/v2\/comments?post=196867"}],"version-history":[{"count":0,"href":"http:\/\/www.tvturk.com\/index.php\/wp-json\/wp\/v2\/posts\/196867\/revisions"}],"wp:featuredmedia":[{"embeddable":true,"href":"http:\/\/www.tvturk.com\/index.php\/wp-json\/wp\/v2\/media\/196868"}],"wp:attachment":[{"href":"http:\/\/www.tvturk.com\/index.php\/wp-json\/wp\/v2\/media?parent=196867"}],"wp:term":[{"taxonomy":"category","embeddable":true,"href":"http:\/\/www.tvturk.com\/index.php\/wp-json\/wp\/v2\/categories?post=196867"},{"taxonomy":"post_tag","embeddable":true,"href":"http:\/\/www.tvturk.com\/index.php\/wp-json\/wp\/v2\/tags?post=196867"}],"curies":[{"name":"wp","href":"https:\/\/api.w.org\/{rel}","templated":true}]}}