{"id":196871,"date":"2019-08-28T11:31:37","date_gmt":"2019-08-28T08:31:37","guid":{"rendered":"http:\/\/www.tvturk.com\/index.php\/samsunda-kenevir-hasadi-basladi\/"},"modified":"2019-08-28T11:31:37","modified_gmt":"2019-08-28T08:31:37","slug":"samsunda-kenevir-hasadi-basladi","status":"publish","type":"post","link":"http:\/\/www.tvturk.com\/index.php\/samsunda-kenevir-hasadi-basladi\/","title":{"rendered":"Samsun\u2019da kenevir hasad\u0131 ba\u015flad\u0131"},"content":{"rendered":"<p>T\u00fcrkiye\u2019nin kenevir \u00fcretim merkezi olarak belirlenen Samsun\u2019un Vezirk\u00f6pr\u00fc il\u00e7esinde kenevir hasad\u0131 ba\u015flad\u0131.<\/p>\n<p>T\u00fcrkiye\u2019de ruhsatl\u0131 ekim yap\u0131lan yerlerden birisi olan Samsun\u2019un Vezirk\u00f6pr\u00fc il\u00e7esi Narl\u0131saray Mahallesi\u2019nde Mart ay\u0131nda ekilen kenevirlerin hasat zaman\u0131 geldi. Narl\u0131saray Mahallesi\u2019nde 300 d\u00f6n\u00fcm araziye ekilen kenevirlerden 420 ton lif ve kelek elde edilmesi bekleniyor. Hasad\u0131na ba\u015flan\u0131lan kenevir, ila\u00e7 sekt\u00f6r\u00fcnden ula\u015f\u0131m sekt\u00f6r\u00fcne kadar bir\u00e7ok farkl\u0131 alanda kullan\u0131labiliyor.<\/p>\n<p>Kenevir \u00fcretiminin ekonomik a\u00e7\u0131dan \u00e7ok \u00f6nemli bir yere sahip oldu\u011funu belirten Narl\u0131saray Mahallesi Toprak ve Su Kooperatifi Ba\u015fkan\u0131 Abdullah \u00d6zy\u00fcrek, &#8220;Vezirk\u00f6pr\u00fc il\u00e7esinde kenevir \u00fcretimine ba\u015flad\u0131k. Devleti ve vatanda\u015flar\u0131 ekonomik anlamda kalk\u0131nd\u0131raca\u011f\u0131n\u0131 d\u00fc\u015f\u00fcn\u00fcyoruz. Bu i\u015flerde makinele\u015fme s\u00fcrecine gitmek istiyoruz. Gen\u00e7lerin \u015fu anda ilgisi \u00e7ok az durumda. 40 ya\u015f\u0131ndan sonra bir ki\u015fi bu i\u015fi yapamaz. \u00c7\u00fcnk\u00fc insan g\u00fcc\u00fc ile s\u00f6k\u00fcl\u00fcyor. Devlet bu hasat s\u00fcrecini makinele\u015fmeye d\u00f6n\u00fc\u015ft\u00fcr\u00fcrse hem devletin ekonomisi hem de halk\u0131n ekonomisi daha iyi seviyeye gelebilir. Gen\u00e7ler daha fazla ilgi g\u00f6sterir, i\u015fsizlik konusunda gen\u00e7lere bir i\u015f imkan\u0131 ortaya \u00e7\u0131kar. Kenevir su sisteminde \u0131slan\u0131yor ve \u0131sland\u0131ktan sonra \u00fcst\u00fcne 100 ton ta\u015f at\u0131yorsun. Biraz bekledikten sonra bir 100 ton daha at\u0131yorsun. Daha sonra 200 ton olan ta\u015f\u0131 kenevirin \u00fcst\u00fcnden almak gerekiyor. Bu a\u015famada kimse bu t\u00fcr a\u011f\u0131r i\u015fleri yapacak g\u00fcc\u00fc kalm\u0131yor. Devletten makinele\u015fme konusunda yard\u0131m istiyoruz&#8221; dedi.<\/p>\n<p>&#8220;Atalar\u0131m\u0131z keneviri ekerek bundan ge\u00e7imini sa\u011flam\u0131\u015f&#8221;<\/p>\n<p>Kenevir \u00fcretiminde ilerlemek istedikleri ifade eden \u00d6zy\u00fcrek, &#8220;Kenevir ge\u00e7mi\u015ften g\u00fcn\u00fcm\u00fcze kadar Anadolu\u2019da ge\u00e7im kayna\u011f\u0131 olmu\u015f. Ruhsatl\u0131 hale geldikten sonra daha da ilerlemek ve kendimizi geli\u015ftirmek istiyoruz. Narl\u0131saray Mahallesi\u2019nin topraklar\u0131 verimli, iklimi \u0131l\u0131mand\u0131r. Bereketli topraklar\u0131 devletin yard\u0131m\u0131yla de\u011ferlendirmek istiyoruz&#8221; diye konu\u015ftu.<\/p>\n<p>&#8220;\u00c7ocuklu\u011fumdan beri kenevir ekiyorum&#8221;<\/p>\n<p>Hi\u00e7 arama vermeden kenevir ekti\u011fini s\u00f6yleyen Narl\u0131saray Mahallesi sakinlerinden \u0130brahim I\u015f\u0131ldak, &#8220;Eskiden az ekerdik. Cumhurba\u015fkan\u0131m\u0131z\u0131n vermi\u015f oldu\u011fu talimat ile tohum \u00fcretimi konusunda h\u0131zland\u0131k. \u015eu an kendim 10 d\u00f6n\u00fcm arazimden 40 ton lif ve kelek elde ettim. Daha da \u00e7ok verim almak i\u00e7in makine g\u00fcc\u00fcne gerek var&#8221; \u015feklinde konu\u015ftu.<\/p>\n<p>\u00c7ift\u00e7iler, bu sene 300 d\u00f6n\u00fcmde yap\u0131lan kenevir hasad\u0131n\u0131 seneye bin d\u00f6n\u00fcme \u00e7\u0131karmaya hedefliyor.<\/p>\n","protected":false},"excerpt":{"rendered":"<p>T\u00dcRK\u0130YE\u2019DE RUHSATLI EK\u0130M YAPILAN YERLERDEN B\u0130R\u0130S\u0130 OLAN SAMSUN\u2019UN VEZ\u0130RK\u00d6PR\u00dc \u0130L\u00c7ES\u0130 NARLISARAY MAHALLES\u0130\u2019NDE MART AYINDA EK\u0130LEN KENEV\u0130RLER\u0130N HASAT ZAMANI GELD\u0130.<\/p>\n","protected":false},"author":1,"featured_media":196872,"comment_status":"closed","ping_status":"open","sticky":false,"template":"","format":"standard","meta":{"jetpack_post_was_ever_published":false,"_jetpack_newsletter_access":"","_jetpack_dont_email_post_to_subs":false,"_jetpack_newsletter_tier_id":0,"_jetpack_memberships_contains_paywalled_content":false,"_jetpack_memberships_contains_paid_content":false,"footnotes":"","jetpack_publicize_message":"","jetpack_publicize_feature_enabled":true,"jetpack_social_post_already_shared":true,"jetpack_social_options":{"image_generator_settings":{"template":"highway","default_image_id":0,"font":"","enabled":false},"version":2}},"categories":[19],"tags":[55,17522,498,1862],"class_list":["post-196871","post","type-post","status-publish","format-standard","has-post-thumbnail","hentry","category-ekonomi","tag-basladi","tag-hasadi","tag-kenevir","tag-samsunda"],"jetpack_publicize_connections":[],"jetpack_featured_media_url":"https:\/\/i0.wp.com\/www.tvturk.com\/wp-content\/uploads\/2019\/08\/samsunda-kenevir-hasadi-basladi_295a738.jpg?fit=1000%2C666","jetpack_sharing_enabled":true,"jetpack_shortlink":"https:\/\/wp.me\/paKIfm-Pdl","_links":{"self":[{"href":"http:\/\/www.tvturk.com\/index.php\/wp-json\/wp\/v2\/posts\/196871","targetHints":{"allow":["GET"]}}],"collection":[{"href":"http:\/\/www.tvturk.com\/index.php\/wp-json\/wp\/v2\/posts"}],"about":[{"href":"http:\/\/www.tvturk.com\/index.php\/wp-json\/wp\/v2\/types\/post"}],"author":[{"embeddable":true,"href":"http:\/\/www.tvturk.com\/index.php\/wp-json\/wp\/v2\/users\/1"}],"replies":[{"embeddable":true,"href":"http:\/\/www.tvturk.com\/index.php\/wp-json\/wp\/v2\/comments?post=196871"}],"version-history":[{"count":0,"href":"http:\/\/www.tvturk.com\/index.php\/wp-json\/wp\/v2\/posts\/196871\/revisions"}],"wp:featuredmedia":[{"embeddable":true,"href":"http:\/\/www.tvturk.com\/index.php\/wp-json\/wp\/v2\/media\/196872"}],"wp:attachment":[{"href":"http:\/\/www.tvturk.com\/index.php\/wp-json\/wp\/v2\/media?parent=196871"}],"wp:term":[{"taxonomy":"category","embeddable":true,"href":"http:\/\/www.tvturk.com\/index.php\/wp-json\/wp\/v2\/categories?post=196871"},{"taxonomy":"post_tag","embeddable":true,"href":"http:\/\/www.tvturk.com\/index.php\/wp-json\/wp\/v2\/tags?post=196871"}],"curies":[{"name":"wp","href":"https:\/\/api.w.org\/{rel}","templated":true}]}}