{"id":196889,"date":"2019-08-28T11:46:49","date_gmt":"2019-08-28T08:46:49","guid":{"rendered":"http:\/\/www.tvturk.com\/index.php\/tdv-mandelanin-dogdugu-koye-kurban-yardiminda-bulundu\/"},"modified":"2019-08-28T11:46:49","modified_gmt":"2019-08-28T08:46:49","slug":"tdv-mandelanin-dogdugu-koye-kurban-yardiminda-bulundu","status":"publish","type":"post","link":"http:\/\/www.tvturk.com\/index.php\/tdv-mandelanin-dogdugu-koye-kurban-yardiminda-bulundu\/","title":{"rendered":"TDV Mandela\u2019n\u0131n do\u011fdu\u011fu k\u00f6ye kurban yard\u0131m\u0131nda bulundu"},"content":{"rendered":"<p>T\u00fcrkiye Diyanet Vakf\u0131 (TDV), vekalet yoluyla kurban kesim organizasyonu kapsam\u0131nda ayr\u0131mc\u0131l\u0131k kar\u015f\u0131t\u0131 aktivist ve G\u00fcney Afrika Cumhuriyeti\u2019nin ilk siyahi Devlet Ba\u015fkan\u0131 Nelson Mandela\u2019n\u0131n do\u011fdu\u011fu k\u00f6ye kurban yard\u0131m\u0131nda bulundu.<\/p>\n<p>Bu y\u0131l T\u00fcrkiye\u2019de ve 149 \u00fclkenin 423 b\u00f6lgesinde vekaletle kurban kesim \u00e7al\u0131\u015fmalar\u0131 ger\u00e7ekle\u015ftiren T\u00fcrkiye Diyanet Vakf\u0131, partner kurulu\u015f Awqaf SA ile birlikte hay\u0131rseverlerin vekalet verdi\u011fi bin 750 hisse kurban\u0131 G\u00fcney Afrika\u2019da keserek 18 bin ihtiya\u00e7 sahibi aileye ula\u015ft\u0131rd\u0131. G\u00fcney Afrika\u2019n\u0131n ba\u015fkenti Cape Town\u2019un yan\u0131 s\u0131ra \u0131rk\u00e7\u0131l\u0131k ve \u00f6zg\u00fcrl\u00fck davas\u0131na verdi\u011fi m\u00fccadeleyle 1993 y\u0131l\u0131nda Nobel Bar\u0131\u015f \u00d6d\u00fcl\u00fc\u2019ne lay\u0131k g\u00f6r\u00fclen Mandela\u2019n\u0131n do\u011fum yeri olan Do\u011fu Kap \u015fehrine ba\u011fl\u0131 Mvezo k\u00f6y\u00fcnde Mandela Kraliyet Evi\u2019nde kurban kesim ve da\u011f\u0131t\u0131m \u00e7al\u0131\u015fmalar\u0131 ger\u00e7ekle\u015ftirildi.<\/p>\n<p>Awqaf SA M\u00fctevelli Heyeti Ba\u015fkan\u0131 Haroon Kalla, T\u00fcrkiye\u2019nin b\u00f6lgede yapm\u0131\u015f oldu\u011fu faaliyetlerin b\u00fcy\u00fck \u00f6nem ta\u015f\u0131d\u0131\u011f\u0131n\u0131 s\u00f6yledi. Bu y\u0131l \u015eef Zwelivelile Mandela\u2019n\u0131n davetiyle kurban kesim program\u0131n\u0131 Nelson Mandela\u2019n\u0131n do\u011fum yeri olan Mthatha yak\u0131nlar\u0131ndaki Mandela Kraliyet Evi\u2019nde ger\u00e7ekle\u015ftirerek b\u00fcy\u00fck bir tarihi ve k\u00fclt\u00fcrel payla\u015f\u0131m ger\u00e7ekle\u015ftirildi\u011fini dile getiren Kalla, tarihsel ve co\u011frafi olarak b\u00f6l\u00fcnm\u00fc\u015f olan topluluklar\u0131n bir araya getirilebilmesi ad\u0131na kurban organizasyonunun \u00e7ok \u00f6nemli bir f\u0131rsat oldu\u011funu dile getirdi. Kalla, \u201cKar\u015f\u0131l\u0131kl\u0131 \u015fefkat ve merhametin ne oldu\u011funu insanlara anlatabilmek ad\u0131na bir f\u0131rsat olarak g\u00f6rd\u00fck. Bu yine k\u00fclt\u00fcrde ve inan\u00e7ta ortak olarak nelere sahip oldu\u011fumuzu g\u00f6sterebilmek ad\u0131na da bir f\u0131rsat. En g\u00fczel \u015feylerden biri de \u0130slam ve geleneksel Afrika k\u00fclt\u00fcr\u00fc aras\u0131nda pek \u00e7ok \u00e7arp\u0131c\u0131 benzerlik olmas\u0131. Farkl\u0131l\u0131klar\u0131m\u0131za kar\u015f\u0131n ortakl\u0131klar\u0131m\u0131z\u0131 benimsedik ve G\u00fcney Afrikal\u0131lar olarak hepimizin kalplerinin bir att\u0131\u011f\u0131n\u0131n fark\u0131nday\u0131z\u201d diye konu\u015ftu.<\/p>\n<p>Awqaf SA Genel M\u00fcd\u00fcr\u00fc Zeinoul Abedien Cajee de kurban organizasyonunun G\u00fcney Afrika\u2019n\u0131n b\u00fcy\u00fck bir k\u0131sm\u0131n\u0131 kapsad\u0131\u011f\u0131n\u0131 belirtti. T\u00fcrkiye\u2019nin 2018 y\u0131l\u0131nda 8.1 milyar dolar yard\u0131m ile en yard\u0131msever \u00fclkeler s\u0131ralamas\u0131nda ABD, Almanya ve Birle\u015fik Krall\u0131k gibi \u00fclkeleri geride b\u0131rakt\u0131\u011f\u0131n\u0131 ifade eden Cejee, G\u00fcney Afrikal\u0131 M\u00fcsl\u00fcmanlar\u0131 unutmad\u0131klar\u0131 i\u00e7in Diyanet \u0130\u015fleri Ba\u015fkanl\u0131\u011f\u0131 ve T\u00fcrkiye Diyanet Vakf\u0131na te\u015fekk\u00fcr etti. Cajee \u015funlar\u0131 s\u00f6yledi:<\/p>\n<p>\u201cCumhurba\u015fkan\u0131 Erdo\u011fan\u2019\u0131n \u00f6nderli\u011finde T\u00fcrk halk\u0131n\u0131n G\u00fcney Afrika\u2019ya g\u00f6sterdi\u011fi dayan\u0131\u015fma emsalsiz. \u015eu anda T\u00fcrkiye, kanl\u0131 bir \u015fekilde sonu\u00e7lanan ve ter\u00f6r \u00f6rg\u00fct\u00fc FET\u00d6 taraf\u0131ndan ger\u00e7ekle\u015ftirilen darbe giri\u015fimi ile b\u00f6lgesel \u00e7at\u0131\u015fmalardan kaynakl\u0131 d\u0131\u015f bask\u0131larla sar\u0131lm\u0131\u015f durumda. Awqaf ve karde\u015f Afrikal\u0131lar olarak bu s\u00fcre\u00e7te T\u00fcrk halk\u0131n\u0131n yan\u0131nday\u0131z. T\u00fcrkiye\u2019nin ba\u015far\u0131lar\u0131n\u0131n ve istikrar\u0131n\u0131n devam\u0131 ile \u00fclkelerimiz aras\u0131ndaki pozitif ili\u015fkilerin s\u00fcrd\u00fcr\u00fclebilirli\u011fi i\u00e7in dua ediyoruz.\u201d<\/p>\n","protected":false},"excerpt":{"rendered":"<p>T\u00dcRK\u0130YE D\u0130YANET VAKFI, 2019 YILI VEKALET YOLUYLA KURBAN KES\u0130M ORGAN\u0130ZASYONU KAPSAMINDA AYRIMCILIK KAR\u015eITI AKT\u0130V\u0130ST VE G\u00dcNEY AFR\u0130KA CUMHUR\u0130YET\u0130\u2019N\u0130N \u0130LK S\u0130YAH\u0130 DEVLET BA\u015eKANI NELSON MANDELA\u2019NIN DO\u011eDU\u011eU K\u00d6YDE KURBAN YARDIMINDA BULUNDU.<\/p>\n","protected":false},"author":1,"featured_media":196890,"comment_status":"closed","ping_status":"open","sticky":false,"template":"","format":"standard","meta":{"jetpack_post_was_ever_published":false,"_jetpack_newsletter_access":"","_jetpack_dont_email_post_to_subs":false,"_jetpack_newsletter_tier_id":0,"_jetpack_memberships_contains_paywalled_content":false,"_jetpack_memberships_contains_paid_content":false,"footnotes":"","jetpack_publicize_message":"","jetpack_publicize_feature_enabled":true,"jetpack_social_post_already_shared":true,"jetpack_social_options":{"image_generator_settings":{"template":"highway","default_image_id":0,"font":"","enabled":false},"version":2}},"categories":[1],"tags":[204,18769,12358,20956,49460,22719,49461],"class_list":["post-196889","post","type-post","status-publish","format-standard","has-post-thumbnail","hentry","category-genel","tag-bulundu","tag-dogdugu","tag-koye","tag-kurban","tag-mandelanin","tag-tdv","tag-yardiminda"],"jetpack_publicize_connections":[],"jetpack_featured_media_url":"https:\/\/i0.wp.com\/www.tvturk.com\/wp-content\/uploads\/2019\/08\/tdv-mandelanin-dogdugu-koye-kurban-yardiminda-bulundu_3f49e52.jpg?fit=1000%2C750","jetpack_sharing_enabled":true,"jetpack_shortlink":"https:\/\/wp.me\/paKIfm-PdD","_links":{"self":[{"href":"http:\/\/www.tvturk.com\/index.php\/wp-json\/wp\/v2\/posts\/196889","targetHints":{"allow":["GET"]}}],"collection":[{"href":"http:\/\/www.tvturk.com\/index.php\/wp-json\/wp\/v2\/posts"}],"about":[{"href":"http:\/\/www.tvturk.com\/index.php\/wp-json\/wp\/v2\/types\/post"}],"author":[{"embeddable":true,"href":"http:\/\/www.tvturk.com\/index.php\/wp-json\/wp\/v2\/users\/1"}],"replies":[{"embeddable":true,"href":"http:\/\/www.tvturk.com\/index.php\/wp-json\/wp\/v2\/comments?post=196889"}],"version-history":[{"count":0,"href":"http:\/\/www.tvturk.com\/index.php\/wp-json\/wp\/v2\/posts\/196889\/revisions"}],"wp:featuredmedia":[{"embeddable":true,"href":"http:\/\/www.tvturk.com\/index.php\/wp-json\/wp\/v2\/media\/196890"}],"wp:attachment":[{"href":"http:\/\/www.tvturk.com\/index.php\/wp-json\/wp\/v2\/media?parent=196889"}],"wp:term":[{"taxonomy":"category","embeddable":true,"href":"http:\/\/www.tvturk.com\/index.php\/wp-json\/wp\/v2\/categories?post=196889"},{"taxonomy":"post_tag","embeddable":true,"href":"http:\/\/www.tvturk.com\/index.php\/wp-json\/wp\/v2\/tags?post=196889"}],"curies":[{"name":"wp","href":"https:\/\/api.w.org\/{rel}","templated":true}]}}