{"id":196901,"date":"2019-08-28T12:02:10","date_gmt":"2019-08-28T09:02:10","guid":{"rendered":"http:\/\/www.tvturk.com\/index.php\/okul-alisverisi-telasi-basladi\/"},"modified":"2019-08-28T12:02:10","modified_gmt":"2019-08-28T09:02:10","slug":"okul-alisverisi-telasi-basladi","status":"publish","type":"post","link":"http:\/\/www.tvturk.com\/index.php\/okul-alisverisi-telasi-basladi\/","title":{"rendered":"Okul al\u0131\u015fveri\u015fi tela\u015f\u0131 ba\u015flad\u0131"},"content":{"rendered":"<p>Konya\u2019da 2019-2020 e\u011fitim \u00f6\u011fretim y\u0131l\u0131n\u0131n ba\u015flamas\u0131na 2 hafta kala \u00f6\u011frencileri ve velileri okul al\u0131\u015fveri\u015fi tela\u015f\u0131 sard\u0131.<\/p>\n<p>2019-2020 e\u011fitim \u00f6\u011fretim y\u0131l\u0131nda birinci d\u00f6nem 9 Eyl\u00fcl Pazartesi g\u00fcn\u00fc ba\u015flayacak. Okul \u00f6ncesi ilkokul birinci s\u0131n\u0131f, ortaokul ve imam hatip ortaokullar\u0131n\u0131n 5\u2019inci s\u0131n\u0131f \u00f6\u011frencileri, orta\u00f6\u011fretim kurumlar\u0131nda e\u011fitim ve \u00f6\u011fretime ba\u015flayacak haz\u0131rl\u0131k s\u0131n\u0131f\u0131 ve 9\u2019uncu s\u0131n\u0131f \u00f6\u011frencileri ile pansiyonda kalacak \u00f6\u011frencilerin e\u011fitim g\u00f6recekleri okul hakk\u0131nda bilgilendirilmesi, akademik ve mesleki geli\u015fimlerinin desteklenmesi, \u00f6\u011frencilerin yeni girdikleri e\u011fitim ortam\u0131na k\u0131sa s\u00fcrede uyum sa\u011flamalar\u0131na katk\u0131da bulunulmas\u0131 amac\u0131yla 5-6 Eyl\u00fcl tarihlerinde uyum e\u011fitimleri yap\u0131lacak. Okul al\u0131\u015fveri\u015fini son g\u00fcne b\u0131rakarak yo\u011funlu\u011fa denk gelmek istemeyen veliler, okullar\u0131n a\u00e7\u0131lmas\u0131na yakla\u015f\u0131k 2 hafta kala okul k\u0131yafetleri ve \u00e7anta alabilmek i\u00e7in ma\u011fazalara gitti. Bu sene ilkokul 1. s\u0131n\u0131fa ba\u015flayacak<\/p>\n<p>olan \u00f6\u011frenciler ve velileri tatl\u0131 bir tela\u015f sararken, ge\u00e7en senelerden tecr\u00fcbeli olan veliler o tela\u015f\u0131 ve heyecan\u0131 biraz olsun yendiklerini s\u00f6ylediler.<\/p>\n<p>&#8220;Son haftaya kald\u0131\u011f\u0131 zaman bedenler kalmayabiliyor&#8221;<\/p>\n<p>Konya\u2019da okul k\u0131yafetleri satan bir ma\u011fazan\u0131n sahibi olan Mehmet Da\u011fl\u0131koca, okul al\u0131\u015fveri\u015finin heyecanl\u0131 ve farkl\u0131 bir duygu oldu\u011funu s\u00f6yledi. Da\u011fl\u0131koca, &#8220;Bilhassa ilkokula ba\u015flayacak \u00f6\u011frencilerde \u00e7ok fazla bir heyecan var. Anneanneyle, babaanneyle gelen epey bir m\u00fc\u015fterimiz var. Erken gelmelerindeki en \u00f6nemli avantaj m\u00fc\u015fteri son<\/p>\n<p>haftaya kald\u0131\u011f\u0131 zaman bedenler kalmayabiliyor. \u00c7ok fazla kalabal\u0131k oluyor, \u015fu anda biraz tenhal\u0131k var. \u015eimdi vaktinde ve zaman\u0131nda almas\u0131n\u0131 tavsiye ederim insanlar\u0131n. Biz Temmuz sonunda haz\u0131rl\u0131\u011f\u0131m\u0131z\u0131 yapt\u0131k, ma\u011fazam\u0131z\u0131 kurduk. Yakla\u015f\u0131k 15 g\u00fcnd\u00fcr falan da gelen giden var. Bu durum okul a\u00e7\u0131lana kadar her g\u00fcn y\u00fckselerek \u00e7\u0131kar&#8221; dedi.<\/p>\n<p>K\u0131yafetlerde fiyat aral\u0131\u011f\u0131n\u0131n 180 lira ile 200 lira aras\u0131nda de\u011fi\u015fti\u011fini kaydeden Da\u011fl\u0131koca, &#8220;Lakin ge\u00e7en sene 140-150 liraya verdi\u011fimiz \u00fcr\u00fcnler bu sene maalesef 200 lira oldu, \u00e7ok zam geldi fiyatlara. Bug\u00fcn bir \u00f6\u011frenci 200 liradan a\u015fa\u011f\u0131ya maalesef \u00e7\u0131km\u0131yor. Bir tek T\u00fcrkiye\u2019de de\u011fil, k\u00fcresel bir zam var, d\u00fcnyada kriz var. D\u00fcnyada bir kriz var, biz de bundan etkileniyoruz&#8221; \u015feklinde konu\u015ftu.<\/p>\n<p>&#8220;\u00c7antalar\u0131m\u0131z kesinlikle kanserojen madde i\u00e7ermez&#8221;<\/p>\n<p>Bir ba\u015fka ma\u011fazan\u0131n sahibi M\u00fccahit Osman \u00dcnal ise, velilerin al\u0131\u015fveri\u015flerini erken yapmalar\u0131 tavsiyesinde bulunarak, &#8220;Velilerin erken gelmesini talep ediyoruz. 2 hafta \u00f6ncesinden al\u0131\u015fveri\u015fe \u00e7\u0131karlarsa onlar i\u00e7in daha avantajl\u0131 olur, hem yo\u011funluk bak\u0131m\u0131ndan hem fiyat y\u00f6n\u00fcnden. \u00dcr\u00fcn bulma a\u00e7\u0131s\u0131ndan da onlar daha kolay \u00fcr\u00fcn bulurlar. Bu sezon yine zam yapmadan devam edece\u011fiz. Yo\u011funluk hafif hafif ba\u015flad\u0131. Daha \u00f6nceki senelerden de veliler kalabal\u0131\u011f\u0131 g\u00f6rd\u00fcler, bu sene erken gelmeye ba\u015flad\u0131lar biraz daha. G\u00fcn g\u00fcn artar art\u0131k. \u00dcr\u00fcnlerimiz, \u00e7antalar\u0131m\u0131z kesinlikle kanserojen madde i\u00e7ermez, etiketlidir \u00e7o\u011fu. K\u0131yafetlerimiz de zaten T\u00fcrkiye imalat\u0131, kesinlikle bir yan madde yok, yabanc\u0131 bir madde yok&#8221; ifadelerini kulland\u0131. \u00dcnal, her b\u00fct\u00e7eye uygun okul malzemelerinin oldu\u011funu da dile getirdi.<\/p>\n<p>\u00c7ocuklar\u0131yla birlikte okul heyecan\u0131 ya\u015fayan veliler, okullar\u0131n a\u00e7\u0131lmas\u0131na yak\u0131n g\u00fcnlerde ma\u011fazalarda izdiham\u0131n oldu\u011funu ve bu yo\u011funlu\u011fa kalmamak i\u00e7in al\u0131\u015fveri\u015fi erkenden tamamlamak istediklerini s\u00f6ylediler. \u00d6\u011frenciler ise, okullar\u0131n a\u00e7\u0131lmas\u0131ndan dolay\u0131 \u00e7ok mutlu ve heyecanl\u0131 olduklar\u0131n\u0131 dile getirdiler.<\/p>\n","protected":false},"excerpt":{"rendered":"<p>KONYA&#8217;DA, 2019-2020 E\u011e\u0130T\u0130M \u00d6\u011eRET\u0130M YILININ BA\u015eLAMASINA YAKLA\u015eIK 2 HAFTA KALA \u00d6\u011eRENC\u0130LER\u0130 VE VEL\u0130LER\u0130 OKUL ALI\u015eVER\u0130\u015e\u0130 TELA\u015eI SARDI.<\/p>\n","protected":false},"author":1,"featured_media":196902,"comment_status":"closed","ping_status":"open","sticky":false,"template":"","format":"standard","meta":{"jetpack_post_was_ever_published":false,"_jetpack_newsletter_access":"","_jetpack_dont_email_post_to_subs":false,"_jetpack_newsletter_tier_id":0,"_jetpack_memberships_contains_paywalled_content":false,"_jetpack_memberships_contains_paid_content":false,"footnotes":"","jetpack_publicize_message":"","jetpack_publicize_feature_enabled":true,"jetpack_social_post_already_shared":true,"jetpack_social_options":{"image_generator_settings":{"template":"highway","default_image_id":0,"font":"","enabled":false},"version":2}},"categories":[1],"tags":[21185,55,120,20063],"class_list":["post-196901","post","type-post","status-publish","format-standard","has-post-thumbnail","hentry","category-genel","tag-alisverisi","tag-basladi","tag-okul","tag-telasi"],"jetpack_publicize_connections":[],"jetpack_featured_media_url":"https:\/\/i0.wp.com\/www.tvturk.com\/wp-content\/uploads\/2019\/08\/okul-alisverisi-telasi-basladi_14e7ea6.jpg?fit=1000%2C666","jetpack_sharing_enabled":true,"jetpack_shortlink":"https:\/\/wp.me\/paKIfm-PdP","_links":{"self":[{"href":"http:\/\/www.tvturk.com\/index.php\/wp-json\/wp\/v2\/posts\/196901","targetHints":{"allow":["GET"]}}],"collection":[{"href":"http:\/\/www.tvturk.com\/index.php\/wp-json\/wp\/v2\/posts"}],"about":[{"href":"http:\/\/www.tvturk.com\/index.php\/wp-json\/wp\/v2\/types\/post"}],"author":[{"embeddable":true,"href":"http:\/\/www.tvturk.com\/index.php\/wp-json\/wp\/v2\/users\/1"}],"replies":[{"embeddable":true,"href":"http:\/\/www.tvturk.com\/index.php\/wp-json\/wp\/v2\/comments?post=196901"}],"version-history":[{"count":0,"href":"http:\/\/www.tvturk.com\/index.php\/wp-json\/wp\/v2\/posts\/196901\/revisions"}],"wp:featuredmedia":[{"embeddable":true,"href":"http:\/\/www.tvturk.com\/index.php\/wp-json\/wp\/v2\/media\/196902"}],"wp:attachment":[{"href":"http:\/\/www.tvturk.com\/index.php\/wp-json\/wp\/v2\/media?parent=196901"}],"wp:term":[{"taxonomy":"category","embeddable":true,"href":"http:\/\/www.tvturk.com\/index.php\/wp-json\/wp\/v2\/categories?post=196901"},{"taxonomy":"post_tag","embeddable":true,"href":"http:\/\/www.tvturk.com\/index.php\/wp-json\/wp\/v2\/tags?post=196901"}],"curies":[{"name":"wp","href":"https:\/\/api.w.org\/{rel}","templated":true}]}}