{"id":196957,"date":"2019-08-28T12:46:44","date_gmt":"2019-08-28T09:46:44","guid":{"rendered":"http:\/\/www.tvturk.com\/index.php\/sehrin-ortasinda-ayi-nobeti\/"},"modified":"2019-08-28T12:46:44","modified_gmt":"2019-08-28T09:46:44","slug":"sehrin-ortasinda-ayi-nobeti","status":"publish","type":"post","link":"http:\/\/www.tvturk.com\/index.php\/sehrin-ortasinda-ayi-nobeti\/","title":{"rendered":"\u015eehrin ortas\u0131nda ay\u0131 n\u00f6beti"},"content":{"rendered":"<p>Artvin\u2019de a\u00e7 kalan ay\u0131lar\u0131n mahalleye dadanmas\u0131 \u00fczerine mahalle sakinleri geceleri n\u00f6bet tutuyor. Hava karar\u0131nca eline kazma, k\u00fcrek, t\u0131rm\u0131k alan mahalle sakinleri s\u0131rayla n\u00f6bet tutuyor.<\/p>\n<p>Artvin\u2019de a\u00e7 kalan ay\u0131lar \u00c7aya\u011fz\u0131 Mahallesi\u2019nin 50 haneli Kaledibi mevkiisine dadand\u0131. Aral\u0131klarla mahalleye inen ay\u0131lar, mahallede bulunan meyve a\u011fa\u00e7lar\u0131ndan besleniyor. Ay\u0131lara kar\u015f\u0131 mahalle sakinleri ellerinde kazma, k\u00fcreklerle n\u00f6bet tutmaya ba\u015flad\u0131. Gece ge\u00e7 saatlere kadar n\u00f6bet tutan k\u00f6yl\u00fcler, yetkililerden bu duruma \u00e7are bulunmas\u0131n\u0131 istedi. Tek kat ve iki kattan olu\u015fan evlerde ya\u015fayan mahalle sakinleri, ay\u0131n\u0131n kendilerine ve \u00e7ocuklar\u0131na zarar vermesinden korkuyor. Kendi imkanlar\u0131yla ay\u0131dan kurtulmaya \u00e7al\u0131\u015fan mahalle sakinleri, ay\u0131y\u0131 rahat\u00e7a fark edebilmek i\u00e7in \u00f6nce b\u00f6lgede bulunan otlar\u0131 ve \u00e7al\u0131l\u0131klar\u0131 keserek temizledi. Vatanda\u015flar, geceleri ellerine ald\u0131klar\u0131 kazma, k\u00fcrek, t\u0131rm\u0131kla \u0131sl\u0131k \u00e7alarak ay\u0131lar\u0131 korkutmaya \u00e7al\u0131\u015f\u0131yorlar.<\/p>\n<p>&#8220;Ay\u0131ya bug\u00fcn gel, yar\u0131n git diyemeyiz&#8221;<\/p>\n<p>Mahalle sakinlerinden Bilal Pediz, bir haftad\u0131r mahallelerine ay\u0131 dadand\u0131\u011f\u0131n\u0131 ifade ederek, \u201cYetkililere haber verdik ama bir sonu\u00e7 elde edemedik. Bizde ay\u0131ya bug\u00fcn gel, yar\u0131n git diyemeyiz. Onun i\u00e7in kendi imkanlar\u0131m\u0131zla ay\u0131dan kurtulmaya \u00e7al\u0131\u015f\u0131yoruz\u201d dedi.<\/p>\n<p>Evlerinin tek ve iki kattan olu\u015ftu\u011funu s\u00f6yleyen Pediz, &#8220;Her an ay\u0131 ile kar\u015f\u0131la\u015fma korkusu i\u00e7indeyiz. Amac\u0131m\u0131z \u00f6ld\u00fcrmek de\u011fil, can g\u00fcvenli\u011fimizi korumak. Bunun i\u00e7in her gece n\u00f6bet tutuyoruz&#8221; \u015feklinde konu\u015ftu.<\/p>\n<p>49 ya\u015f\u0131ndaki Telat \u00c7avu\u015f ise, \u201cDo\u011fdum do\u011fal\u0131 bu mahallede ya\u015f\u0131yorum. \u0130lk kez b\u00f6yle bir olayla kar\u015f\u0131la\u015ft\u0131m. Biz ay\u0131ya zarar verme taraftar\u0131 de\u011filiz, sadece can g\u00fcvenli\u011fimizi sa\u011flamak i\u00e7in n\u00f6bet tutuyoruz. \u00c7ocuklar yollarda oynuyor, aniden kar\u015f\u0131lar\u0131na \u00e7\u0131ksa Allah korusun d\u00fc\u015f\u00fcnemiyorum. Kendi imkanlar\u0131m\u0131zla sabaha kadar bekliyoruz. Ate\u015f yak\u0131yoruz, \u0131sl\u0131k \u00e7al\u0131\u015f\u0131yoruz, ses yap\u0131yoruz korkup ka\u00e7s\u0131n diye\u201d ifadelerini kulland\u0131.<\/p>\n","protected":false},"excerpt":{"rendered":"<p>ARTV\u0130N\u2019DE A\u00c7 KALAN AYILARIN MAHALLEYE DADANMASI \u00dcZER\u0130NE, MAHALLE SAK\u0130NLER\u0130 \u00c7AREY\u0130 N\u00d6BET TUTMAKTA BULDU. HAVA KARARINCA EL\u0130NE KAZMA, K\u00dcREK, TIRMIK ALAN MAHALLE SAK\u0130NLER\u0130 SIRAYLA N\u00d6BET\u0130 TUTMAYA BA\u015eLADI.<\/p>\n","protected":false},"author":1,"featured_media":196958,"comment_status":"closed","ping_status":"open","sticky":false,"template":"","format":"standard","meta":{"jetpack_post_was_ever_published":false,"_jetpack_newsletter_access":"","_jetpack_dont_email_post_to_subs":false,"_jetpack_newsletter_tier_id":0,"_jetpack_memberships_contains_paywalled_content":false,"_jetpack_memberships_contains_paid_content":false,"footnotes":"","jetpack_publicize_message":"","jetpack_publicize_feature_enabled":true,"jetpack_social_post_already_shared":true,"jetpack_social_options":{"image_generator_settings":{"template":"highway","default_image_id":0,"font":"","enabled":false},"version":2}},"categories":[1],"tags":[345,27263,8632,1770],"class_list":["post-196957","post","type-post","status-publish","format-standard","has-post-thumbnail","hentry","category-genel","tag-ayi","tag-nobeti","tag-ortasinda","tag-sehrin"],"jetpack_publicize_connections":[],"jetpack_featured_media_url":"https:\/\/i0.wp.com\/www.tvturk.com\/wp-content\/uploads\/2019\/08\/sehrin-ortasinda-ayi-nobeti_3016884.jpg?fit=1000%2C666","jetpack_sharing_enabled":true,"jetpack_shortlink":"https:\/\/wp.me\/paKIfm-PeJ","_links":{"self":[{"href":"http:\/\/www.tvturk.com\/index.php\/wp-json\/wp\/v2\/posts\/196957","targetHints":{"allow":["GET"]}}],"collection":[{"href":"http:\/\/www.tvturk.com\/index.php\/wp-json\/wp\/v2\/posts"}],"about":[{"href":"http:\/\/www.tvturk.com\/index.php\/wp-json\/wp\/v2\/types\/post"}],"author":[{"embeddable":true,"href":"http:\/\/www.tvturk.com\/index.php\/wp-json\/wp\/v2\/users\/1"}],"replies":[{"embeddable":true,"href":"http:\/\/www.tvturk.com\/index.php\/wp-json\/wp\/v2\/comments?post=196957"}],"version-history":[{"count":0,"href":"http:\/\/www.tvturk.com\/index.php\/wp-json\/wp\/v2\/posts\/196957\/revisions"}],"wp:featuredmedia":[{"embeddable":true,"href":"http:\/\/www.tvturk.com\/index.php\/wp-json\/wp\/v2\/media\/196958"}],"wp:attachment":[{"href":"http:\/\/www.tvturk.com\/index.php\/wp-json\/wp\/v2\/media?parent=196957"}],"wp:term":[{"taxonomy":"category","embeddable":true,"href":"http:\/\/www.tvturk.com\/index.php\/wp-json\/wp\/v2\/categories?post=196957"},{"taxonomy":"post_tag","embeddable":true,"href":"http:\/\/www.tvturk.com\/index.php\/wp-json\/wp\/v2\/tags?post=196957"}],"curies":[{"name":"wp","href":"https:\/\/api.w.org\/{rel}","templated":true}]}}