{"id":196975,"date":"2019-08-28T13:01:54","date_gmt":"2019-08-28T10:01:54","guid":{"rendered":"http:\/\/www.tvturk.com\/index.php\/servet-kabakli-mezari-basinda-anildi\/"},"modified":"2019-08-28T13:01:54","modified_gmt":"2019-08-28T10:01:54","slug":"servet-kabakli-mezari-basinda-anildi","status":"publish","type":"post","link":"http:\/\/www.tvturk.com\/index.php\/servet-kabakli-mezari-basinda-anildi\/","title":{"rendered":"Servet Kabakl\u0131 mezar\u0131 ba\u015f\u0131nda an\u0131ld\u0131"},"content":{"rendered":"<p>T\u00fcrk Edebiyat Vakf\u0131 Ba\u015fkan\u0131 ve gazeteci yazar merhum Servet Kabakl\u0131, \u00f6l\u00fcm\u00fcn\u00fcn 4\u2019\u00fcnc\u00fc y\u0131l\u0131nda Ey\u00fcpsultan Mezarl\u0131\u011f\u0131\u2019ndaki kabri ba\u015f\u0131nda an\u0131ld\u0131.<\/p>\n<p>T\u00fcrk Edebiyat\u0131 Vakf\u0131 Ba\u015fkan\u0131 ve gazeteci yazar merhum Servet Kabakl\u0131, vefat\u0131n\u0131n d\u00f6rd\u00fcnc\u00fc y\u0131l d\u00f6n\u00fcm\u00fcnde ailesi,yak\u0131nlar\u0131 ve T\u00fcrk edebiyat d\u00fcnyas\u0131ndan isimlerinin kat\u0131l\u0131m\u0131yla d\u00fczenlenen t\u00f6renle an\u0131ld\u0131. Servet Kabakl\u0131\u2019n\u0131n mezar\u0131 ba\u015f\u0131nda d\u00fczenlenen anma t\u00f6renine, e\u015fi Muhterem Kabakl\u0131, o\u011flu Ahmet Burak Kabakl\u0131, gelini Ay\u015fe Melek Kabakl\u0131 ve torunu Semiha Selcen Kabakl\u0131, a\u011fabeyi Serhat Kabakl\u0131, T\u00fcrk Edebiyat\u0131 Vakf\u0131\u2019n\u0131n \u00fcyeleri ve bas\u0131n camias\u0131ndan dostlar\u0131 kat\u0131ld\u0131.<\/p>\n<p>T\u00fcrk ve Do\u011fu T\u00fcrkistan bayraklar\u0131n\u0131n as\u0131ld\u0131\u011f\u0131 Kabakl\u0131\u2019n\u0131n mezar\u0131 ba\u015f\u0131nda, Kur\u2019an-\u0131 Kerim tilaveti ve dualar okundu. Sultanahmet\u2019teki T\u00fcrkistan a\u015fevinde saat 18.00\u2019de okunacak mevlid-i \u015ferif i\u00e7in duyuru yap\u0131ld\u0131.<\/p>\n<p>Servet Kabakl\u0131\u2019n\u0131n a\u011fabeyi T\u00fcrk Edebiyat Vakf\u0131 Ba\u015fkan\u0131 Serhat Kabakl\u0131, anman\u0131n ard\u0131ndan duygular\u0131n\u0131 bas\u0131n mensuplar\u0131yla payla\u015ft\u0131. Servet Kabakl\u0131\u2019n\u0131n yoklu\u011funu b\u00fcy\u00fck \u00f6l\u00e7\u00fcde hissetti\u011fini s\u00f6yleyen a\u011fabey Kabakl\u0131, \u201cYapt\u0131klar\u0131yla gurur duyuyoruz. Yapmak istediklerini tamamlamak i\u00e7in elimizden geleni yap\u0131yoruz\u201d dedi.<\/p>\n<p>Vefat\u0131n\u0131n d\u00f6rd\u00fcnc\u00fc y\u0131l\u0131nda rahmetli babas\u0131n\u0131 mezar\u0131 ba\u015f\u0131nda and\u0131klar\u0131n\u0131 dile getiren o\u011flu Ahmet Burak Kabakl\u0131, gelen herkese te\u015fekk\u00fcr etti. Babas\u0131 Servet Kabakl\u0131\u2019n\u0131n vak\u0131f bir insan oldu\u011fu ifade ederek bayra\u011f\u0131 b\u0131rakt\u0131\u011f\u0131 yerden devam ettirece\u011fini s\u00f6yledi.<\/p>\n<p>Gazetecilik mesle\u011finde 40 y\u0131l\u0131 merhumla beraber devirdiklerini kaydeden ge\u00e7mi\u015f d\u00f6nem MHP Milletvekili gazeteci-yazar Nazif Okumu\u015f, \u201cServet Kabakl\u0131 gazetecili\u011finden beri T\u00fcrk milletinin, T\u00fcrk devletinin ve T\u00fcrk-\u0130slam co\u011frafyas\u0131n\u0131n \u00e7ok muhte\u015fem, heyecanl\u0131 takip\u00e7isi oldu. T\u00fcrk-\u0130slam co\u011frafyas\u0131ndaki ac\u0131lar\u0131n, sevin\u00e7lerin terc\u00fcmanl\u0131\u011f\u0131 i\u00e7in en \u00f6nde yar\u0131\u015fan \u00e7ok \u00f6zel gazetecilerden biri oldu. Kendisiyle \u00f6rt\u00fc\u015fen ve hayat ikliminde an\u0131l\u0131r hale gelen bir tak\u0131m co\u011frafyalar da kendili\u011finden \u00f6ne \u00e7\u0131kmaya ba\u015flad\u0131. Bunlardan bir tanesi Do\u011fu T\u00fcrkistan\u2019d\u0131, T\u00fcrkmeneli, Kerk\u00fck ve Karaba\u011f\u2019d\u0131\u201d diye konu\u015ftu.<\/p>\n","protected":false},"excerpt":{"rendered":"<p>T\u00dcRK EDEB\u0130YAT VAKFI BA\u015eKANI VE GAZETEC\u0130 YAZAR MERHUM SERVET KABAKLI, \u00d6L\u00dcM\u00dcN\u00dcN 4&#8217;\u00dcNC\u00dc YILINDA EY\u00dcPSULTAN MEZARLI\u011eI&#8217;NDAK\u0130 KABR\u0130 BA\u015eINDA ANILDI.<\/p>\n","protected":false},"author":1,"featured_media":196976,"comment_status":"closed","ping_status":"open","sticky":false,"template":"","format":"standard","meta":{"jetpack_post_was_ever_published":false,"_jetpack_newsletter_access":"","_jetpack_dont_email_post_to_subs":false,"_jetpack_newsletter_tier_id":0,"_jetpack_memberships_contains_paywalled_content":false,"_jetpack_memberships_contains_paid_content":false,"footnotes":"","jetpack_publicize_message":"","jetpack_publicize_feature_enabled":true,"jetpack_social_post_already_shared":true,"jetpack_social_options":{"image_generator_settings":{"template":"highway","default_image_id":0,"font":"","enabled":false},"version":2}},"categories":[1],"tags":[241,240,49479,239,5484],"class_list":["post-196975","post","type-post","status-publish","format-standard","has-post-thumbnail","hentry","category-genel","tag-anildi","tag-basinda","tag-kabakli","tag-mezari","tag-servet"],"jetpack_publicize_connections":[],"jetpack_featured_media_url":"https:\/\/i0.wp.com\/www.tvturk.com\/wp-content\/uploads\/2019\/08\/servet-kabakli-mezari-basinda-anildi_1ce7d95.jpg?fit=1000%2C750","jetpack_sharing_enabled":true,"jetpack_shortlink":"https:\/\/wp.me\/paKIfm-Pf1","_links":{"self":[{"href":"http:\/\/www.tvturk.com\/index.php\/wp-json\/wp\/v2\/posts\/196975","targetHints":{"allow":["GET"]}}],"collection":[{"href":"http:\/\/www.tvturk.com\/index.php\/wp-json\/wp\/v2\/posts"}],"about":[{"href":"http:\/\/www.tvturk.com\/index.php\/wp-json\/wp\/v2\/types\/post"}],"author":[{"embeddable":true,"href":"http:\/\/www.tvturk.com\/index.php\/wp-json\/wp\/v2\/users\/1"}],"replies":[{"embeddable":true,"href":"http:\/\/www.tvturk.com\/index.php\/wp-json\/wp\/v2\/comments?post=196975"}],"version-history":[{"count":0,"href":"http:\/\/www.tvturk.com\/index.php\/wp-json\/wp\/v2\/posts\/196975\/revisions"}],"wp:featuredmedia":[{"embeddable":true,"href":"http:\/\/www.tvturk.com\/index.php\/wp-json\/wp\/v2\/media\/196976"}],"wp:attachment":[{"href":"http:\/\/www.tvturk.com\/index.php\/wp-json\/wp\/v2\/media?parent=196975"}],"wp:term":[{"taxonomy":"category","embeddable":true,"href":"http:\/\/www.tvturk.com\/index.php\/wp-json\/wp\/v2\/categories?post=196975"},{"taxonomy":"post_tag","embeddable":true,"href":"http:\/\/www.tvturk.com\/index.php\/wp-json\/wp\/v2\/tags?post=196975"}],"curies":[{"name":"wp","href":"https:\/\/api.w.org\/{rel}","templated":true}]}}