{"id":197001,"date":"2019-08-28T13:31:50","date_gmt":"2019-08-28T10:31:50","guid":{"rendered":"http:\/\/www.tvturk.com\/index.php\/yurttas-notr-kopmasina-bagli-voltaj-yukselmesiyle-cikan-yangin-oranlari-hayli-yuksek\/"},"modified":"2019-08-28T13:31:50","modified_gmt":"2019-08-28T10:31:50","slug":"yurttas-notr-kopmasina-bagli-voltaj-yukselmesiyle-cikan-yangin-oranlari-hayli-yuksek","status":"publish","type":"post","link":"http:\/\/www.tvturk.com\/index.php\/yurttas-notr-kopmasina-bagli-voltaj-yukselmesiyle-cikan-yangin-oranlari-hayli-yuksek\/","title":{"rendered":"Yurtta\u015f: &#8220;N\u00f6tr kopmas\u0131na ba\u011fl\u0131 voltaj y\u00fckselmesiyle \u00e7\u0131kan yang\u0131n oranlar\u0131 hayli y\u00fcksek&#8221;"},"content":{"rendered":"<p>N\u00f6tr kopmas\u0131na ba\u011fl\u0131 voltaj y\u00fckselmesiyle \u00e7\u0131kan yang\u0131n oranlar\u0131n\u0131n hayli y\u00fcksek oldu\u011funu belirten ELYAK Y\u00f6netim Kurulu Ba\u015fkan\u0131 Evren Yurtta\u015f, &#8220;Madem yang\u0131n merdiveni ile ilgili bir AR-GE veya inovasyon yapam\u0131yoruz, en az\u0131ndan yang\u0131n\u0131n \u00e7\u0131kmas\u0131n\u0131 engelleyecek tedbirleri, yang\u0131ndan ka\u00e7mak i\u00e7in yapt\u0131\u011f\u0131m\u0131z tedbirler kadar g\u00fcndemimize getirelim&#8221; dedi.<\/p>\n<p>Elektrik Yang\u0131nlar\u0131ndan ve Hasarlar\u0131ndan Korunma Derne\u011fi (ELYAK) Y\u00f6netim Kurulu Ba\u015fkan\u0131 Evren Yurtta\u015f, T\u00fcrkiye\u2019de yang\u0131n merdivenleri konusunda bir a\u00e7\u0131klama yapt\u0131. Yang\u0131n merdiveninin, yap\u0131lar\u0131n d\u0131\u015f\u0131nda yer alan, Z veya dairesel bi\u00e7imleri olan ve yap\u0131n\u0131n i\u00e7erisinden normal \u00e7\u0131k\u0131\u015f merdivenine z\u0131t y\u00f6nde ikinci \u00e7\u0131k\u0131\u015f alternatifi sunan, her kattan a\u015fa\u011f\u0131 inmeye yarayan merdivenlerin genel ad\u0131 oldu\u011funu s\u00f6yleyen Yurtta\u015f, &#8220;Yang\u0131n merdivenlerinin yap\u0131l\u0131\u015f amac\u0131, yap\u0131n\u0131n i\u00e7inde olu\u015fan olas\u0131 bir yang\u0131n durumunda, d\u0131\u015far\u0131da bulunan bir alternatif sayesinde yap\u0131dan tahliyeyi sa\u011flamakt\u0131r. Bu sayede olas\u0131 bir oksijen yetersizli\u011fi de, merdiven d\u0131\u015far\u0131da oldu\u011fu i\u00e7in ya\u015fanmayacakt\u0131r&#8221; dedi.<\/p>\n<p>&#8220;Biraz ya\u015fl\u0131, hasta veya \u015fi\u015fman birinin yap\u0131y\u0131 nas\u0131l terk edece\u011finin merak konusu&#8221;<\/p>\n<p>Yang\u0131n merdivenlerinden, yang\u0131n esnas\u0131nda her kattan \u00e7\u0131k\u0131\u015f sa\u011flanmas\u0131 durumunda veya engeli bulunan, hem de engelli kategorisinde olmay\u0131p da, sadece biraz ya\u015fl\u0131, hasta veya \u015fi\u015fman birinin yap\u0131y\u0131 nas\u0131l terk edece\u011finin merak konusu oldu\u011funu belirten Evren Yurtta\u015f, &#8220;Cevap basittir; terk edemeyen edemez, kalan sa\u011flar bizimdir de\u011fil elbette. Ancak bu soruyu ya \u015fimdiye kadar kimse sormad\u0131, ya da en son Alada\u011f facias\u0131nda oldu\u011fu gibi genel olarak kilitli veya yap\u0131n\u0131n en alt\u0131na kadar inmedi\u011fi i\u00e7in, ba\u015f\u0131m\u0131za gelene kadar da sorgulama ihtiyac\u0131 hissetmedik&#8221; \u015feklinde konu\u015ftu.<\/p>\n<p>&#8220;Merdivenden insanlar nas\u0131l inecek konusuyla kimse ilgilenmiyor&#8221;<\/p>\n<p>Normal hayat\u0131nda herhangi bir STK\u2019n\u0131n, belediye veya ilgili kurulu\u015flar\u0131n yang\u0131n birimlerinde veya yang\u0131n ile ilgili m\u00fchendislik faaliyetlerinde bulunmayanlar\u0131n bu t\u00fcr sorular\u0131 ba\u015flar\u0131na gelmedi\u011fi s\u00fcrece sormamalar\u0131n\u0131n normal oldu\u011funu kaydeden ELYAK Y\u00f6entim Kurulu Ba\u015fkan\u0131, &#8220;Son y\u0131llar\u0131n \u00f6nemli tespitlerinden biri olan ve bir\u00e7ok makaleye konu olan \u00f6\u011frenilmi\u015f \u00e7aresizlik, hayat\u0131n her alan\u0131nda kendini olduk\u00e7a net g\u00f6steriyor. M\u00fchendislerimiz ve yang\u0131nla ilgili \u00e7al\u0131\u015fmalar yapan firmalar\u0131m\u0131z ilk etapta do\u011fal olarak uluslararas\u0131 tedbirler ile ilgileniyor ve onlar\u0131 do\u011fru uygulamalarla yap\u0131larla bulu\u015fturuyor. Ama herkes o kadar yo\u011fun ki, yahu bu merdivenden insanlar nas\u0131l inecek konusuyla kimse ilgilenmiyor. \u00c7\u00fcnk\u00fc \u00f6nemli olan, D\u00fcnya\u2019da kabul g\u00f6rm\u00fc\u015f olan\u0131, yap\u0131 ruhast\u0131ndan ge\u00e7ecek \u015fekilde uygulayabilmek&#8221; ifadelerini kulland\u0131.<\/p>\n<p>&#8220;Ka\u00e7ak ak\u0131m r\u00f6leleri faz-n\u00f6tr k\u0131sa devresinde bile devreyi kesmez&#8221;<\/p>\n<p>Yurtta\u015f, \u00f6nemli olan\u0131n yap\u0131 ruhsat\u0131ndan ge\u00e7mek i\u00e7in uygulamay\u0131 do\u011fru yapabilmek olmad\u0131\u011f\u0131n\u0131 vurgulayarak, &#8220;\u0130nsanlar\u0131n son 10 y\u0131lda teknolojinin artmas\u0131yla birlikte elektrik kaynakl\u0131 yang\u0131nlar\u0131n istatistiki olarak y\u00fczde 78 gibi korkun\u00e7 say\u0131labilecek oranda s\u00fcrekli artan yang\u0131n durumlar\u0131nda zarar g\u00f6rmeden, ya yap\u0131y\u0131 terk edebilmeleri, ya da daha \u00f6nemlisi o yang\u0131n\u0131n \u00e7\u0131k\u0131\u015f sebebini net bir \u015fekilde ortaya koyarak bir daha \u00e7\u0131kmamas\u0131 i\u00e7in \u00f6nleyici tedbirleri alabilmektir. \u00dclkemizde, ka\u00e7ak ak\u0131m r\u00f6lesinin (30mA) veya sahada bilinen ismiyle yang\u0131n koruma r\u00f6lesi (300mA) elektrik yang\u0131nlar\u0131n\u0131 engelledi\u011fi gibi hi\u00e7bir bilimsel kayna\u011fa dayanmayan ve bilen bilmeyen herkesin inand\u0131\u011f\u0131 bir bilgi kirlili\u011fi mevcut. Hi\u00e7bir \u015fekilde ka\u00e7ak ak\u0131m r\u00f6lesinin elektrik yang\u0131n\u0131na m\u00fcdahale etti\u011fi d\u00fc\u015f\u00fcn\u00fclemez, onun g\u00f6revi insanlar\u0131n elektrik sistemlerinde \u00e7e\u015fitli kontrols\u00fcz temas veya ka\u00e7ak durumlar\u0131nda elektri\u011fe \u00e7arp\u0131lmamalar\u0131n\u0131 sa\u011flamakt\u0131r. O kadar ki, inanmayanlar\u0131n test edip g\u00f6recekleri \u00fczere, ka\u00e7ak ak\u0131m r\u00f6leleri faz-n\u00f6tr k\u0131sa devresinde bile devreyi kesmez. Bir\u00e7ok ki\u015finin, &#8220;Nas\u0131l kesmez karde\u015fim&#8221; diye \u00f6fkeleniyorlar. Ama su\u00e7 onlar\u0131n de\u011fil diyemeyece\u011fim. \u00c7\u00fcnk\u00fc en az\u0131ndan \u00f6\u011frenilmi\u015f \u00e7aresizliklerini bir kenara koyup basit bir k\u0131sa devre testiyle a\u00e7\u0131p a\u00e7mad\u0131\u011f\u0131n\u0131 g\u00f6rebilirler&#8221; dedi.<\/p>\n<p>Elektrik yang\u0131nlar\u0131nda, Alada\u011f facias\u0131nda da \u00f6rne\u011fi muhtemelen ya\u015fand\u0131\u011f\u0131 \u015fekilde n\u00f6tr kopmas\u0131na ba\u011fl\u0131 voltaj y\u00fckselmesiyle \u00e7\u0131kan yang\u0131n oranlar\u0131n\u0131n hayli y\u00fcksek oldu\u011funu belirten Evren Yurta\u015f, &#8220;Ka\u00e7ak ak\u0131m r\u00f6leleri, n\u00f6tr kopmas\u0131nda da maalesef a\u00e7mazlar. Ancak bu eksi\u011fi bir elektronik m\u00fchendisi olarak bizatihi yapt\u0131\u011f\u0131m\u0131z ek \u00fcr\u00fcnle, ka\u00e7ak ak\u0131m r\u00f6lesinin a\u00e7mas\u0131n\u0131 sa\u011flayarak, olas\u0131 yang\u0131n riskini engellemeyi ba\u015fard\u0131k. Madem yang\u0131n merdiveni ile ilgili bir AR-GE veya inovasyon yapam\u0131yoruz, en az\u0131ndan yang\u0131n\u0131n \u00e7\u0131kmas\u0131n\u0131 engelleyecek tedbirleri, yang\u0131ndan ka\u00e7mak i\u00e7in yapt\u0131\u011f\u0131m\u0131z tedbirler kadar g\u00fcndemimize getirelim&#8221; \u015feklinde konu\u015ftu.<\/p>\n","protected":false},"excerpt":{"rendered":"<p>N\u00d6TR KOPMASINA BA\u011eLI VOLTAJ Y\u00dcKSELMES\u0130YLE \u00c7IKAN YANGIN ORANLARININ HAYL\u0130 Y\u00dcKSEK OLDU\u011eUNU BEL\u0130RTEN ELYAK Y\u00d6NET\u0130M KURULU BA\u015eKANI EVREN YURTTA\u015e, &#8220;MADEM YANGIN MERD\u0130VEN\u0130 \u0130LE \u0130LG\u0130L\u0130 B\u0130R AR-GE VEYA \u0130NOVASYON YAPAMIYORUZ, EN AZINDAN YANGININ \u00c7IKMASINI ENGELLEYECEK TEDB\u0130RLER\u0130, YANGINDAN KA\u00c7MAK \u0130\u00c7\u0130N YAPTI\u011eIMIZ TEDB\u0130RLER KADAR G\u00dcNDEM\u0130M\u0130ZE GET\u0130REL\u0130M&#8221; DED\u0130.<\/p>\n","protected":false},"author":1,"featured_media":197002,"comment_status":"closed","ping_status":"open","sticky":false,"template":"","format":"standard","meta":{"jetpack_post_was_ever_published":false,"_jetpack_newsletter_access":"","_jetpack_dont_email_post_to_subs":false,"_jetpack_newsletter_tier_id":0,"_jetpack_memberships_contains_paywalled_content":false,"_jetpack_memberships_contains_paid_content":false,"footnotes":"","jetpack_publicize_message":"","jetpack_publicize_feature_enabled":true,"jetpack_social_post_already_shared":true,"jetpack_social_options":{"image_generator_settings":{"template":"highway","default_image_id":0,"font":"","enabled":false},"version":2}},"categories":[19],"tags":[49488,4608,2114,49491,49489,22381,49490,1617,3448,38089,15196],"class_list":["post-197001","post","type-post","status-publish","format-standard","has-post-thumbnail","hentry","category-ekonomi","tag-notr","tag-bagli","tag-cikan","tag-hayli","tag-kopmasina","tag-oranlari","tag-voltaj","tag-yangin","tag-yuksek","tag-yukselmesiyle","tag-yurttas"],"jetpack_publicize_connections":[],"jetpack_featured_media_url":"https:\/\/i0.wp.com\/www.tvturk.com\/wp-content\/uploads\/2019\/08\/yurttas-notr-kopmasina-bagli-voltaj-yukselmesiyle-cikan-yangin-oranlari-hayli-yuksek_9869055.jpg?fit=1000%2C1000","jetpack_sharing_enabled":true,"jetpack_shortlink":"https:\/\/wp.me\/paKIfm-Pfr","_links":{"self":[{"href":"http:\/\/www.tvturk.com\/index.php\/wp-json\/wp\/v2\/posts\/197001","targetHints":{"allow":["GET"]}}],"collection":[{"href":"http:\/\/www.tvturk.com\/index.php\/wp-json\/wp\/v2\/posts"}],"about":[{"href":"http:\/\/www.tvturk.com\/index.php\/wp-json\/wp\/v2\/types\/post"}],"author":[{"embeddable":true,"href":"http:\/\/www.tvturk.com\/index.php\/wp-json\/wp\/v2\/users\/1"}],"replies":[{"embeddable":true,"href":"http:\/\/www.tvturk.com\/index.php\/wp-json\/wp\/v2\/comments?post=197001"}],"version-history":[{"count":0,"href":"http:\/\/www.tvturk.com\/index.php\/wp-json\/wp\/v2\/posts\/197001\/revisions"}],"wp:featuredmedia":[{"embeddable":true,"href":"http:\/\/www.tvturk.com\/index.php\/wp-json\/wp\/v2\/media\/197002"}],"wp:attachment":[{"href":"http:\/\/www.tvturk.com\/index.php\/wp-json\/wp\/v2\/media?parent=197001"}],"wp:term":[{"taxonomy":"category","embeddable":true,"href":"http:\/\/www.tvturk.com\/index.php\/wp-json\/wp\/v2\/categories?post=197001"},{"taxonomy":"post_tag","embeddable":true,"href":"http:\/\/www.tvturk.com\/index.php\/wp-json\/wp\/v2\/tags?post=197001"}],"curies":[{"name":"wp","href":"https:\/\/api.w.org\/{rel}","templated":true}]}}