{"id":197007,"date":"2019-08-28T13:32:37","date_gmt":"2019-08-28T10:32:37","guid":{"rendered":"http:\/\/www.tvturk.com\/index.php\/fransa-yolcusu-ertugrul-veda-turuna-cikti\/"},"modified":"2019-08-28T13:32:37","modified_gmt":"2019-08-28T10:32:37","slug":"fransa-yolcusu-ertugrul-veda-turuna-cikti","status":"publish","type":"post","link":"http:\/\/www.tvturk.com\/index.php\/fransa-yolcusu-ertugrul-veda-turuna-cikti\/","title":{"rendered":"Fransa yolcusu Ertu\u011frul ved\u00e2 turuna \u00e7\u0131kt\u0131"},"content":{"rendered":"<p>Fransa 2. Futbol Ligi ekibi Le Havre\u2019ye transfer olan Bursaspor\u2019un mill\u00ee oyuncusu Ertu\u011frul Ersoy, ved\u00e2 i\u00e7in Bursa B\u00fcy\u00fck\u015fehir Belediye Ba\u015fkan\u0131 Alinur Akta\u015f\u2019\u0131 ziyaret etti.<\/p>\n<p>Ba\u015fkan Alinur Akta\u015f,  Fransa 2. Futbol Ligi ekibi Le Havre\u2019ye transfer olan Bursaspor\u2019un mill\u00ee oyuncusu Ertu\u011frul Ersoy\u2019u a\u011f\u0131rlad\u0131. Bug\u00fcne kadar Bursaspor\u2019a verdi\u011fi emekler i\u00e7in gen\u00e7 sporcuya te\u015fekk\u00fcr eden Ba\u015fkan Akta\u015f, \u201cKendisi bu \u015fehrin yeti\u015ftirdi\u011fi, Bursaspor\u2019a g\u00fczel hizmetler etmi\u015f, canla ba\u015fla \u00e7al\u0131\u015fm\u0131\u015f bir karde\u015fimiz. \u015eu \u00e2n itibariyle Fransa\u2019n\u0131n Le Havre tak\u0131m\u0131yla anla\u015ft\u0131. 2019 2020 sezonunda oras\u0131 i\u00e7in ter d\u00f6kecek. Bir T\u00fcrkiye Cumhuriyeti vatanda\u015f\u0131 olarak, Bursa\u2019n\u0131n evlad\u0131 olarak, in\u015fallah formas\u0131n\u0131 en g\u00fczel \u015fekilde terletip gururumuz olacak. Biz de kendisini yakinen takip edece\u011fiz. \u0130nan\u0131yor ve \u00fcmit ediyorum ki mill\u00ee tak\u0131mda da \u00f6nemli katk\u0131lar\u0131 olacak. Bu transferin kendisine, \u00e2ilesine ve \u015fehrimize hay\u0131rl\u0131 olmas\u0131n\u0131 diliyorum. Bu transferden Bursaspor da kazan\u00e7l\u0131 \u00e7\u0131km\u0131\u015ft\u0131r. Ben Ertu\u011frul\u2019un ba\u015far\u0131lar\u0131n\u0131n devam\u0131n\u0131 diliyorum\u201d diye konu\u015ftu.<\/p>\n<p>Art\u0131k Frans\u0131z Kul\u00fcb\u00fc i\u00e7in ter d\u00f6kecek olan Ertu\u011frul Ersoy da Bursaspor\u2019da kaptanl\u0131k yapt\u0131\u011f\u0131 d\u00f6nemde Ba\u015fkan Akta\u015f\u2019\u0131n, ba\u015fkandan ziyade bir abi gibi oldu\u011funu belirterek, ved\u00e2 ziyaretlerine Ba\u015fkan Akta\u015f\u2019tan ba\u015flad\u0131\u011f\u0131n\u0131 s\u00f6yledi. Ba\u015fkan Akta\u015f\u2019\u0131n, s\u0131k\u0131nt\u0131l\u0131 d\u00f6nemlerde her zaman arkalar\u0131nda durdu\u011funu ve destek verdi\u011fini ifade eden Ersoy, Fransa\u2019da Bursa\u2019y\u0131 en g\u00fczel \u015fekilde temsil edece\u011fini vurgulad\u0131.<\/p>\n","protected":false},"excerpt":{"rendered":"<p>FRANSA 2. FUTBOL L\u0130G\u0130 EK\u0130B\u0130 LE HAVRE\u2019YE TRANSFER OLAN BURSASPOR&#8217;UN M\u0130LL\u00ce OYUNCUSU ERTU\u011eRUL ERSOY, VED\u00c2 \u0130\u00c7\u0130N BURSA B\u00dcY\u00dcK\u015eEH\u0130R BELED\u0130YE BA\u015eKANI AL\u0130NUR AKTA\u015e\u2019I Z\u0130YARET ETT\u0130.<\/p>\n","protected":false},"author":1,"featured_media":197008,"comment_status":"closed","ping_status":"open","sticky":false,"template":"","format":"standard","meta":{"jetpack_post_was_ever_published":false,"_jetpack_newsletter_access":"","_jetpack_dont_email_post_to_subs":false,"_jetpack_newsletter_tier_id":0,"_jetpack_memberships_contains_paywalled_content":false,"_jetpack_memberships_contains_paid_content":false,"footnotes":"","jetpack_publicize_message":"","jetpack_publicize_feature_enabled":true,"jetpack_social_post_already_shared":true,"jetpack_social_options":{"image_generator_settings":{"template":"highway","default_image_id":0,"font":"","enabled":false},"version":2}},"categories":[657],"tags":[1202,8333,4545,19910,4421,5464],"class_list":["post-197007","post","type-post","status-publish","format-standard","has-post-thumbnail","hentry","category-spor","tag-cikti","tag-ertugrul","tag-fransa","tag-turuna","tag-veda","tag-yolcusu"],"jetpack_publicize_connections":[],"jetpack_featured_media_url":"https:\/\/i0.wp.com\/www.tvturk.com\/wp-content\/uploads\/2019\/08\/fransa-yolcusu-ertugrul-ved-turuna-cikti_d813fd1.jpg?fit=1000%2C667","jetpack_sharing_enabled":true,"jetpack_shortlink":"https:\/\/wp.me\/paKIfm-Pfx","_links":{"self":[{"href":"http:\/\/www.tvturk.com\/index.php\/wp-json\/wp\/v2\/posts\/197007","targetHints":{"allow":["GET"]}}],"collection":[{"href":"http:\/\/www.tvturk.com\/index.php\/wp-json\/wp\/v2\/posts"}],"about":[{"href":"http:\/\/www.tvturk.com\/index.php\/wp-json\/wp\/v2\/types\/post"}],"author":[{"embeddable":true,"href":"http:\/\/www.tvturk.com\/index.php\/wp-json\/wp\/v2\/users\/1"}],"replies":[{"embeddable":true,"href":"http:\/\/www.tvturk.com\/index.php\/wp-json\/wp\/v2\/comments?post=197007"}],"version-history":[{"count":0,"href":"http:\/\/www.tvturk.com\/index.php\/wp-json\/wp\/v2\/posts\/197007\/revisions"}],"wp:featuredmedia":[{"embeddable":true,"href":"http:\/\/www.tvturk.com\/index.php\/wp-json\/wp\/v2\/media\/197008"}],"wp:attachment":[{"href":"http:\/\/www.tvturk.com\/index.php\/wp-json\/wp\/v2\/media?parent=197007"}],"wp:term":[{"taxonomy":"category","embeddable":true,"href":"http:\/\/www.tvturk.com\/index.php\/wp-json\/wp\/v2\/categories?post=197007"},{"taxonomy":"post_tag","embeddable":true,"href":"http:\/\/www.tvturk.com\/index.php\/wp-json\/wp\/v2\/tags?post=197007"}],"curies":[{"name":"wp","href":"https:\/\/api.w.org\/{rel}","templated":true}]}}