{"id":197029,"date":"2019-08-28T14:16:32","date_gmt":"2019-08-28T11:16:32","guid":{"rendered":"http:\/\/www.tvturk.com\/index.php\/engelliler-zafer-bayramini-su-altinda-kutladi\/"},"modified":"2019-08-28T14:16:32","modified_gmt":"2019-08-28T11:16:32","slug":"engelliler-zafer-bayramini-su-altinda-kutladi","status":"publish","type":"post","link":"http:\/\/www.tvturk.com\/index.php\/engelliler-zafer-bayramini-su-altinda-kutladi\/","title":{"rendered":"Engelliler Zafer Bayram\u0131\u2019n\u0131 su alt\u0131nda kutlad\u0131"},"content":{"rendered":"<p>30 A\u011fustos Zafer Bayram\u0131\u2019n\u0131n 97. y\u0131l d\u00f6n\u00fcm\u00fc, Ba\u011fc\u0131lar Belediyesi ve Deniz Kuvvetleri Komutanl\u0131\u011f\u0131 taraf\u0131ndan ger\u00e7ekle\u015ftirilen &#8220;Zafer Dal\u0131\u015f\u0131&#8221;yla kutland\u0131. \u0130stanbul Bo\u011faz\u0131\u2019n\u0131n derin sular\u0131na t\u00fcpl\u00fc dal\u0131\u015f yapan engelli 5 gen\u00e7, cesaretleriyle takdir toplad\u0131.<\/p>\n<p>T\u00fcrk tarihinin d\u00f6n\u00fcm noktalar\u0131ndan biri olan 30 A\u011fustos Zafer Bayram\u0131\u2019n\u0131n 97. y\u0131l\u0131nda Ba\u011fc\u0131lar Belediyesi ve Deniz Kuvvetleri Komutanl\u0131\u011f\u0131 taraf\u0131ndan \u201cZafer Dal\u0131\u015f\u0131\u201d d\u00fczenlendi. Bu \u00e7er\u00e7evede Ba\u011fc\u0131lar Belediyesi Su Alt\u0131 ve Su \u00dcst\u00fc Sporlar\u0131 Kul\u00fcb\u00fc \u00f6\u011frencileri, Kurtarma ve Sualt\u0131 Komutanl\u0131\u011f\u0131nda bir araya geldi. Program\u0131n a\u00e7\u0131l\u0131\u015f konu\u015fmas\u0131n\u0131 yapan Ba\u011fc\u0131lar Belediye Ba\u015fkan\u0131 Lokman \u00c7a\u011f\u0131r\u0131c\u0131, \u201c30 A\u011fustos Zafer Bayram\u0131m\u0131z\u0131n 97. y\u0131l\u0131n\u0131 kutluyoruz. A\u011fustos ay\u0131 tarihimize bakt\u0131\u011f\u0131m\u0131zda zaferlerle dolu bir ay\u0131m\u0131z. 1071\u2019den ba\u015flayan s\u00fcre\u00e7te 30 A\u011fustos\u2019la birlikte T\u00fcrk tarihinde bir\u00e7ok ba\u015far\u0131lar elde edilmi\u015f. Biz de Ba\u011fc\u0131lar Belediyesi olarak bug\u00fcn Engelliler Saray\u0131\u2019ndaki Su Alt\u0131 ve Su \u00dcst\u00fc Sporlar\u0131 Kul\u00fcb\u00fcm\u00fczle birlikte farkl\u0131 bir etkinli\u011fe imza at\u0131yoruz. Deniz Kuvvetleri Komutanl\u0131\u011f\u0131m\u0131z, Beykoz Sualt\u0131 E\u011fitim Komutanl\u0131\u011f\u0131 ile m\u00fc\u015fterek olarak ev sahipli\u011fi yap\u0131yor bizlere. Kendilerine te\u015fekk\u00fcr ediyorum. Bizlere bu \u00fclkeyi vatan k\u0131lan, kanlar\u0131yla, canlar\u0131yla bizlere buray\u0131 emanet eden t\u00fcm \u015fehitlerimizi de bu vesileyle rahmet ve minnetle an\u0131yoruz. Ba\u015fta Kurtulu\u015f Sava\u015flar\u0131, \u00c7anakkale \u015fehitlerimiz, 15 Temmuz \u015fehitlerimiz ve ter\u00f6rle m\u00fccadelede halen devam eden t\u00fcm \u015fehitlerimiz i\u00e7in rahmet diliyoruz. \u0130n\u015fallah bu \u00fclke onlarla birlikte var olacak. Bizler \u015fehitleriyle ve gazileriyle ya\u015fayan bir toplulu\u011fuz. Onlar\u0131 asla unutmad\u0131k, unutmayaca\u011f\u0131z. Tarihte ya\u015fananlar\u0131n tekerr\u00fcr etmemesi ad\u0131na unutmadan, unutturmadan gelece\u011fe emin ad\u0131mlarla ilerleyece\u011fiz\u201d dedi.<\/p>\n<p>Kurtarma ve Sualt\u0131 Komutan\u0131 Deniz Albay Niyazi U\u011fur ise, \u201c30 A\u011fustos Zafer Bayram\u0131 ve T\u00fcrk Silahl\u0131 Kuvvetleri G\u00fcn\u00fc m\u00fcnasebetiyle T\u00fcrk Silahl\u0131 Kuvvetleri ve Deniz Kuvvetleri Komutanl\u0131\u011f\u0131n\u0131n bir sosyal faaliyetinde engelli arkada\u015flar\u0131m\u0131zla birlikteyiz. Onlar\u0131n g\u00f6zlerinden okunan engellere kar\u015f\u0131 ba\u015farma azmi yapt\u0131\u011f\u0131m\u0131z faaliyetler konusunda bizleri daha da g\u00fc\u00e7lendiriyor. Burada birlikte olman\u0131n b\u00fcy\u00fck gururunu ya\u015f\u0131yoruz. Say\u0131n ba\u015fkan\u0131m\u0131n da s\u00f6yledi\u011fi gibi bunu \u00f6n\u00fcm\u00fczdeki s\u00fcre\u00e7te de devam ettirece\u011fiz. Hepsine bu organizasyon i\u00e7in te\u015fekk\u00fcr ediyorum. Kurtarma ve Sualt\u0131 Komutanl\u0131\u011f\u0131, T\u00fcrk Deniz Kuvvetleri Komutanl\u0131\u011f\u0131n\u0131n bir birimi olarak milli savunma sanayiinin kendi imkanlar\u0131yla yerine getirilen bir s\u00fcr\u00fc sistemle donat\u0131lm\u0131\u015f bir komutanl\u0131kt\u0131r. Bu haliyle d\u00fcnyada say\u0131l\u0131, Akdeniz\u2019de de tek g\u00fcc\u00fcz. Bundan da b\u00fcy\u00fck gurur duyuyoruz. Halk\u0131m\u0131z ve vatan\u0131m\u0131z da bununla gurur duysun. Bizler burada var oldu\u011fumuz s\u00fcrece \u00fczerimizde oynanan oyunlar\u0131n hi\u00e7birine m\u00fcsaade etmeyece\u011fiz. Elimizden geldi\u011fince arkada\u015flar\u0131m\u0131za da sosyal faaliyetler konusunda her t\u00fcrl\u00fc deste\u011fi sa\u011flayaca\u011f\u0131z\u201d diye konu\u015ftu.<\/p>\n<p>Konu\u015fmalar\u0131n ard\u0131ndan Ba\u011fc\u0131lar Belediyesi Su Alt\u0131 ve Su \u00dcst\u00fc Sporlar\u0131 Kul\u00fcb\u00fc \u00f6\u011frencileri, botlarla \u0130stanbul Bo\u011faz\u0131\u2019na a\u00e7\u0131ld\u0131. Botla k\u0131sa bir tur atan engelliler, daha sonra birinci s\u0131n\u0131f dalg\u0131\u00e7 \u00f6zel ihtisasl\u0131 personel e\u015fli\u011finde e\u011fitim sahas\u0131nda t\u00fcpl\u00fc dal\u0131\u015f ger\u00e7ekle\u015ftirdi. Su alt\u0131nda foto\u011fraf \u00e7ekinen g\u00f6rme, i\u015fitme, s\u00fcre\u011fen, fiziksel ve zihinsel engelli dalg\u0131\u00e7lar, su y\u00fcz\u00fcne \u00e7\u0131kt\u0131\u011f\u0131nda me\u015fale yak\u0131p T\u00fcrk Bayra\u011f\u0131 a\u00e7t\u0131. Program\u0131n sonunda g\u00fcn\u00fcn an\u0131s\u0131na etkinlikte dal\u0131\u015f yapanlara sertifika verildi.<\/p>\n<p>Dal\u0131\u015f \u00f6ncesinde \u0130HA\u2019ya konu\u015fan engelli Hamza Demir, \u201cB\u00fct\u00fcn haz\u0131rl\u0131klar\u0131m\u0131z tamam. Bug\u00fcnk\u00fc dal\u0131\u015f\u0131 30 A\u011fustos Zafer Bayram\u0131\u2019na \u00f6zel yap\u0131yoruz. Suyun alt\u0131 zaten bamba\u015fka bir d\u00fcnya. \u00d6nyarg\u0131lar\u0131n olmad\u0131\u011f\u0131, engellerin olmad\u0131\u011f\u0131, herkesin tamam\u0131yla e\u015fit oldu\u011fu bir d\u00fcnya. Bir de buna manevi de\u011fer, Zafer Bayram\u0131 eklendi\u011fi zaman bug\u00fcnk\u00fc dal\u0131\u015f\u0131n tad\u0131 bir ba\u015fka olacakt\u0131r\u201d dedi.<\/p>\n<p>Ali Sa\u011flam isimli engelli vatanda\u015f ise, \u201c5 y\u0131ld\u0131r Zafer Dal\u0131\u015f\u0131 yap\u0131yorum. Gelip burada bayra\u011f\u0131m\u0131z\u0131 a\u00e7\u0131yoruz, 30 A\u011fustos Zafer Bayram\u0131\u2019n\u0131 kutluyoruz. Mutluyuz, engelliler olarak biz bunu yapabiliyorsak engelleri a\u015ft\u0131k. D\u00fc\u015f\u00fcnm\u00fcyoruz art\u0131k suyun alt\u0131nda, \u00f6zg\u00fcrce bayra\u011f\u0131m\u0131z\u0131 a\u00e7\u0131yoruz. Benim sol taraf\u0131m fel\u00e7. Ama ben bunu y\u00fczmeyle, dalmayla atlataca\u011f\u0131ma inan\u0131yorum. Y\u00fczmenin bu i\u015fin rehabilitasyonuna \u00e7ok iyi geldi\u011fini s\u00f6yleyebilirim\u201d diye konu\u015ftu.<\/p>\n<p>Diren Demircan, \u201cBen burada dal\u0131\u015f e\u011fitimi alt\u0131m. Dal\u0131\u015f yap\u0131yorum, bayrak a\u00e7aca\u011f\u0131m. Bayrak da g\u00fczel olacak. G\u00fczel bir dal\u0131\u015f olacak\u201d derken, anne Kamuran Demircan, \u201cBug\u00fcn o\u011flum dal\u0131yor. Heyecanl\u0131y\u0131z, \u00e7ok g\u00fczel bir duygu. \u00c7ok iyi haz\u0131rland\u0131, hi\u00e7 heyecan yapmad\u0131. 1 y\u0131ld\u0131r haz\u0131rlan\u0131yor. Bug\u00fcn de 30 A\u011fustos Zafer Bayram\u0131. \u0130n\u015fallah \u00e7ok g\u00fczel olacak\u201d dedi.<\/p>\n","protected":false},"excerpt":{"rendered":"<p>\u0130STANBUL BO\u011eAZI\u2019NIN DER\u0130N SULARINA T\u00dcPL\u00dc DALI\u015e YAPAN ENGELL\u0130 5 GEN\u00c7, CESARETLER\u0130YLE TAKD\u0130R TOPLADI.<\/p>\n","protected":false},"author":1,"featured_media":197030,"comment_status":"closed","ping_status":"open","sticky":false,"template":"","format":"standard","meta":{"jetpack_post_was_ever_published":false,"_jetpack_newsletter_access":"","_jetpack_dont_email_post_to_subs":false,"_jetpack_newsletter_tier_id":0,"_jetpack_memberships_contains_paywalled_content":false,"_jetpack_memberships_contains_paid_content":false,"footnotes":"","jetpack_publicize_message":"","jetpack_publicize_feature_enabled":true,"jetpack_social_post_already_shared":true,"jetpack_social_options":{"image_generator_settings":{"template":"highway","default_image_id":0,"font":"","enabled":false},"version":2}},"categories":[1],"tags":[3114,20774,4760,4040,1868],"class_list":["post-197029","post","type-post","status-publish","format-standard","has-post-thumbnail","hentry","category-genel","tag-altinda","tag-bayramini","tag-engelliler","tag-kutladi","tag-zafer"],"jetpack_publicize_connections":[],"jetpack_featured_media_url":"https:\/\/i0.wp.com\/www.tvturk.com\/wp-content\/uploads\/2019\/08\/engelliler-zafer-bayramini-su-altinda-kutladi_29dc243.jpg?fit=1000%2C750","jetpack_sharing_enabled":true,"jetpack_shortlink":"https:\/\/wp.me\/paKIfm-PfT","_links":{"self":[{"href":"http:\/\/www.tvturk.com\/index.php\/wp-json\/wp\/v2\/posts\/197029","targetHints":{"allow":["GET"]}}],"collection":[{"href":"http:\/\/www.tvturk.com\/index.php\/wp-json\/wp\/v2\/posts"}],"about":[{"href":"http:\/\/www.tvturk.com\/index.php\/wp-json\/wp\/v2\/types\/post"}],"author":[{"embeddable":true,"href":"http:\/\/www.tvturk.com\/index.php\/wp-json\/wp\/v2\/users\/1"}],"replies":[{"embeddable":true,"href":"http:\/\/www.tvturk.com\/index.php\/wp-json\/wp\/v2\/comments?post=197029"}],"version-history":[{"count":0,"href":"http:\/\/www.tvturk.com\/index.php\/wp-json\/wp\/v2\/posts\/197029\/revisions"}],"wp:featuredmedia":[{"embeddable":true,"href":"http:\/\/www.tvturk.com\/index.php\/wp-json\/wp\/v2\/media\/197030"}],"wp:attachment":[{"href":"http:\/\/www.tvturk.com\/index.php\/wp-json\/wp\/v2\/media?parent=197029"}],"wp:term":[{"taxonomy":"category","embeddable":true,"href":"http:\/\/www.tvturk.com\/index.php\/wp-json\/wp\/v2\/categories?post=197029"},{"taxonomy":"post_tag","embeddable":true,"href":"http:\/\/www.tvturk.com\/index.php\/wp-json\/wp\/v2\/tags?post=197029"}],"curies":[{"name":"wp","href":"https:\/\/api.w.org\/{rel}","templated":true}]}}