{"id":197045,"date":"2019-08-28T14:46:29","date_gmt":"2019-08-28T11:46:29","guid":{"rendered":"http:\/\/www.tvturk.com\/index.php\/kendisine-saldiran-kayinbiraderi-tutuklanan-leyla-kose-tutuklandigina-sevinemedim-tehditler-devam-ediyor\/"},"modified":"2019-08-28T14:46:29","modified_gmt":"2019-08-28T11:46:29","slug":"kendisine-saldiran-kayinbiraderi-tutuklanan-leyla-kose-tutuklandigina-sevinemedim-tehditler-devam-ediyor","status":"publish","type":"post","link":"http:\/\/www.tvturk.com\/index.php\/kendisine-saldiran-kayinbiraderi-tutuklanan-leyla-kose-tutuklandigina-sevinemedim-tehditler-devam-ediyor\/","title":{"rendered":"Kendisine sald\u0131ran kay\u0131nbiraderi tutuklanan Leyla K\u00f6se: &#8220;Tutukland\u0131\u011f\u0131na sevinemedim, tehditler devam ediyor&#8221;"},"content":{"rendered":"<p>Zonguldak\u2019ta Leyla K\u00f6se\u2019ye baltayla sald\u0131ran kay\u0131nbiraderi S.O.K., \u00c7aycuma Cumhuriyet Savc\u0131l\u0131\u011f\u0131n\u0131n talimat\u0131yla d\u00fcn ak\u015fam saatlerinde tutuklanm\u0131\u015ft\u0131. \u015e\u00fcphelinin tutuklanmas\u0131n\u0131n ard\u0131ndan \u0130HA\u2019ya konu\u015fan Leyla K\u00f6se, d\u00fcn ak\u015famdan itibaren telefonlar\u0131n\u0131n susmad\u0131\u011f\u0131n\u0131 ve \u015f\u00fcphelinin karde\u015flerinin devaml\u0131 kendisini arayarak tehdit edip \u015fikayetinden vazge\u00e7mesini istediklerini iddia etti.<\/p>\n<p>\u00c7aycuma il\u00e7esine ba\u011fl\u0131 G\u00f6k\u00e7etabaklar k\u00f6y\u00fcnde ya\u015fayan 3 \u00e7ocuk annesi 50 ya\u015f\u0131ndaki Leyla K\u00f6se, 21 A\u011fustos g\u00fcn\u00fc kay\u0131nbiraderi S.O.K.\u2019n\u0131n baltal\u0131 sald\u0131r\u0131s\u0131na u\u011frad\u0131. Kanlar i\u00e7erisinde kalan talihsiz kad\u0131n\u0131n imdad\u0131na e\u015fi Turgut K\u00f6se yeti\u015fti. Tedavisinin ard\u0131ndan taburcu edilen Leyla K\u00f6se, savc\u0131l\u0131\u011f\u0131n talimat\u0131n\u0131n ard\u0131ndan serbest b\u0131rak\u0131lan kay\u0131nbiraderinden korktu\u011fu i\u00e7in akrabalar\u0131n\u0131n yan\u0131nda tedavisini s\u00fcrd\u00fcr\u00fcyor.<\/p>\n<p>Kay\u0131nbiraderi S.O.K.\u2019n\u0131n 30 y\u0131ld\u0131r kendisini tehdit etti\u011fini ve sald\u0131rd\u0131\u011f\u0131n\u0131 iddia eden Leyla K\u00f6se, ya\u015fad\u0131\u011f\u0131 dram\u0131 gazetecilere anlatt\u0131. Kamuoyunda \u00e7\u0131kan haberlerin ard\u0131ndan S.O.K., \u00c7aycuma Cumhuriyet Savc\u0131l\u0131\u011f\u0131n\u0131n talimat\u0131n\u0131n ard\u0131ndan g\u00f6zalt\u0131na al\u0131nd\u0131. Zanl\u0131, d\u00fcn ak\u015fam saatlerinde tutuklanarak cezaevine g\u00f6nderilmi\u015fti.<\/p>\n<p>&#8220;Cezaevinden \u00e7\u0131kt\u0131\u011f\u0131 zaman beni \u00f6ld\u00fcrecek&#8221;<\/p>\n<p>Sald\u0131rgan\u0131n tutukland\u0131\u011f\u0131na sevinemedi\u011fine belirten Leyla K\u00f6se, &#8220;Cezaevine at\u0131ld\u0131\u011f\u0131na sevinemedim ve tehditler devam ediyor. \u015eimdi endi\u015felerim ve korkular\u0131m daha \u00e7ok. Arayanlar davamdan vazge\u00e7memi, \u015fikayetimi geri almam\u0131 ve onun oradan \u00e7\u0131kart\u0131lmas\u0131n\u0131 istiyorlar. Bu oradan \u00e7\u0131kt\u0131\u011f\u0131 zaman beni \u00f6ld\u00fcrecek. Ben bunu biliyorum korkudan evimde ya\u015fayam\u0131yorum ve b\u00fct\u00fcn hayat\u0131m\u0131 mahvetti. \u015eahs\u0131n karde\u015fleri ar\u0131yor tehdit ediyorlar yapmad\u0131klar\u0131n\u0131 ve s\u00f6ylemediklerini b\u0131rakm\u0131yorlar bana. \u2019Davandan \u00f6yle de vazge\u00e7eceksin b\u00f6yle de vazge\u00e7eceksin, e\u011fer davadan vazge\u00e7mezsen kocan\u0131 hapse att\u0131raca\u011f\u0131z\u2019 diyorlar. Benim can\u0131ma kast eden o ak\u015fam \u00f6ld\u00fcrmeye kalkan bir insan\u0131 ben asla ve asla affetmiyorum ve davamdan da vazge\u00e7miyorum. Ben \u015fahs\u0131n tutukland\u0131\u011f\u0131n\u0131 akrabalar\u0131 ve karde\u015fleri beni arad\u0131\u011f\u0131 zaman \u00f6\u011frendim&#8221; dedi.<\/p>\n","protected":false},"excerpt":{"rendered":"<p>KEND\u0130S\u0130NE SALDIRAN KAYINB\u0130RADER\u0130 TUTUKLANAN LEYLA K\u00d6SE: &#8220;TUTUKLANDI\u011eINA SEV\u0130NEMED\u0130M, TEHD\u0130TLER DEVAM ED\u0130YOR&#8221;  DED\u0130.<\/p>\n","protected":false},"author":1,"featured_media":197046,"comment_status":"closed","ping_status":"open","sticky":false,"template":"","format":"standard","meta":{"jetpack_post_was_ever_published":false,"_jetpack_newsletter_access":"","_jetpack_dont_email_post_to_subs":false,"_jetpack_newsletter_tier_id":0,"_jetpack_memberships_contains_paywalled_content":false,"_jetpack_memberships_contains_paid_content":false,"footnotes":"","jetpack_publicize_message":"","jetpack_publicize_feature_enabled":true,"jetpack_social_post_already_shared":true,"jetpack_social_options":{"image_generator_settings":{"template":"highway","default_image_id":0,"font":"","enabled":false},"version":2}},"categories":[1],"tags":[49504,522,523,24036,15323,18960,575,26572,49505,26913,8694],"class_list":["post-197045","post","type-post","status-publish","format-standard","has-post-thumbnail","hentry","category-genel","tag-tutuklandigina","tag-devam","tag-ediyor","tag-kayinbiraderi","tag-kendisine","tag-kose","tag-leyla","tag-saldiran","tag-sevinemedim","tag-tehditler","tag-tutuklanan"],"jetpack_publicize_connections":[],"jetpack_featured_media_url":"https:\/\/i0.wp.com\/www.tvturk.com\/wp-content\/uploads\/2019\/08\/kendisine-saldiran-kayinbiraderi-tutuklanan-leyla-kose-tutuklandigina-sevinemedim-tehditler-devam-ediyor_3b7fbbc.jpg?fit=1000%2C664","jetpack_sharing_enabled":true,"jetpack_shortlink":"https:\/\/wp.me\/paKIfm-Pg9","_links":{"self":[{"href":"http:\/\/www.tvturk.com\/index.php\/wp-json\/wp\/v2\/posts\/197045","targetHints":{"allow":["GET"]}}],"collection":[{"href":"http:\/\/www.tvturk.com\/index.php\/wp-json\/wp\/v2\/posts"}],"about":[{"href":"http:\/\/www.tvturk.com\/index.php\/wp-json\/wp\/v2\/types\/post"}],"author":[{"embeddable":true,"href":"http:\/\/www.tvturk.com\/index.php\/wp-json\/wp\/v2\/users\/1"}],"replies":[{"embeddable":true,"href":"http:\/\/www.tvturk.com\/index.php\/wp-json\/wp\/v2\/comments?post=197045"}],"version-history":[{"count":0,"href":"http:\/\/www.tvturk.com\/index.php\/wp-json\/wp\/v2\/posts\/197045\/revisions"}],"wp:featuredmedia":[{"embeddable":true,"href":"http:\/\/www.tvturk.com\/index.php\/wp-json\/wp\/v2\/media\/197046"}],"wp:attachment":[{"href":"http:\/\/www.tvturk.com\/index.php\/wp-json\/wp\/v2\/media?parent=197045"}],"wp:term":[{"taxonomy":"category","embeddable":true,"href":"http:\/\/www.tvturk.com\/index.php\/wp-json\/wp\/v2\/categories?post=197045"},{"taxonomy":"post_tag","embeddable":true,"href":"http:\/\/www.tvturk.com\/index.php\/wp-json\/wp\/v2\/tags?post=197045"}],"curies":[{"name":"wp","href":"https:\/\/api.w.org\/{rel}","templated":true}]}}