{"id":197067,"date":"2019-08-28T15:16:33","date_gmt":"2019-08-28T12:16:33","guid":{"rendered":"http:\/\/www.tvturk.com\/index.php\/research-turkiye-eylulde-cikiyor\/"},"modified":"2019-08-28T15:16:33","modified_gmt":"2019-08-28T12:16:33","slug":"research-turkiye-eylulde-cikiyor","status":"publish","type":"post","link":"http:\/\/www.tvturk.com\/index.php\/research-turkiye-eylulde-cikiyor\/","title":{"rendered":"Research T\u00fcrkiye Eyl\u00fcl\u2019de \u00e7\u0131k\u0131yor"},"content":{"rendered":"<p>\u0130\u015f d\u00fcnyas\u0131n\u0131n merakla bekledi\u011fi alan\u0131nda ilk ve tek olma \u00f6zelli\u011fine sahip Research T\u00fcrkiye Gazetesi, 5 Eyl\u00fcl\u2019de okurlar\u0131yla bulu\u015facak.<\/p>\n<p>Ekonominin g\u00fcndemini yak\u0131ndan takip ederken, i\u015f d\u00fcnyas\u0131, y\u00f6neticiler, giri\u015fimciler, yat\u0131r\u0131mc\u0131lar ve KOB\u0130\u2019ler i\u00e7in vazge\u00e7ilmez bir referans kayna\u011f\u0131 olacak olan Research T\u00fcrkiye gazetesi \u2018\u2019Deneyimini En \u0130yi Y\u00f6neten Markalar\u2019\u2019slogan\u0131yla 100.000 adet tiraj hedeflenmekte. Bayilik ve franchise veren yerli-yabanc\u0131 markalar\u0131n haber ve tan\u0131t\u0131mlar\u0131na imkan sa\u011flayan giri\u015fimciler ve yat\u0131r\u0131mc\u0131lar\u0131n \u00f6zel r\u00f6portajlar\u0131n\u0131 i\u00e7eren ara\u015ft\u0131rma ve marka gazetesi uzun soluklu bir reklam alan\u0131 i\u00e7ermekte.<\/p>\n<p>Research T\u00fcrkiye Franchise veren markalar\u0131, kendi i\u015fini kurmak isteyen ve i\u015f f\u0131rsatlar\u0131n\u0131 d\u00fczenli olarak takip eden yat\u0131r\u0131mc\u0131 adaylar\u0131n\u0131, franchise sekt\u00f6r\u00fcne mal ve hizmet vermek isteyen tedarik\u00e7i firmalar\u0131 ve sat\u0131\u015f noktalar\u0131n\u0131 artt\u0131rarak b\u00fcy\u00fcmeyi hedefleyen markalar\u0131 bulu\u015fturuyor.<\/p>\n<p>Research T\u00dcRK\u0130YE Gazetesi Google Play ve Turkcell Dergilikte de okuyucular\u0131yla bulu\u015fuyor. Research T\u00fcrkiye, her ay de\u011fi\u015fen say\u0131s\u0131 ile birlikte konular\u0131n da de\u011fi\u015ferek devam edece\u011fi marka gazetesi i\u00e7eri\u011fi global d\u00fcnyan\u0131n etkisiyle ve siz takip\u00e7ilerimizin markaya olan ilgisine y\u00f6nelik farkl\u0131l\u0131klara yer vermeye devam edecek.<\/p>\n<p>Kad\u0131n giyim \u00fcr\u00fcnlerinde pay\u0131n\u0131 giderek art\u0131ran Sarar Kad\u0131n B\u00f6l\u00fcm\u00fc Ba\u015fkan\u0131 G\u00f6zde SARARResarch T\u00fcrkiye\u2019ye deneyimlerini payla\u015ft\u0131. Stratejik Pazarlama ve Marka Uzman\u0131  Yelda \u0130pekli, marka olman\u0131n yollar\u0131n\u0131, m\u00fc\u015fteriye ula\u015fabilme stratejilerini sizler i\u00e7in Resarch T\u00fcrkiye ile payla\u015ft\u0131. T\u00fcrkiye\u2019de giyim konusunda \u00f6nemli konuma sahip ve toplumun her kitlesine hitap eden bir marka olan \u201cDefacto\u201d Research T\u00fcrkiye gazetesinin ilk say\u0131s\u0131nda yapt\u0131\u011f\u0131 sosyal sosyal sorumluluk projelerini anlatt\u0131.<\/p>\n<p>Research T\u00fcrkiye Gazetesi hem marka ara\u015ft\u0131rmalar\u0131 hem de i\u015f d\u00fcnyas\u0131yla birlikte bir\u00e7ok ismi her say\u0131da konuk olarak bulunduracak, kad\u0131n ve yeni nesil i\u00e7in yeni i\u015f f\u0131rsatlar\u0131n geli\u015fimi g\u00f6z \u00f6n\u00fcnde tutularak ara\u015ft\u0131rmalar\u0131n\u0131 yapacak.<\/p>\n","protected":false},"excerpt":{"rendered":"<p>D\u00dcNYASININ MERAKLA BEKLED\u0130\u011e\u0130 ALANINDA \u0130LK VE TEK OLMA \u00d6ZELL\u0130\u011e\u0130NE SAH\u0130P RESEARCH T\u00dcRK\u0130YE GAZETES\u0130, 5 EYL\u00dcL\u2019DE OKURLARIYLA BULU\u015eACAK.<\/p>\n","protected":false},"author":1,"featured_media":197068,"comment_status":"closed","ping_status":"open","sticky":false,"template":"","format":"standard","meta":{"jetpack_post_was_ever_published":false,"_jetpack_newsletter_access":"","_jetpack_dont_email_post_to_subs":false,"_jetpack_newsletter_tier_id":0,"_jetpack_memberships_contains_paywalled_content":false,"_jetpack_memberships_contains_paid_content":false,"footnotes":"","jetpack_publicize_message":"","jetpack_publicize_feature_enabled":true,"jetpack_social_post_already_shared":true,"jetpack_social_options":{"image_generator_settings":{"template":"highway","default_image_id":0,"font":"","enabled":false},"version":2}},"categories":[1],"tags":[46462,2233,38885,453],"class_list":["post-197067","post","type-post","status-publish","format-standard","has-post-thumbnail","hentry","category-genel","tag-research","tag-cikiyor","tag-eylulde","tag-turkiye"],"jetpack_publicize_connections":[],"jetpack_featured_media_url":"https:\/\/i0.wp.com\/www.tvturk.com\/wp-content\/uploads\/2019\/08\/research-turkiye-eylulde-cikiyor_1242827.jpg?fit=841%2C1000","jetpack_sharing_enabled":true,"jetpack_shortlink":"https:\/\/wp.me\/paKIfm-Pgv","_links":{"self":[{"href":"http:\/\/www.tvturk.com\/index.php\/wp-json\/wp\/v2\/posts\/197067","targetHints":{"allow":["GET"]}}],"collection":[{"href":"http:\/\/www.tvturk.com\/index.php\/wp-json\/wp\/v2\/posts"}],"about":[{"href":"http:\/\/www.tvturk.com\/index.php\/wp-json\/wp\/v2\/types\/post"}],"author":[{"embeddable":true,"href":"http:\/\/www.tvturk.com\/index.php\/wp-json\/wp\/v2\/users\/1"}],"replies":[{"embeddable":true,"href":"http:\/\/www.tvturk.com\/index.php\/wp-json\/wp\/v2\/comments?post=197067"}],"version-history":[{"count":0,"href":"http:\/\/www.tvturk.com\/index.php\/wp-json\/wp\/v2\/posts\/197067\/revisions"}],"wp:featuredmedia":[{"embeddable":true,"href":"http:\/\/www.tvturk.com\/index.php\/wp-json\/wp\/v2\/media\/197068"}],"wp:attachment":[{"href":"http:\/\/www.tvturk.com\/index.php\/wp-json\/wp\/v2\/media?parent=197067"}],"wp:term":[{"taxonomy":"category","embeddable":true,"href":"http:\/\/www.tvturk.com\/index.php\/wp-json\/wp\/v2\/categories?post=197067"},{"taxonomy":"post_tag","embeddable":true,"href":"http:\/\/www.tvturk.com\/index.php\/wp-json\/wp\/v2\/tags?post=197067"}],"curies":[{"name":"wp","href":"https:\/\/api.w.org\/{rel}","templated":true}]}}