{"id":197103,"date":"2019-08-28T16:01:57","date_gmt":"2019-08-28T13:01:57","guid":{"rendered":"http:\/\/www.tvturk.com\/index.php\/ertugrul-ersoy-fetih-muzesini-ziyaret-etti\/"},"modified":"2019-08-28T16:01:57","modified_gmt":"2019-08-28T13:01:57","slug":"ertugrul-ersoy-fetih-muzesini-ziyaret-etti","status":"publish","type":"post","link":"http:\/\/www.tvturk.com\/index.php\/ertugrul-ersoy-fetih-muzesini-ziyaret-etti\/","title":{"rendered":"Ertu\u011frul Ersoy, Fetih M\u00fczesi\u2019ni ziyaret etti"},"content":{"rendered":"<p>Bursaspor\u2019dan Fransa 2. Futbol Ligi ekiplerinden Le Havre\u2019ye transfer olan mill\u00ee futbolcu Ertu\u011frul Ersoy, Osmangazi Belediyesi\u2019nin vizyon projelerinden Panorama 1326 Bursa Fetih M\u00fczesi\u2019ni ziyaret etti.<\/p>\n<p>Futbol ya\u015fant\u0131s\u0131n\u0131 Fransa\u2019da s\u00fcrd\u00fcrecek olan Ertu\u011frul Ersoy, Bursa\u2019dan ayr\u0131lmadan \u00f6nce veda ziyaretlerinde bulunuyor. \u015eehrin yeni simgelerinden olan Panorama 1326 Bursa Fetih M\u00fczesi\u2019ni ziyaret eden gen\u00e7 futbolcu, Bursa\u2019n\u0131n fethinin \u00fc\u00e7 boyutlu resmedildi\u011fi m\u00fczede tarihi yolculu\u011fa \u00e7\u0131kt\u0131. D\u00fcnyan\u0131n en b\u00fcy\u00fck tam panoramik m\u00fczesinde resim tablolar\u0131n\u0131 inceledikten sonra dev kubbeye \u00e7\u0131kan Ertu\u011frul Ersoy, \u00fc\u00e7 boyutlu resim kar\u015f\u0131s\u0131nda hayranl\u0131\u011f\u0131n\u0131 gizleyemedi. M\u00fcze hakk\u0131nda g\u00f6revlilerden bilgi alan mill\u00ee  futbolcu, Bursa\u2019n\u0131n tarihine \u0131\u015f\u0131k tutan bu esere kazand\u0131rd\u0131\u011f\u0131 i\u00e7in Osmangazi Belediye Ba\u015fkan\u0131 Mustafa D\u00fcndar\u2019a te\u015fekk\u00fcr etti.<\/p>\n","protected":false},"excerpt":{"rendered":"<p>BURSASPOR\u2019DAN FRANSA 2. FUTBOL L\u0130G\u0130 EK\u0130PLER\u0130NDEN LE HAVRE\u2019YE TRANSFER OLAN M\u0130LL\u00ce FUTBOLCU ERTU\u011eRUL ERSOY, OSMANGAZ\u0130 BELED\u0130YES\u0130\u2019N\u0130N V\u0130ZYON PROJELER\u0130NDEN PANORAMA 1326 BURSA FET\u0130H M\u00dcZES\u0130\u2019N\u0130 Z\u0130YARET ETT\u0130.<\/p>\n","protected":false},"author":1,"featured_media":197104,"comment_status":"closed","ping_status":"open","sticky":false,"template":"","format":"standard","meta":{"jetpack_post_was_ever_published":false,"_jetpack_newsletter_access":"","_jetpack_dont_email_post_to_subs":false,"_jetpack_newsletter_tier_id":0,"_jetpack_memberships_contains_paywalled_content":false,"_jetpack_memberships_contains_paid_content":false,"footnotes":"","jetpack_publicize_message":"","jetpack_publicize_feature_enabled":true,"jetpack_social_post_already_shared":true,"jetpack_social_options":{"image_generator_settings":{"template":"highway","default_image_id":0,"font":"","enabled":false},"version":2}},"categories":[1],"tags":[2868,8333,207,12420,8353,150],"class_list":["post-197103","post","type-post","status-publish","format-standard","has-post-thumbnail","hentry","category-genel","tag-ersoy","tag-ertugrul","tag-etti","tag-fetih","tag-muzesini","tag-ziyaret"],"jetpack_publicize_connections":[],"jetpack_featured_media_url":"https:\/\/i0.wp.com\/www.tvturk.com\/wp-content\/uploads\/2019\/08\/ertugrul-ersoy-fetih-muzesini-ziyaret-etti_862d3b9.jpg?fit=1000%2C632","jetpack_sharing_enabled":true,"jetpack_shortlink":"https:\/\/wp.me\/paKIfm-Ph5","_links":{"self":[{"href":"http:\/\/www.tvturk.com\/index.php\/wp-json\/wp\/v2\/posts\/197103","targetHints":{"allow":["GET"]}}],"collection":[{"href":"http:\/\/www.tvturk.com\/index.php\/wp-json\/wp\/v2\/posts"}],"about":[{"href":"http:\/\/www.tvturk.com\/index.php\/wp-json\/wp\/v2\/types\/post"}],"author":[{"embeddable":true,"href":"http:\/\/www.tvturk.com\/index.php\/wp-json\/wp\/v2\/users\/1"}],"replies":[{"embeddable":true,"href":"http:\/\/www.tvturk.com\/index.php\/wp-json\/wp\/v2\/comments?post=197103"}],"version-history":[{"count":0,"href":"http:\/\/www.tvturk.com\/index.php\/wp-json\/wp\/v2\/posts\/197103\/revisions"}],"wp:featuredmedia":[{"embeddable":true,"href":"http:\/\/www.tvturk.com\/index.php\/wp-json\/wp\/v2\/media\/197104"}],"wp:attachment":[{"href":"http:\/\/www.tvturk.com\/index.php\/wp-json\/wp\/v2\/media?parent=197103"}],"wp:term":[{"taxonomy":"category","embeddable":true,"href":"http:\/\/www.tvturk.com\/index.php\/wp-json\/wp\/v2\/categories?post=197103"},{"taxonomy":"post_tag","embeddable":true,"href":"http:\/\/www.tvturk.com\/index.php\/wp-json\/wp\/v2\/tags?post=197103"}],"curies":[{"name":"wp","href":"https:\/\/api.w.org\/{rel}","templated":true}]}}