{"id":197113,"date":"2019-08-28T16:17:06","date_gmt":"2019-08-28T13:17:06","guid":{"rendered":"http:\/\/www.tvturk.com\/index.php\/mustafa-ozben-fiba-dunya-kupasinda\/"},"modified":"2019-08-28T16:17:06","modified_gmt":"2019-08-28T13:17:06","slug":"mustafa-ozben-fiba-dunya-kupasinda","status":"publish","type":"post","link":"http:\/\/www.tvturk.com\/index.php\/mustafa-ozben-fiba-dunya-kupasinda\/","title":{"rendered":"Mustafa \u00d6zben, FIBA D\u00fcnya Kupas\u0131\u2019nda"},"content":{"rendered":"<p>Anons\u00f6rl\u00fck kariyerinde binlerce basketbol ma\u00e7\u0131nda mikrofon ba\u015f\u0131nda olan Anadolu Efes\u2019in sesi Mustafa \u00d6zben, T\u00fcrkiye\u2019yi D\u00fcnya Kupas\u0131\u2019nda temsil edecek.<\/p>\n<p>\u00c7in\u2019de 31 A\u011fustos &#8211; 15 Eyl\u00fcl tarihleri aras\u0131nda ger\u00e7ekle\u015ftirilecek FIBA D\u00fcnya Kupas\u0131\u2019nda anons\u00f6rl\u00fck yapacak olan Mustafa \u00d6zben, 9 Eyl\u00fcl Pazartesi g\u00fcn\u00fc Dongguan\u2019da oynanacak ma\u00e7larla g\u00f6revine ba\u015flayacak. Dongguan\u2019daki \u00e7eyrek final ma\u00e7lar\u0131nda da anonslar\u0131n\u0131 duyaca\u011f\u0131m\u0131z \u00d6zben, sonras\u0131nda Pekin\u2019e hareket edecek ve finallerde salondaki ses olacak.<\/p>\n<p>Mustafa \u00d6zben, bug\u00fcne kadar T\u00fcrkiye\u2019yi 2012 Londra ve 2016 Rio Olimpiyat Oyunlar\u0131\u2019nda da temsil etmi\u015fti.<\/p>\n<p>Olimpiyat Oyunlar\u0131\u2019n\u0131n yan\u0131 s\u0131ra Paralimpik Oyunlar\u0131, D\u00fcnya Basketbol \u015eampiyonas\u0131, Avrupa Basketbol \u015eampiyonas\u0131, T\u00fcrkiye Basketbol Federasyonu organizasyonlar\u0131, Anadolu Efes ma\u00e7lar\u0131 ve pek \u00e7ok spor dal\u0131nda anons\u00f6rl\u00fck yapan \u00d6zben, yapt\u0131\u011f\u0131 a\u00e7\u0131klamada, &#8220;FIBA Basketbol D\u00fcnya Kupas\u0131 2019, 18 y\u0131ll\u0131k basketbol anons\u00f6rl\u00fc\u011f\u00fc kariyerimdeki \u00fc\u00e7\u00fcnc\u00fc D\u00fcnya Kupas\u0131 organizasyonu olacak. \u00c7ok mutlu ve gururluyum. Bu ba\u015far\u0131mda b\u00fcy\u00fck rol oynayan e\u015fim \u00d6zlem \u00d6zben\u2019e ve aileme \u00e7ok te\u015fekk\u00fcr ederim. Ayr\u0131ca beni her zaman destekleyen kul\u00fcb\u00fcm Anadolu Efes\u2019e ve T\u00fcrkiye Basketbol Federasyonu Ba\u015fkan\u0131 Hidayet T\u00fcrko\u011flu\u2019na \u015f\u00fckranlar\u0131m\u0131 sunar\u0131m. D\u00fcnyan\u0131n d\u00f6rt bir yan\u0131ndan \u00c7in\u2019e gelecek basketbolseverlerin daha keyifli bir ma\u00e7 deneyimi ya\u015famas\u0131 i\u00e7in en g\u00fczel anonslar\u0131mla organizasyona renk katmaya \u00e7al\u0131\u015faca\u011f\u0131m. Umar\u0131m Milli Tak\u0131m\u0131m\u0131z da son derece ba\u015far\u0131l\u0131 bir turnuva ge\u00e7irir&#8221; diye konu\u015ftu.<\/p>\n","protected":false},"excerpt":{"rendered":"<p>ANONS\u00d6RL\u00dcK KAR\u0130YER\u0130NDE B\u0130NLERCE BASKETBOL MA\u00c7INDA M\u0130KROFON BA\u015eINDA OLAN ANADOLU EFES\u2019\u0130N SES\u0130 MUSTAFA \u00d6ZBEN, T\u00dcRK\u0130YE&#8217;Y\u0130 D\u00dcNYA KUPASI\u2019NDA TEMS\u0130L EDECEK.<\/p>\n","protected":false},"author":1,"featured_media":197114,"comment_status":"closed","ping_status":"open","sticky":false,"template":"","format":"standard","meta":{"jetpack_post_was_ever_published":false,"_jetpack_newsletter_access":"","_jetpack_dont_email_post_to_subs":false,"_jetpack_newsletter_tier_id":0,"_jetpack_memberships_contains_paywalled_content":false,"_jetpack_memberships_contains_paid_content":false,"footnotes":"","jetpack_publicize_message":"","jetpack_publicize_feature_enabled":true,"jetpack_social_post_already_shared":true,"jetpack_social_options":{"image_generator_settings":{"template":"highway","default_image_id":0,"font":"","enabled":false},"version":2}},"categories":[657],"tags":[349,3180,13607,159,49527],"class_list":["post-197113","post","type-post","status-publish","format-standard","has-post-thumbnail","hentry","category-spor","tag-dunya","tag-fiba","tag-kupasinda","tag-mustafa","tag-ozben"],"jetpack_publicize_connections":[],"jetpack_featured_media_url":"https:\/\/i0.wp.com\/www.tvturk.com\/wp-content\/uploads\/2019\/08\/mustafa-ozben-fiba-dunya-kupasinda_e1164a8.jpg?fit=1000%2C666","jetpack_sharing_enabled":true,"jetpack_shortlink":"https:\/\/wp.me\/paKIfm-Phf","_links":{"self":[{"href":"http:\/\/www.tvturk.com\/index.php\/wp-json\/wp\/v2\/posts\/197113","targetHints":{"allow":["GET"]}}],"collection":[{"href":"http:\/\/www.tvturk.com\/index.php\/wp-json\/wp\/v2\/posts"}],"about":[{"href":"http:\/\/www.tvturk.com\/index.php\/wp-json\/wp\/v2\/types\/post"}],"author":[{"embeddable":true,"href":"http:\/\/www.tvturk.com\/index.php\/wp-json\/wp\/v2\/users\/1"}],"replies":[{"embeddable":true,"href":"http:\/\/www.tvturk.com\/index.php\/wp-json\/wp\/v2\/comments?post=197113"}],"version-history":[{"count":0,"href":"http:\/\/www.tvturk.com\/index.php\/wp-json\/wp\/v2\/posts\/197113\/revisions"}],"wp:featuredmedia":[{"embeddable":true,"href":"http:\/\/www.tvturk.com\/index.php\/wp-json\/wp\/v2\/media\/197114"}],"wp:attachment":[{"href":"http:\/\/www.tvturk.com\/index.php\/wp-json\/wp\/v2\/media?parent=197113"}],"wp:term":[{"taxonomy":"category","embeddable":true,"href":"http:\/\/www.tvturk.com\/index.php\/wp-json\/wp\/v2\/categories?post=197113"},{"taxonomy":"post_tag","embeddable":true,"href":"http:\/\/www.tvturk.com\/index.php\/wp-json\/wp\/v2\/tags?post=197113"}],"curies":[{"name":"wp","href":"https:\/\/api.w.org\/{rel}","templated":true}]}}