{"id":197117,"date":"2019-08-28T16:17:32","date_gmt":"2019-08-28T13:17:32","guid":{"rendered":"http:\/\/www.tvturk.com\/index.php\/isi-gucu-birakip-cocuklariyla-birlikte-parkta-kitap-okudular\/"},"modified":"2019-08-28T16:17:32","modified_gmt":"2019-08-28T13:17:32","slug":"isi-gucu-birakip-cocuklariyla-birlikte-parkta-kitap-okudular","status":"publish","type":"post","link":"http:\/\/www.tvturk.com\/index.php\/isi-gucu-birakip-cocuklariyla-birlikte-parkta-kitap-okudular\/","title":{"rendered":"\u0130\u015fi g\u00fcc\u00fc b\u0131rak\u0131p \u00e7ocuklar\u0131yla birlikte parkta kitap okudular"},"content":{"rendered":"<p>Kastamonu\u2019nun Devrekani il\u00e7esinde ge\u00e7iminin \u00e7o\u011funlu\u011funu hayvanc\u0131l\u0131k ve tar\u0131mla sa\u011flayan vatanda\u015flar, i\u015flerini b\u0131rak\u0131p \u00e7ocuklar\u0131yla birlikte parkta kitap okudu.<\/p>\n<p>Kastamonu\u2019nun Devrekani il\u00e7esinde belediye, Devrekani TOBB Meslek Y\u00fcksekokulu ve Devrekani Milli E\u011fitim M\u00fcd\u00fcrl\u00fc\u011f\u00fc taraf\u0131ndan ba\u015flat\u0131lan \u201cDevrekani Okuyor\u201d projesi kapsam\u0131nda il\u00e7edeki \u00f6\u011frenciler, anne ve babalar\u0131yla birlikte kitap okudu. Ge\u00e7iminin b\u00fcy\u00fck \u00e7o\u011funlu\u011funu hayvanc\u0131l\u0131k ve tar\u0131m yaparak sa\u011flayan vatanda\u015flar, Cumhuriyet Meydan\u0131\u2019nda d\u00fczenlenen programa \u00e7ocuklar\u0131n\u0131 da alarak yo\u011fun kat\u0131l\u0131m g\u00f6sterdi. Etkinlikte veliler, \u00e7ocuklar\u0131yla birlikte kitap okuyarak okuman\u0131n \u00f6nemine dikkat \u00e7ekti. Etkinlik kapsam\u0131nda Devrekani Halk E\u011fitim Merkezi taraf\u0131ndan yaz kurslar\u0131 d\u00f6neminde \u00f6\u011frencilerin yapt\u0131klar\u0131 eserler sergilendi.<\/p>\n<p>Serginin a\u00e7\u0131l\u0131\u015f kurdelesini ise Devrekani Belediye Ba\u015fkan\u0131 Engin Alt\u0131kula\u00e7 ve beraberindeki protokol kesti. A\u00e7\u0131l\u0131\u015f\u0131n ard\u0131ndan Ba\u015fkan Alt\u0131kula\u00e7 ile beraberindekiler, \u00f6\u011frenciler taraf\u0131ndan yap\u0131lan eserleri gezerek g\u00f6revlilerden bilgi ald\u0131. Ard\u0131ndan belediyesi ile Y\u00fcksekokul y\u00f6netimi taraf\u0131ndan sa\u011flanan kitaplar, \u00f6\u011frenci ve velilerine da\u011f\u0131t\u0131ld\u0131. Da\u011f\u0131t\u0131m\u0131n ard\u0131ndan veliler, \u00e7ocuklar\u0131n\u0131 da yan\u0131na alarak birlikte kitap okudu.<\/p>\n<p>Etkinlikte konu\u015fan Belediye Ba\u015fkan\u0131 Engin Alt\u0131kula\u00e7, \u201cOkullar\u0131n tatil olmas\u0131yla birlikte yaz d\u00f6neminde \u00f6\u011frencilerimizin verimli bir \u015fekilde vakit ge\u00e7irebilmeleri i\u00e7in, kaliteli vakit ge\u00e7irebilmeleri i\u00e7in Halk E\u011fitim Merkezi M\u00fcd\u00fcrl\u00fc\u011f\u00fc b\u00fcnyesinde, Milli E\u011fitim M\u00fcd\u00fcrl\u00fc\u011f\u00fc ve Kaymakaml\u0131\u011f\u0131n uhdesinde bir dizi tasar\u0131, beceri, sportif kurslar d\u00fczenlendi. Netice olarak ta g\u00f6r\u00fcyoruz ki kurslar meyvesini vermi\u015f. Bizim Devrekani\u2019de ki \u00e7ocuklar\u0131m\u0131z, gen\u00e7lerimiz verimli bir \u00e7al\u0131\u015fma neticesinde bize g\u00fczel eserlerini sergilediler. Tabiki bu \u00e7ok \u00e7e\u015fitli kurslar zinciriydi. Sportif faaliyette iki bran\u015fta bir ba\u015fka il\u00e7enin tak\u0131m\u0131n\u0131 bizim il\u00e7emizin gen\u00e7leri yenmi\u015f olmas\u0131 bizleri ayr\u0131 bir mutlu etti\u201d dedi.<\/p>\n<p>Her zaman bu t\u00fcr etkinliklerin yan\u0131nda olduklar\u0131n\u0131 belirten Ba\u015fkan Alt\u0131kula\u00e7, \u201cBizler, yerel y\u00f6neticiler olarak her zaman bu t\u00fcr yap\u0131lacak veya yap\u0131lan etkinliklerin yan\u0131nda oldu\u011fumuzu bilmelerini isterim. Eskiden Belediye Ba\u015fkanl\u0131\u011f\u0131 binas\u0131 olarak kulland\u0131\u011f\u0131m\u0131z belediyeye ait yap\u0131n\u0131n Gen\u00e7lik Merkezi olarak ba\u015flat\u0131lmas\u0131 da bu t\u00fcr etkinliklerin il\u00e7emizde gerekli oldu\u011funun sonuna kadar inand\u0131\u011f\u0131m\u0131z i\u00e7indir. Devrekani\u2019de yaz boyunca 108 tane gencimiz bu t\u00fcr etkinliklere kat\u0131lm\u0131\u015f ve kaliteli bir \u015fekilde vakitlerini ge\u00e7irmi\u015flerdir. Bunun yan\u0131 s\u0131ra okuman\u0131n ne kadar \u00f6nemli oldu\u011funu g\u00f6stermek i\u00e7in, okuyan insan\u0131n vizyonunun ve ufkunun ne kadar iyi olabilece\u011fini vurgulamak i\u00e7in, bilhassa okuman\u0131n hayat\u0131m\u0131zdaki \u00f6nemini vurgulayabilmek i\u00e7in \u00fcniversitemizle belediyemiz ortakla\u015fa \u201cDevrekani Okuyor\u201d projesini d\u00fczenlemek istedik. Bu y\u00fczden il\u00e7emizdeki halk\u0131m\u0131z\u0131 da Cumhuriyet Meydan\u0131ndaki parka davet ettik ve okunmas\u0131 i\u00e7inde bir dizi kitaplar getirttik. \u0130n\u015fallah bu kitaplar\u0131 da\u011f\u0131t\u0131p hep birlikte bug\u00fcn buradaki parkta okuyaca\u011f\u0131z. Bu sayede okuman\u0131n ne kadar \u00f6nemli oldu\u011funu, gelece\u011fimiz olan \u00e7ocuklar\u0131m\u0131za biz b\u00fcy\u00fckler olarak \u00f6nemini de g\u00f6stermi\u015f olaca\u011f\u0131z. Bu etkinliklerde belediye ile \u00fcniversitemiz d\u0131\u015f\u0131nda di\u011fer kamu kurumlar\u0131 da g\u00f6rev ald\u0131, onlara da ayr\u0131ca te\u015fekk\u00fcr ediyorum\u201d diye konu\u015ftu.<\/p>\n","protected":false},"excerpt":{"rendered":"<p>KASTAMONU&#8217;NUN DEVREKAN\u0130 \u0130L\u00c7ES\u0130NDE VATANDA\u015eLAR, \u0130\u015eLER\u0130N\u0130 BIRAKIP \u00c7OCUKLARIYLA B\u0130RL\u0130KTE PARKTA K\u0130TAP OKUDU.<\/p>\n","protected":false},"author":1,"featured_media":197118,"comment_status":"closed","ping_status":"open","sticky":false,"template":"","format":"standard","meta":{"jetpack_post_was_ever_published":false,"_jetpack_newsletter_access":"","_jetpack_dont_email_post_to_subs":false,"_jetpack_newsletter_tier_id":0,"_jetpack_memberships_contains_paywalled_content":false,"_jetpack_memberships_contains_paid_content":false,"footnotes":"","jetpack_publicize_message":"","jetpack_publicize_feature_enabled":true,"jetpack_social_post_already_shared":true,"jetpack_social_options":{"image_generator_settings":{"template":"highway","default_image_id":0,"font":"","enabled":false},"version":2}},"categories":[1],"tags":[3789,5146,25852,6641,11637,4074,15453,338],"class_list":["post-197117","post","type-post","status-publish","format-standard","has-post-thumbnail","hentry","category-genel","tag-birlikte","tag-birakip","tag-cocuklariyla","tag-gucu","tag-isi","tag-kitap","tag-okudular","tag-parkta"],"jetpack_publicize_connections":[],"jetpack_featured_media_url":"https:\/\/i0.wp.com\/www.tvturk.com\/wp-content\/uploads\/2019\/08\/isi-gucu-birakip-cocuklariyla-birlikte-parkta-kitap-okudular_4b0af34.jpg?fit=1000%2C583","jetpack_sharing_enabled":true,"jetpack_shortlink":"https:\/\/wp.me\/paKIfm-Phj","_links":{"self":[{"href":"http:\/\/www.tvturk.com\/index.php\/wp-json\/wp\/v2\/posts\/197117","targetHints":{"allow":["GET"]}}],"collection":[{"href":"http:\/\/www.tvturk.com\/index.php\/wp-json\/wp\/v2\/posts"}],"about":[{"href":"http:\/\/www.tvturk.com\/index.php\/wp-json\/wp\/v2\/types\/post"}],"author":[{"embeddable":true,"href":"http:\/\/www.tvturk.com\/index.php\/wp-json\/wp\/v2\/users\/1"}],"replies":[{"embeddable":true,"href":"http:\/\/www.tvturk.com\/index.php\/wp-json\/wp\/v2\/comments?post=197117"}],"version-history":[{"count":0,"href":"http:\/\/www.tvturk.com\/index.php\/wp-json\/wp\/v2\/posts\/197117\/revisions"}],"wp:featuredmedia":[{"embeddable":true,"href":"http:\/\/www.tvturk.com\/index.php\/wp-json\/wp\/v2\/media\/197118"}],"wp:attachment":[{"href":"http:\/\/www.tvturk.com\/index.php\/wp-json\/wp\/v2\/media?parent=197117"}],"wp:term":[{"taxonomy":"category","embeddable":true,"href":"http:\/\/www.tvturk.com\/index.php\/wp-json\/wp\/v2\/categories?post=197117"},{"taxonomy":"post_tag","embeddable":true,"href":"http:\/\/www.tvturk.com\/index.php\/wp-json\/wp\/v2\/tags?post=197117"}],"curies":[{"name":"wp","href":"https:\/\/api.w.org\/{rel}","templated":true}]}}