{"id":197121,"date":"2019-08-28T16:31:47","date_gmt":"2019-08-28T13:31:47","guid":{"rendered":"http:\/\/www.tvturk.com\/index.php\/ormani-atese-verenler-mobil-kameralara-yakalandi\/"},"modified":"2019-08-28T16:31:47","modified_gmt":"2019-08-28T13:31:47","slug":"ormani-atese-verenler-mobil-kameralara-yakalandi","status":"publish","type":"post","link":"http:\/\/www.tvturk.com\/index.php\/ormani-atese-verenler-mobil-kameralara-yakalandi\/","title":{"rendered":"Orman\u0131 ate\u015fe verenler mobil kameralara yakaland\u0131"},"content":{"rendered":"<p>\u0130zmir\u2019in Kar\u015f\u0131yaka il\u00e7esinde, 20 A\u011fustos 2019 tarihinde orman\u0131 yakt\u0131klar\u0131 iddia edilen 3 ki\u015fi, \u0130zmir Orman B\u00f6lge M\u00fcd\u00fcrl\u00fc\u011f\u00fcn\u00fcn mobil kameralar\u0131na saniye saniye yans\u0131d\u0131. 360 derecelik kamerada yang\u0131n\u0131n ba\u015flama an\u0131 ve ki\u015filerin b\u00f6lgeden ayr\u0131l\u0131\u015flar\u0131 yer al\u0131rken, s\u00f6z konusu ki\u015filer, kameralardan tespit edilerek \u0130zmir polisi taraf\u0131ndan operasyonla yakaland\u0131.<\/p>\n<p>Kar\u015f\u0131yaka il\u00e7esi K\u00f6rfez Mahallesi mevkiinde, 20 A\u011fustos 2019 tarihinde orman yang\u0131n\u0131 \u00e7\u0131km\u0131\u015ft\u0131. Yang\u0131n\u0131n \u00e7\u0131kmas\u0131n\u0131n ard\u0131ndan gelen ihbarlar \u00fczerine \u0130zmir Orman B\u00f6lge M\u00fcd\u00fcrl\u00fc\u011f\u00fcne ba\u011fl\u0131 ekipler, zaman\u0131nda m\u00fcdahaleyle havadan ve karadan yang\u0131n\u0131 kontrol alt\u0131na alm\u0131\u015ft\u0131.<\/p>\n<p>Ge\u00e7ti\u011fimiz haftalarda Karaba\u011flar il\u00e7esinde ba\u015flayan, Menderes ve Seferihisar il\u00e7elerine kadar s\u0131\u00e7rayarak 2 g\u00fcn\u00fc a\u015fk\u0131n bir s\u00fcrede kontrol alt\u0131na al\u0131nan yang\u0131nlar g\u00fcndemdeki yerini korurken, Kar\u015f\u0131yaka il\u00e7esindeki yang\u0131nla ilgili \u00e7ok \u00f6nemli bir geli\u015fme ya\u015fand\u0131.<\/p>\n<p>Ara\u00e7la b\u00f6yle geldiler, b\u00f6yle yakaland\u0131lar<\/p>\n<p>\u0130zmir Orman B\u00f6lge M\u00fcd\u00fcrl\u00fc\u011f\u00fcne ba\u011fl\u0131 ekipler, daha \u00f6nce belirlenen alanlara seyyar (mobil) kameralar yerle\u015ftirmi\u015fti. G\u00f6rev alan\u0131ndaki orman alanlar\u0131n\u0131 yak\u0131ndan takip eden ekipler, K\u00f6rfez Mahallesi mevkiinde 20 A\u011fustos 2019 \u00e7\u0131kan yang\u0131nda kameralardan 3 ki\u015fiyi tespit etti. G\u00f6r\u00fcnt\u00fclerde, bir arac\u0131n yang\u0131n ba\u015flamadan b\u00f6lgeye geldi\u011fi g\u00f6r\u00fcl\u00fcyor. 360 derece hareket eden kameralar, bir sonraki turunda ise yang\u0131n\u0131n ilk ba\u015flad\u0131\u011f\u0131 anlar\u0131 ve 1 ki\u015fiyi saniye saniye kaydediyor.<\/p>\n<p>G\u00f6r\u00fcnt\u00fcler titiz bir \u015fekilde incelendi<\/p>\n<p>Bu tespitin ard\u0131ndan ekipler, hemen durumu \u0130zmir Emniyet M\u00fcd\u00fcrl\u00fc\u011f\u00fcne bildirdi. G\u00f6r\u00fcnt\u00fcler daha sonra da \u0130zmir polisiyle payla\u015f\u0131ld\u0131. Ekipler, 360 derecelik kameradan farkl\u0131 farkl\u0131 programlarla saatlerce u\u011fra\u015farak konuyu yak\u0131ndan takip etti. Daha sonra ise ekipler, yap\u0131lan \u00e7al\u0131\u015fmalarla 3 ki\u015fiyi tespit etti. Ekipler, bu 3 ki\u015fiyi operasyonla yakalad\u0131.<\/p>\n<p>Mobil kameralar art niyetli ki\u015filerin korkulu r\u00fcyas\u0131 olacak<\/p>\n<p>Konuya ili\u015fkin a\u00e7\u0131klama yapan \u0130zmir Orman \u0130\u015fletme M\u00fcd\u00fcr\u00fc Erdal \u015eahan, yang\u0131n g\u00f6zetleme kulelerinin g\u00f6remedi\u011fi k\u00f6r noktalar\u0131 uygulamaya koyduklar\u0131 seyyar yang\u0131n g\u00f6zetleme ara\u00e7lar\u0131 ile takip ettiklerini s\u00f6yledi.<\/p>\n<p>\u015eahan, &#8220;Seyyar (mobil) kameralar\u0131 belirli zaman dilimlerinde riskli b\u00f6lgelerde g\u00f6revlendirerek devriye att\u0131r\u0131yoruz. Bu kamera sistemimiz 360 derece d\u00f6nebiliyor. Binlerce hektarl\u0131k orman alan\u0131n\u0131 y\u00fcksek \u00e7\u00f6z\u00fcn\u00fcrl\u00fckte kay\u0131t alt\u0131na alabiliyor. \u00d6zellikle hafta sonlar\u0131 insanlar\u0131n orman alanlar\u0131na e\u011filimin fazla oldu\u011fu zamanda s\u0131kl\u0131kla seyyar kameralar\u0131 kullan\u0131yoruz. Olduk\u00e7a faydal\u0131 geri d\u00f6n\u00fc\u015fler ald\u0131k. 20 A\u011fustos 2019 tarihinde Kar\u015f\u0131yaka K\u00f6rfez Mahallesi mevkiinde ormanl\u0131k alanda \u00e7\u0131kan yang\u0131n\u0131 bu kameralar sayesinde tespit edip, 5 dakika i\u00e7inde m\u00fcdahale ettik 2 saat i\u00e7inde de kontrol alt\u0131na ald\u0131k. Kamera kay\u0131tlar\u0131n\u0131 inceledi\u011fimizde yang\u0131n\u0131n \u00e7\u0131kt\u0131\u011f\u0131 noktaya giri\u015f \u00e7\u0131k\u0131\u015f yapan i\u00e7inde 3 ki\u015fi bulunan bir ara\u00e7 tespit ettik. Kay\u0131tlar\u0131 g\u00fcvenlik g\u00fc\u00e7lerine teslim etti\u011fimizde yap\u0131lan teknik incelemede emniyet g\u00fc\u00e7lerince kimlikleri tespit edilen H.B, M.G ve M.D isimli \u015fah\u0131slar yakalanm\u0131\u015ft\u0131r. \u0130zmir Orman \u0130\u015fletme M\u00fcd\u00fcrl\u00fc\u011f\u00fc olarak b\u00f6lgemizdeki kritik noktalara yerle\u015ftirdi\u011fimiz seyyar kameralar ile ormanlar\u0131m\u0131z 7\/24 izlenmektedir&#8221; dedi<\/p>\n<p>Vatanda\u015flara da uyar\u0131da bulunan \u0130zmir Orman \u0130\u015fletme M\u00fcd\u00fcr\u00fc Erdal \u015eahan, orman alanlar\u0131nda g\u00f6r\u00fclen ba\u015fta duman olmak \u00fczere kurals\u0131z ve \u015f\u00fcpheli her t\u00fcrl\u00fc durumu \u00fccretsiz \u0130hbar Hatt\u0131 olan ALO 177\u2019ye bildirmelerini istedi.<\/p>\n","protected":false},"excerpt":{"rendered":"<p>B\u0130R ARA\u00c7LA B\u00d6LGEYE GELEN 3 K\u0130\u015e\u0130 B\u00d6YLE TESP\u0130T ED\u0130LD\u0130.<\/p>\n","protected":false},"author":1,"featured_media":197122,"comment_status":"closed","ping_status":"open","sticky":false,"template":"","format":"standard","meta":{"jetpack_post_was_ever_published":false,"_jetpack_newsletter_access":"","_jetpack_dont_email_post_to_subs":false,"_jetpack_newsletter_tier_id":0,"_jetpack_memberships_contains_paywalled_content":false,"_jetpack_memberships_contains_paid_content":false,"footnotes":"","jetpack_publicize_message":"","jetpack_publicize_feature_enabled":true,"jetpack_social_post_already_shared":true,"jetpack_social_options":{"image_generator_settings":{"template":"highway","default_image_id":0,"font":"","enabled":false},"version":2}},"categories":[1],"tags":[3419,6032,2183,6261,41511,1010],"class_list":["post-197121","post","type-post","status-publish","format-standard","has-post-thumbnail","hentry","category-genel","tag-atese","tag-kameralara","tag-mobil","tag-ormani","tag-verenler","tag-yakalandi"],"jetpack_publicize_connections":[],"jetpack_featured_media_url":"https:\/\/i0.wp.com\/www.tvturk.com\/wp-content\/uploads\/2019\/08\/ormani-atese-verenler-mobil-kameralara-yakalandi_ab37c30.jpg?fit=1000%2C562","jetpack_sharing_enabled":true,"jetpack_shortlink":"https:\/\/wp.me\/paKIfm-Phn","_links":{"self":[{"href":"http:\/\/www.tvturk.com\/index.php\/wp-json\/wp\/v2\/posts\/197121","targetHints":{"allow":["GET"]}}],"collection":[{"href":"http:\/\/www.tvturk.com\/index.php\/wp-json\/wp\/v2\/posts"}],"about":[{"href":"http:\/\/www.tvturk.com\/index.php\/wp-json\/wp\/v2\/types\/post"}],"author":[{"embeddable":true,"href":"http:\/\/www.tvturk.com\/index.php\/wp-json\/wp\/v2\/users\/1"}],"replies":[{"embeddable":true,"href":"http:\/\/www.tvturk.com\/index.php\/wp-json\/wp\/v2\/comments?post=197121"}],"version-history":[{"count":0,"href":"http:\/\/www.tvturk.com\/index.php\/wp-json\/wp\/v2\/posts\/197121\/revisions"}],"wp:featuredmedia":[{"embeddable":true,"href":"http:\/\/www.tvturk.com\/index.php\/wp-json\/wp\/v2\/media\/197122"}],"wp:attachment":[{"href":"http:\/\/www.tvturk.com\/index.php\/wp-json\/wp\/v2\/media?parent=197121"}],"wp:term":[{"taxonomy":"category","embeddable":true,"href":"http:\/\/www.tvturk.com\/index.php\/wp-json\/wp\/v2\/categories?post=197121"},{"taxonomy":"post_tag","embeddable":true,"href":"http:\/\/www.tvturk.com\/index.php\/wp-json\/wp\/v2\/tags?post=197121"}],"curies":[{"name":"wp","href":"https:\/\/api.w.org\/{rel}","templated":true}]}}