{"id":197141,"date":"2019-08-28T16:46:56","date_gmt":"2019-08-28T13:46:56","guid":{"rendered":"http:\/\/www.tvturk.com\/index.php\/thknin-onunde-genel-kurul-cagrisi\/"},"modified":"2019-08-28T16:46:56","modified_gmt":"2019-08-28T13:46:56","slug":"thknin-onunde-genel-kurul-cagrisi","status":"publish","type":"post","link":"http:\/\/www.tvturk.com\/index.php\/thknin-onunde-genel-kurul-cagrisi\/","title":{"rendered":"THK\u2019n\u0131n \u00f6n\u00fcnde genel kurul \u00e7a\u011fr\u0131s\u0131"},"content":{"rendered":"<p>T\u00fcrk Hava Kurumunun (THK) istifa eden y\u00f6netim kurulu \u00fcyeleri, genel merkez \u00f6n\u00fcnde ola\u011fan\u00fcst\u00fc genel kurul \u00e7a\u011fr\u0131s\u0131nda bulundu.<\/p>\n<p>THK\u2019n\u0131n Ankara S\u0131hh\u0131ye\u2019de bulunan genel merkez binas\u0131na gelen grup ad\u0131na a\u00e7\u0131klama yapan eski THK Y\u00f6netim Kurulu \u00dcyesi Ya\u015far T\u00fcrk, 25 Haziran\u2019dan beri istifalardan dolay\u0131 genel y\u00f6netim kurulunun olmad\u0131\u011f\u0131n\u0131 s\u00f6yledi. Kurumun genel ba\u015fkan ve yetkisiz Haluk Pek\u015fen taraf\u0131ndan kasten y\u0131prat\u0131ld\u0131\u011f\u0131n\u0131 belirten T\u00fcrk, 258 \u00fcyenin ola\u011fan\u00fcst\u00fc genel kurul istedi\u011fini vurgulad\u0131. Ya\u015far T\u00fcrk, \u201dBir y\u0131la yak\u0131n s\u00fcredir T\u00fcrk Hava Kurumu liyakatsiz ve sorumsuz bir genel ba\u015fkan taraf\u0131ndan fevkalade k\u00f6t\u00fc y\u00f6netilmektedir. Bu ki\u015fi en ba\u015fta varl\u0131k sebebimiz olan FA\u0130 yetkisini ba\u015fka bir olu\u015fuma devrederek THK\u2019y\u0131 i\u015flevsiz hale getirmek istemi\u015f, orman yang\u0131n ihalesi ba\u015fta olmak \u00fczere b\u00fct\u00fcn i\u015f ve ihaleleri kaybetmi\u015ftir\u201d \u015feklinde konu\u015ftu.<\/p>\n<p>Haluk Pek\u015fen\u2019in muhalefet partisinin \u00fcyesi oldu\u011funu hat\u0131rlatan T\u00fcrk, \u015fu a\u00e7\u0131klamalarda bulundu:<\/p>\n<p>\u201dBu s\u00fcre\u00e7te THK genel ba\u015fkan\u0131, y\u00f6netim kurulunun itiraz\u0131na ra\u011fmen ve yetkisi olmad\u0131\u011f\u0131 halde bir muhalefet partisinin faal PM \u00fcyesi olan Haluk Pek\u015fen ile milyonlarca lira tutar\u0131nda bir anla\u015fma imzalam\u0131\u015f ve y\u00f6netim yetkisinin b\u00fcy\u00fck bir k\u0131sm\u0131n\u0131 t\u00fcz\u00fc\u011fe ayk\u0131r\u0131 olarak bu \u015fahsa devretmi\u015ftir. Bertan Nogaylaro\u011flu ve Haluk Pek\u015fen h\u00fck\u00fcmete a\u00e7\u0131k muhalif bir y\u00f6ntem g\u00fcderek yang\u0131n s\u00f6nd\u00fcrme ihalesini kaybetmenin sorumlulu\u011funu Orman Bakanl\u0131\u011f\u0131na atm\u0131\u015f ve THK ile devlet kurumlar\u0131n\u0131 kamuoyu \u00f6n\u00fcnde kavga eder hale sokmu\u015ftur.\u201d<\/p>\n<p>A\u00e7\u0131klama sonras\u0131nda istifa eden eski \u00fcyeler, T\u00fcrk Hava Kurumu Genel Merkezi binas\u0131na girmeye \u00e7al\u0131\u015ft\u0131.<\/p>\n","protected":false},"excerpt":{"rendered":"<p>T\u00dcRK HAVA KURUMU (THK) \u0130ST\u0130FA EDEN Y\u00d6NET\u0130M KURULU \u00dcYELER\u0130 GENEL MERKEZ \u00d6N\u00dcNDE OLA\u011eAN\u00dcST\u00dc GENEL KURUL \u00c7A\u011eRISINDA BULUNDU.<\/p>\n","protected":false},"author":1,"featured_media":197142,"comment_status":"closed","ping_status":"open","sticky":false,"template":"","format":"standard","meta":{"jetpack_post_was_ever_published":false,"_jetpack_newsletter_access":"","_jetpack_dont_email_post_to_subs":false,"_jetpack_newsletter_tier_id":0,"_jetpack_memberships_contains_paywalled_content":false,"_jetpack_memberships_contains_paid_content":false,"footnotes":"","jetpack_publicize_message":"","jetpack_publicize_feature_enabled":true,"jetpack_social_post_already_shared":true,"jetpack_social_options":{"image_generator_settings":{"template":"highway","default_image_id":0,"font":"","enabled":false},"version":2}},"categories":[1],"tags":[5140,869,1756,3565,14143],"class_list":["post-197141","post","type-post","status-publish","format-standard","has-post-thumbnail","hentry","category-genel","tag-cagrisi","tag-genel","tag-kurul","tag-onunde","tag-thknin"],"jetpack_publicize_connections":[],"jetpack_featured_media_url":"https:\/\/i0.wp.com\/www.tvturk.com\/wp-content\/uploads\/2019\/08\/thknin-onunde-genel-kurul-cagrisi_340d84f.jpg?fit=1000%2C666","jetpack_sharing_enabled":true,"jetpack_shortlink":"https:\/\/wp.me\/paKIfm-PhH","_links":{"self":[{"href":"http:\/\/www.tvturk.com\/index.php\/wp-json\/wp\/v2\/posts\/197141","targetHints":{"allow":["GET"]}}],"collection":[{"href":"http:\/\/www.tvturk.com\/index.php\/wp-json\/wp\/v2\/posts"}],"about":[{"href":"http:\/\/www.tvturk.com\/index.php\/wp-json\/wp\/v2\/types\/post"}],"author":[{"embeddable":true,"href":"http:\/\/www.tvturk.com\/index.php\/wp-json\/wp\/v2\/users\/1"}],"replies":[{"embeddable":true,"href":"http:\/\/www.tvturk.com\/index.php\/wp-json\/wp\/v2\/comments?post=197141"}],"version-history":[{"count":0,"href":"http:\/\/www.tvturk.com\/index.php\/wp-json\/wp\/v2\/posts\/197141\/revisions"}],"wp:featuredmedia":[{"embeddable":true,"href":"http:\/\/www.tvturk.com\/index.php\/wp-json\/wp\/v2\/media\/197142"}],"wp:attachment":[{"href":"http:\/\/www.tvturk.com\/index.php\/wp-json\/wp\/v2\/media?parent=197141"}],"wp:term":[{"taxonomy":"category","embeddable":true,"href":"http:\/\/www.tvturk.com\/index.php\/wp-json\/wp\/v2\/categories?post=197141"},{"taxonomy":"post_tag","embeddable":true,"href":"http:\/\/www.tvturk.com\/index.php\/wp-json\/wp\/v2\/tags?post=197141"}],"curies":[{"name":"wp","href":"https:\/\/api.w.org\/{rel}","templated":true}]}}