{"id":197155,"date":"2019-08-28T17:16:50","date_gmt":"2019-08-28T14:16:50","guid":{"rendered":"http:\/\/www.tvturk.com\/index.php\/supheli-valiz-korkuttu\/"},"modified":"2019-08-28T17:16:50","modified_gmt":"2019-08-28T14:16:50","slug":"supheli-valiz-korkuttu","status":"publish","type":"post","link":"http:\/\/www.tvturk.com\/index.php\/supheli-valiz-korkuttu\/","title":{"rendered":"\u015e\u00fcpheli valiz korkuttu"},"content":{"rendered":"<p>\u00c7anakkale\u2019de \u015f\u00fcpheli valiz polisi alarma ge\u00e7irdi.<\/p>\n<p>Bug\u00fcn \u00f6\u011fle saatlerinde ya\u015fanan olay sonras\u0131 iskele meydan\u0131na gelen ekipler, \u015ferit \u00e7ekerek b\u00f6lgeyi kontrol alt\u0131na ald\u0131. Daha sonra olay yerine bomba imha ekipleri geldi ve \u015f\u00fcpheli valiz patlat\u0131ld\u0131. Patlat\u0131lan valizin i\u00e7inden i\u00e7 \u00e7ama\u015f\u0131r\u0131 ve \u015fahs\u00ee e\u015fyalar \u00e7\u0131kt\u0131.<\/p>\n","protected":false},"excerpt":{"rendered":"<p>\u00c7ANAKKALE \u0130SKELE MEYDANINDA SAH\u0130PS\u0130Z OLMASI SEBEB\u0130YLE \u015e\u00dcPHE UYANDIRAN VAL\u0130Z \u0130\u00c7\u0130N POL\u0130S EK\u0130PLER\u0130 ALARMA GE\u00c7T\u0130.<\/p>\n","protected":false},"author":1,"featured_media":197156,"comment_status":"closed","ping_status":"open","sticky":false,"template":"","format":"standard","meta":{"jetpack_post_was_ever_published":false,"_jetpack_newsletter_access":"","_jetpack_dont_email_post_to_subs":false,"_jetpack_newsletter_tier_id":0,"_jetpack_memberships_contains_paywalled_content":false,"_jetpack_memberships_contains_paid_content":false,"footnotes":"","jetpack_publicize_message":"","jetpack_publicize_feature_enabled":true,"jetpack_social_post_already_shared":true,"jetpack_social_options":{"image_generator_settings":{"template":"highway","default_image_id":0,"font":"","enabled":false},"version":2}},"categories":[1],"tags":[4877,2165,8312],"class_list":["post-197155","post","type-post","status-publish","format-standard","has-post-thumbnail","hentry","category-genel","tag-korkuttu","tag-supheli","tag-valiz"],"jetpack_publicize_connections":[],"jetpack_featured_media_url":"https:\/\/i0.wp.com\/www.tvturk.com\/wp-content\/uploads\/2019\/08\/supheli-valiz-korkuttu_4b0af34.jpg?fit=1000%2C666","jetpack_sharing_enabled":true,"jetpack_shortlink":"https:\/\/wp.me\/paKIfm-PhV","_links":{"self":[{"href":"http:\/\/www.tvturk.com\/index.php\/wp-json\/wp\/v2\/posts\/197155","targetHints":{"allow":["GET"]}}],"collection":[{"href":"http:\/\/www.tvturk.com\/index.php\/wp-json\/wp\/v2\/posts"}],"about":[{"href":"http:\/\/www.tvturk.com\/index.php\/wp-json\/wp\/v2\/types\/post"}],"author":[{"embeddable":true,"href":"http:\/\/www.tvturk.com\/index.php\/wp-json\/wp\/v2\/users\/1"}],"replies":[{"embeddable":true,"href":"http:\/\/www.tvturk.com\/index.php\/wp-json\/wp\/v2\/comments?post=197155"}],"version-history":[{"count":0,"href":"http:\/\/www.tvturk.com\/index.php\/wp-json\/wp\/v2\/posts\/197155\/revisions"}],"wp:featuredmedia":[{"embeddable":true,"href":"http:\/\/www.tvturk.com\/index.php\/wp-json\/wp\/v2\/media\/197156"}],"wp:attachment":[{"href":"http:\/\/www.tvturk.com\/index.php\/wp-json\/wp\/v2\/media?parent=197155"}],"wp:term":[{"taxonomy":"category","embeddable":true,"href":"http:\/\/www.tvturk.com\/index.php\/wp-json\/wp\/v2\/categories?post=197155"},{"taxonomy":"post_tag","embeddable":true,"href":"http:\/\/www.tvturk.com\/index.php\/wp-json\/wp\/v2\/tags?post=197155"}],"curies":[{"name":"wp","href":"https:\/\/api.w.org\/{rel}","templated":true}]}}