{"id":197193,"date":"2019-08-28T19:16:32","date_gmt":"2019-08-28T16:16:32","guid":{"rendered":"http:\/\/www.tvturk.com\/index.php\/sendika-baskanlarindan-kilicdarogluna-ziyaret\/"},"modified":"2019-08-28T19:16:32","modified_gmt":"2019-08-28T16:16:32","slug":"sendika-baskanlarindan-kilicdarogluna-ziyaret","status":"publish","type":"post","link":"http:\/\/www.tvturk.com\/index.php\/sendika-baskanlarindan-kilicdarogluna-ziyaret\/","title":{"rendered":"Sendika ba\u015fkanlar\u0131ndan K\u0131l\u0131\u00e7daro\u011flu\u2019na ziyaret"},"content":{"rendered":"<p>D\u0130SK, KESK, T\u00fcrk Tabipler Birli\u011fi ve T\u00fcrk M\u00fchendis ve Mimar Odalar Birli\u011fi ba\u015fkanlar\u0131 CHP Genel Ba\u015fkan\u0131 K\u0131l\u0131\u00e7daro\u011flu\u2019nu ziyaret etti.<\/p>\n<p>Cumhuriyet Halk Partisi Genel Ba\u015fkan\u0131 Kemal K\u0131l\u0131\u00e7daro\u011flu, D\u0130SK Genel Ba\u015fkan\u0131 Arzu \u00c7erkezo\u011flu, D\u0130SK Genel Sekreteri Cafer Konca , KESK E\u015f Ba\u015fkanlar\u0131 Aysun Gezen Mehmet Bozgeyik, T\u00fcrk Tabipler Birli\u011fi Genel Ba\u015fkan\u0131 Sinan Ad\u0131yaman ile T\u00fcrk M\u00fchendis ve Mimar Odalar Birli\u011fi Ba\u015fkan\u0131 Sel\u00e7uk Uluata\u2019y\u0131 parti genel merkezindeki makam\u0131nda kabul etti.<\/p>\n","protected":false},"excerpt":{"rendered":"<p>D\u0130SK, KESK, T\u00dcRK TAB\u0130PLER B\u0130RL\u0130\u011e\u0130 VE T\u00dcRK M\u00dcHEND\u0130S VE M\u0130MAR ODALAR B\u0130RL\u0130\u011e\u0130 BA\u015eKANLARI CHP GENEL BA\u015eKANI KILI\u00c7DARO\u011eLU&#8217;NU Z\u0130YARET ETT\u0130.<\/p>\n","protected":false},"author":1,"featured_media":197194,"comment_status":"closed","ping_status":"open","sticky":false,"template":"","format":"standard","meta":{"jetpack_post_was_ever_published":false,"_jetpack_newsletter_access":"","_jetpack_dont_email_post_to_subs":false,"_jetpack_newsletter_tier_id":0,"_jetpack_memberships_contains_paywalled_content":false,"_jetpack_memberships_contains_paid_content":false,"footnotes":"","jetpack_publicize_message":"","jetpack_publicize_feature_enabled":true,"jetpack_social_post_already_shared":true,"jetpack_social_options":{"image_generator_settings":{"template":"highway","default_image_id":0,"font":"","enabled":false},"version":2}},"categories":[1],"tags":[2000,2108,275,150],"class_list":["post-197193","post","type-post","status-publish","format-standard","has-post-thumbnail","hentry","category-genel","tag-baskanlarindan","tag-kilicdarogluna","tag-sendika","tag-ziyaret"],"jetpack_publicize_connections":[],"jetpack_featured_media_url":"https:\/\/i0.wp.com\/www.tvturk.com\/wp-content\/uploads\/2019\/08\/sendika-baskanlarindan-kilicdarogluna-ziyaret_64f3a1a.jpg?fit=1000%2C665","jetpack_sharing_enabled":true,"jetpack_shortlink":"https:\/\/wp.me\/paKIfm-Pix","_links":{"self":[{"href":"http:\/\/www.tvturk.com\/index.php\/wp-json\/wp\/v2\/posts\/197193","targetHints":{"allow":["GET"]}}],"collection":[{"href":"http:\/\/www.tvturk.com\/index.php\/wp-json\/wp\/v2\/posts"}],"about":[{"href":"http:\/\/www.tvturk.com\/index.php\/wp-json\/wp\/v2\/types\/post"}],"author":[{"embeddable":true,"href":"http:\/\/www.tvturk.com\/index.php\/wp-json\/wp\/v2\/users\/1"}],"replies":[{"embeddable":true,"href":"http:\/\/www.tvturk.com\/index.php\/wp-json\/wp\/v2\/comments?post=197193"}],"version-history":[{"count":0,"href":"http:\/\/www.tvturk.com\/index.php\/wp-json\/wp\/v2\/posts\/197193\/revisions"}],"wp:featuredmedia":[{"embeddable":true,"href":"http:\/\/www.tvturk.com\/index.php\/wp-json\/wp\/v2\/media\/197194"}],"wp:attachment":[{"href":"http:\/\/www.tvturk.com\/index.php\/wp-json\/wp\/v2\/media?parent=197193"}],"wp:term":[{"taxonomy":"category","embeddable":true,"href":"http:\/\/www.tvturk.com\/index.php\/wp-json\/wp\/v2\/categories?post=197193"},{"taxonomy":"post_tag","embeddable":true,"href":"http:\/\/www.tvturk.com\/index.php\/wp-json\/wp\/v2\/tags?post=197193"}],"curies":[{"name":"wp","href":"https:\/\/api.w.org\/{rel}","templated":true}]}}