{"id":197211,"date":"2019-08-28T21:46:34","date_gmt":"2019-08-28T18:46:34","guid":{"rendered":"http:\/\/www.tvturk.com\/index.php\/ak-partili-karaaslan-turkiye-meselesi-soz-konusu-oldugunda-hepimiz-tek-yurek-olmaliyiz\/"},"modified":"2019-08-28T21:46:34","modified_gmt":"2019-08-28T18:46:34","slug":"ak-partili-karaaslan-turkiye-meselesi-soz-konusu-oldugunda-hepimiz-tek-yurek-olmaliyiz","status":"publish","type":"post","link":"http:\/\/www.tvturk.com\/index.php\/ak-partili-karaaslan-turkiye-meselesi-soz-konusu-oldugunda-hepimiz-tek-yurek-olmaliyiz\/","title":{"rendered":"AK Parti\u2019li Karaaslan: \u201cT\u00fcrkiye meselesi s\u00f6z konusu oldu\u011funda hepimiz tek y\u00fcrek olmal\u0131y\u0131z\u201d"},"content":{"rendered":"<p>SAMSUN (\u0130HA) \u2013 AK Parti Genel Ba\u015fkan Yard\u0131mc\u0131s\u0131 \u00c7i\u011fdem Karaaslan, \u201c\u0130ktidar\u0131yla, muhalefetiyle T\u00fcrkiye meselesi s\u00f6z konusu oldu\u011funda hepimiz tek y\u00fcrek olmal\u0131y\u0131z\u201d dedi.<\/p>\n<p>AK Parti \u0130lkad\u0131m \u0130l\u00e7e Dan\u0131\u015fma Meclisi Toplant\u0131s\u0131 B\u00fcy\u00fck\u015fehir Belediyesi \u015eehit \u00d6mer Halis Demir \u00c7ok Ama\u00e7l\u0131 Salonu\u2019nda ger\u00e7ekle\u015ftirildi. Toplant\u0131da konu\u015fan AK Parti Samsun \u0130l Ba\u015fkan\u0131 Ersan Aksu, AK g\u00f6n\u00fcll\u00fcler olarak 18 ya\u015f\u0131n heyecan\u0131 ile daha nice y\u0131llara hizmet etmeye talip olduklar\u0131n\u0131 belirterek, \u201c18 y\u0131lda belki 50 y\u0131la s\u0131\u011fmayacak kadar hizmetleri yapman\u0131n hep beraber ak g\u00f6n\u00fcller olarak onurunu ya\u015fad\u0131k. Yapt\u0131klar\u0131m\u0131z yapacaklar\u0131m\u0131z\u0131n yan\u0131nda y\u00fczde 10\u2019dur belki de. 2023, 2053, 2071 hedeflerine hep birlikte eri\u015fece\u011fiz\u201d dedi.<\/p>\n<p>\u201cHayat\u0131n normalle\u015fmesi i\u00e7in b\u00fct\u00fcn \u00e7al\u0131\u015fmalar\u0131m\u0131z\u0131 tamamlad\u0131k\u201d<\/p>\n<p>AK Parti Genel Ba\u015fkan Yard\u0131mc\u0131s\u0131 Karaaslan ise, Sal\u0131pazar\u0131 ve Terme il\u00e7elerinde meydana gelen sel ile ilgili a\u00e7\u0131klamalarda bulunarak, \u201cHasar b\u00fcy\u00fck. Bu hasar\u0131n yaralar\u0131n\u0131 sarmak kadar ayn\u0131 zamanda tekrar ayn\u0131 \u015fekilde bir afetin ya\u015fanmamas\u0131 i\u00e7in alabilece\u011fimiz b\u00fct\u00fcn \u00f6nlemleri alarak gelece\u011fe daha g\u00fcvenli bakmak istiyoruz. Sal\u0131pazar\u0131\u2019ndaki afeti daha da dramatik sonu\u00e7lar\u0131 do\u011furmayacak hale getiren Devlet Su \u0130\u015fleri\u2019nin \u00f6nceki y\u0131llarda alm\u0131\u015f oldu\u011fu \u00f6nlemlerdi. Devletimizin imkanlar\u0131n\u0131n seferber edildi\u011fi, vatanda\u015flar\u0131m\u0131z\u0131n evlerinin \u00e7at\u0131lar\u0131ndan gece ya\u011f\u0131\u015f esnas\u0131ndan helikopter ile al\u0131nd\u0131\u011f\u0131, y\u00fcre\u011fimiz a\u011fz\u0131m\u0131zda takip etti\u011fimiz \u00e7ok \u00f6nemli bir \u00e7al\u0131\u015fma ger\u00e7ekle\u015ftirildi. Hayat\u0131n normalle\u015fmesi i\u00e7in gereken desteklerin ivedilikle hayata ge\u00e7mesi i\u00e7in b\u00fct\u00fcn \u00e7al\u0131\u015fmalar\u0131m\u0131z\u0131 tamamlad\u0131k\u201d diye konu\u015ftu.<\/p>\n<p>Sal\u0131pazar\u0131 Baraj\u0131 in\u015faat\u0131n\u0131n devam etmesi i\u00e7in gerekli \u00f6dene\u011fin ayr\u0131ld\u0131\u011f\u0131n\u0131 ve in\u015faat\u0131n en k\u0131sa zamanda ba\u015flayaca\u011f\u0131n\u0131 kaydeden Karaaslan, \u00c7ar\u015famba Ovas\u0131\u2019nda 110 milyon ke\u015fif bedelli pompal\u0131 drenaj ikmal tesisi projesinin de en k\u0131sa zamanda ihale edilmesi i\u00e7in ekiplerin \u00e7al\u0131\u015fmaya ba\u015flad\u0131\u011f\u0131n\u0131 ifade etti.<\/p>\n<p>\u201cHepimiz tek y\u00fcrek olmal\u0131y\u0131z\u201d<\/p>\n<p>T\u00fcrkiye\u2019de yap\u0131lamaz denileni ba\u015faran olamaz denileni olduran bir parti olduklar\u0131n\u0131 vurgulayan Karaaslan, \u015funlar\u0131 kaydetti:<\/p>\n<p>\u201c18. ya\u015f\u0131n\u0131 kutlarken herkesten ald\u0131\u011f\u0131 g\u00fc\u00e7le hareket eden AK Parti olarak ciddi anlamda yeni yat\u0131r\u0131mlarla \u015fehrimizi kalk\u0131nd\u0131raca\u011f\u0131z. 17 il\u00e7emizle birlikte tek bir hedefe kenetlendik. \u0130l\u00e7enin her biri ne kadar g\u00fc\u00e7lenirse Samsun o kadar g\u00fc\u00e7lenecek. Samsun ne kadar g\u00fc\u00e7lenirse T\u00fcrkiye o kadar g\u00fc\u00e7lenecek. T\u00fcrkiye ne kadar g\u00fc\u00e7lenirse T\u00fcrkiye d\u00fc\u015fmanlar\u0131 o kadar b\u00fcy\u00fck bir hayal k\u0131r\u0131kl\u0131\u011f\u0131na u\u011frayacak. Bug\u00fcn Do\u011fu Akdeniz\u2019in nerede oldu\u011fu bilmeyen ya da T\u00fcrk bayrakl\u0131 gemileri tan\u0131ma becerisine sahip olmayan bir muhalefetle kar\u015f\u0131 kar\u015f\u0131yay\u0131z. Do\u011fu Akdeniz\u2019de bizim gemilerimizin oldu\u011funu bilmeyen bir muhalefetle kar\u015f\u0131 kar\u015f\u0131yay\u0131z. O y\u00fczden i\u015fimiz \u00e7ok zor. Verdi\u011fimiz kavgan\u0131n, d\u00fcnyayla verdi\u011fimiz m\u00fccadelenin, uluslararas\u0131 alanda vermi\u015f oldu\u011fumuz bu hakl\u0131 m\u00fccadeleyi maalesef \u00f6nce T\u00fcrkiye\u2019deki muhalefet partisi olmak \u00fczere anlatmam\u0131z ve ikna etmemiz gerekenler var. Bunu g\u00f6rmek ac\u0131. \u00c7\u00fcnk\u00fc iktidar\u0131yla, muhalefetiyle T\u00fcrkiye meselesi s\u00f6z konusu oldu\u011funda hepimiz tek y\u00fcrek olmal\u0131y\u0131z.\u201d<\/p>\n<p>Toplant\u0131ya ayr\u0131ca, AK Parti Samsun Milletvekilleri Yusuf Ziya Y\u0131lmaz, Orhan K\u0131rcal\u0131, Tekkek\u00f6y Belediye Ba\u015fkan\u0131 Hasan Togar, AK Parti \u0130lkad\u0131m \u0130l\u00e7e Ba\u015fkan\u0131 Oktay Avc\u0131lar ve partililer kat\u0131ld\u0131.<\/p>\n","protected":false},"excerpt":{"rendered":"<p>AK PART\u0130 GENEL BA\u015eKAN YARDIMCISI \u00c7\u0130\u011eDEM KARAASLAN, \u201c\u0130KT\u0130DARIYLA, MUHALEFET\u0130YLE T\u00dcRK\u0130YE MESELES\u0130 S\u00d6Z KONUSU OLDU\u011eUNDA HEP\u0130M\u0130Z TEK Y\u00dcREK OLMALIYIZ\u201d DED\u0130.<\/p>\n","protected":false},"author":1,"featured_media":197212,"comment_status":"closed","ping_status":"open","sticky":false,"template":"","format":"standard","meta":{"jetpack_post_was_ever_published":false,"_jetpack_newsletter_access":"","_jetpack_dont_email_post_to_subs":false,"_jetpack_newsletter_tier_id":0,"_jetpack_memberships_contains_paywalled_content":false,"_jetpack_memberships_contains_paid_content":false,"footnotes":"","jetpack_publicize_message":"","jetpack_publicize_feature_enabled":true,"jetpack_social_post_already_shared":true,"jetpack_social_options":{"image_generator_settings":{"template":"highway","default_image_id":0,"font":"","enabled":false},"version":2}},"categories":[1],"tags":[17334,205,4660,2953,27239,19439,2285,1106,366,453,367],"class_list":["post-197211","post","type-post","status-publish","format-standard","has-post-thumbnail","hentry","category-genel","tag-hepimiz","tag-karaaslan","tag-konusu","tag-meselesi","tag-oldugunda","tag-olmaliyiz","tag-partili","tag-soz","tag-tek","tag-turkiye","tag-yurek"],"jetpack_publicize_connections":[],"jetpack_featured_media_url":"https:\/\/i0.wp.com\/www.tvturk.com\/wp-content\/uploads\/2019\/08\/ak-partili-karaaslan-turkiye-meselesi-soz-konusu-oldugunda-hepimiz-tek-yurek-olmaliyiz_38a44a1.jpg?fit=1000%2C686","jetpack_sharing_enabled":true,"jetpack_shortlink":"https:\/\/wp.me\/paKIfm-PiP","_links":{"self":[{"href":"http:\/\/www.tvturk.com\/index.php\/wp-json\/wp\/v2\/posts\/197211","targetHints":{"allow":["GET"]}}],"collection":[{"href":"http:\/\/www.tvturk.com\/index.php\/wp-json\/wp\/v2\/posts"}],"about":[{"href":"http:\/\/www.tvturk.com\/index.php\/wp-json\/wp\/v2\/types\/post"}],"author":[{"embeddable":true,"href":"http:\/\/www.tvturk.com\/index.php\/wp-json\/wp\/v2\/users\/1"}],"replies":[{"embeddable":true,"href":"http:\/\/www.tvturk.com\/index.php\/wp-json\/wp\/v2\/comments?post=197211"}],"version-history":[{"count":0,"href":"http:\/\/www.tvturk.com\/index.php\/wp-json\/wp\/v2\/posts\/197211\/revisions"}],"wp:featuredmedia":[{"embeddable":true,"href":"http:\/\/www.tvturk.com\/index.php\/wp-json\/wp\/v2\/media\/197212"}],"wp:attachment":[{"href":"http:\/\/www.tvturk.com\/index.php\/wp-json\/wp\/v2\/media?parent=197211"}],"wp:term":[{"taxonomy":"category","embeddable":true,"href":"http:\/\/www.tvturk.com\/index.php\/wp-json\/wp\/v2\/categories?post=197211"},{"taxonomy":"post_tag","embeddable":true,"href":"http:\/\/www.tvturk.com\/index.php\/wp-json\/wp\/v2\/tags?post=197211"}],"curies":[{"name":"wp","href":"https:\/\/api.w.org\/{rel}","templated":true}]}}