{"id":197215,"date":"2019-08-28T23:01:32","date_gmt":"2019-08-28T20:01:32","guid":{"rendered":"http:\/\/www.tvturk.com\/index.php\/disisleri-bakani-cavusoglu-eger-f-35-satin-alamazsak-yeni-alternatifler-aramamiz-gerek\/"},"modified":"2019-08-28T23:01:32","modified_gmt":"2019-08-28T20:01:32","slug":"disisleri-bakani-cavusoglu-eger-f-35-satin-alamazsak-yeni-alternatifler-aramamiz-gerek","status":"publish","type":"post","link":"http:\/\/www.tvturk.com\/index.php\/disisleri-bakani-cavusoglu-eger-f-35-satin-alamazsak-yeni-alternatifler-aramamiz-gerek\/","title":{"rendered":"D\u0131\u015fi\u015fleri Bakan\u0131 \u00c7avu\u015fo\u011flu: \u201cE\u011fer F-35 sat\u0131n alamazsak yeni alternatifler aramam\u0131z gerek\u201d"},"content":{"rendered":"<p>D\u0131\u015fi\u015fleri Bakan\u0131 Mevl\u00fct \u00c7avu\u015fo\u011flu, ABD ile ya\u015fanan F-35 krizine ili\u015fkin \u201cE\u011fer F-35 sat\u0131n alamazsak yeni alternatifler aramam\u0131z gerek. Bu bizim tercih etti\u011fimiz \u015fey de\u011fil. Biz F-35 sat\u0131n almak istiyoruz\u201d dedi.<\/p>\n<p>Estonya\u2019n\u0131n ba\u015fkenti Tallin\u2019de mevkida\u015f\u0131 Urmas Reinsula ile ortak bas\u0131n toplant\u0131s\u0131 d\u00fczenleyen D\u0131\u015fi\u015fleri Bakan\u0131 Mevl\u00fct \u00c7avu\u015fo\u011flu, \u00e7ok verimli bir g\u00f6r\u00fc\u015fme yapt\u0131klar\u0131n\u0131 s\u00f6yledi. Bakan \u00c7avu\u015fo\u011flu, \u201c\u0130kili ili\u015fkilerimiz ve i\u015fbirliklerimiz \u00fczerine Ba\u015fbakan Ratas ile de g\u00f6r\u00fc\u015fme f\u0131rsat\u0131 yakalad\u0131m. Sizin de bahsetti\u011finiz gibi bug\u00fcn ikili ili\u015fkilerimizin t\u00fcm y\u00f6nlerini g\u00f6r\u00fc\u015ft\u00fck. Harika ili\u015fkilerimiz var. T\u00fcrkiye i\u00e7in Estonya yaln\u0131zca bir NATO m\u00fcttefiki de\u011fil dahas\u0131 g\u00fcvenilir bir partner\u201d dedi.<\/p>\n<p>Birle\u015fmi\u015f Milletler (BM) G\u00fcvenlik Konseyi\u2019ne Ge\u00e7ici \u00dcye olarak se\u00e7ilmelerinden dolay\u0131 tebrik eden \u00c7avu\u015fo\u011flu, Estonya\u2019y\u0131 2 y\u0131l boyunca bu pozisyonda destekleyeceklerini belirtti. \u0130kili ekonomik i\u015fbirlikleri \u00fczerine de g\u00f6r\u00fc\u015ft\u00fcklerini belirten \u00c7avu\u015fo\u011flu, ortak ticaret ve ekonomi komisyonu kurulmas\u0131 gerekti\u011fi konusunda mutab\u0131k kal\u0131nd\u0131\u011f\u0131n\u0131 aktard\u0131. Estonya\u2019ya T\u00fcrk \u015firketlerini destekledikleri ve g\u00fcvendikleri i\u00e7in te\u015fekk\u00fcrlerini sunan \u00c7avu\u015fo\u011flu, \u201cGiderek artan \u015fekilde daha fazla T\u00fcrk \u015firketi yat\u0131r\u0131m amac\u0131 ile Estonya\u2019ya geliyor. Bunun yan\u0131 s\u0131ra e\u011fitim, k\u00fclt\u00fcr gibi konulardaki i\u015fbirli\u011fimizi artt\u0131rmal\u0131y\u0131z\u201d \u015feklinde konu\u015ftu. T\u00fcrkiye\u2019ye gelen turist say\u0131s\u0131n\u0131n artt\u0131\u011f\u0131n\u0131 ve bundan memnun olduklar\u0131n\u0131 belirten \u00c7avu\u015fo\u011flu, \u201c\u00c7o\u011fu da memleketim Antalya\u2019ya geliyor, bundan \u00f6zelikle mutluyum. T\u00fcrkiye\u2019den Estonya\u2019ya gelen \u00f6\u011frenci say\u0131s\u0131 da ayr\u0131ca art\u0131yor, bu demek  oluyor ki sizin e\u011fitim sisteminiz de iyi. Erasmus program\u0131 kapsam\u0131nda  Estonya\u2019dan T\u00fcrkiye\u2019ye gelen \u00f6\u011frenci say\u0131s\u0131 da giderek art\u0131yor\u201d dedi.<\/p>\n<p>\u201cRejimin \u0130dlib\u2019deki sald\u0131r\u0131lar\u0131 sebebi ile baz\u0131 problemler ile y\u00fczle\u015fiyoruz\u201d<\/p>\n<p>T\u00fcrkiye\u2019nin Rusya ile askeri i\u015fbirli\u011fi \u00fczerine a\u00e7\u0131klamalarda bulunan \u00c7avu\u015fo\u011flu, \u201cHer \u015feyden \u00f6nce Rusya b\u00f6lgedeki bir ger\u00e7ektir. Bizim Rusya ile iyi ekonomik ili\u015fkilerimiz var. Suriye\u2019de baz\u0131 zorluklar\u0131m\u0131z var. Astana, So\u00e7i kapsam\u0131nda  beraber \u00e7al\u0131\u015fmay\u0131 deniyoruz. Ama bu g\u00fcnlerde, rejimin \u0130dlib\u2019deki sald\u0131r\u0131lar\u0131 sebebi ile baz\u0131 problemler ile y\u00fczle\u015fiyoruz\u201d ifadelerini kulland\u0131.<\/p>\n<p>\u201cABD\u2019den hava savunma sistemi almak istedik, ama almad\u0131k\u201d<\/p>\n<p>B\u00f6lgede ya\u015fanan durumun olduk\u00e7a hassas oldu\u011funu belirten \u00c7avu\u015fo\u011flu, \u201c Ger\u00e7ek \u015fu ki Rusya\u2019dan gaz al\u0131yoruz. Biz m\u00fcttefikimiz ABD\u2019den hava savunma sistemi almak istedik, ama almad\u0131k. Bu acil bir ihtiya\u00e7t\u0131. S-400 sistemleri almak zorunda kald\u0131k\u201d \u015feklinde konu\u015ftu.<\/p>\n<p>\u201cE\u011fer F-35 sat\u0131n alamazsak yeni alternatifler aramam\u0131z gerek\u201d<\/p>\n<p>F-35 sava\u015f u\u00e7aklar\u0131n\u0131n al\u0131m\u0131 ile ilgili ABD ile ya\u015fanan krize de\u011finen \u00c7avu\u015fo\u011flu, \u201cBug\u00fcnlerde ABD baz\u0131 sorunlar \u00e7\u0131kar\u0131yor. Ama biz hala bu program\u0131n bir par\u00e7as\u0131y\u0131z. Bu 9 \u00fclkenin, 9 m\u00fcttefikin program\u0131. T\u00fcrkiye ayr\u0131ca F-35\u2019lerin baz\u0131 par\u00e7alar\u0131n\u0131 \u00fcretiyor. Ve biz t\u00fcm F-35 u\u00e7aklar\u0131n\u0131 sat\u0131n almak istiyoruz. Biz bunlar\u0131 sat\u0131n almak i\u00e7in yakla\u015f\u0131k olan 1.4 milyar dolar \u00f6demede bulunduk. Sonu\u00e7 olarak bizim sava\u015f u\u00e7a\u011f\u0131na ihtiyac\u0131m\u0131z var. E\u011fer F-35 sat\u0131n alamazsak yeni alternatifler aramam\u0131z gerek. Bu bizim tercih etti\u011fimiz \u015fey de\u011fil. Biz F-35 sat\u0131n almak istiyoruz\u201d dedi.<\/p>\n<p>D\u00fcn Rusya\u2019da kat\u0131ld\u0131klar\u0131 MARKS-2019 fuar\u0131nda inceledikleri Rus sava\u015f  u\u00e7aklar\u0131 hakk\u0131nda de\u011ferlendirmede bulunan \u00c7avu\u015fo\u011flu, \u201cD\u00fcn bir fuar vard\u0131 ve  biz t\u00fcm bu SU-57\u2019leri ve sergilenen di\u011fer \u00fcr\u00fcnleri g\u00f6rd\u00fck. S\u00f6ylemeye \u00e7al\u0131\u015ft\u0131\u011f\u0131m \u015fey \u015fu, evet bizim Rusya ile iyi ili\u015fkilerimiz var. Ve bizim Ukrayna ile m\u00fckemmel ili\u015fkilerimiz var. Estonya ile birlikte Ukrayna\u2019n\u0131n gerek\u00e7elerini ve toprak b\u00fct\u00fcnl\u00fc\u011f\u00fcn\u00fc destekledik\u201d ifadelerini kulland\u0131.<\/p>\n<p>\u201cRusya ile olan ili\u015fkimiz de bizim NATO \u00fcyeli\u011fimize alternatif de\u011fil\u201d<\/p>\n<p>K\u0131r\u0131m\u2019\u0131n Rusya taraf\u0131ndan ilhak edilmesi meselesinde T\u00fcrkiye\u2019nin duru\u015funu hat\u0131rlatan \u00c7avu\u015fo\u011flu, \u201cBu bazen baz\u0131, aralar\u0131nda Avrupa Birli\u011fi (AB) \u00fcyelerinin de oldu\u011fu bat\u0131l\u0131 \u00fclkeler taraf\u0131ndan unutuluyor. Ama Balt\u0131k \u00fclkeleri, daha \u00e7ok Estonya ve T\u00fcrkiye bu meseleyi her zaman g\u00fcndeme getiriyor. Demeye \u00e7al\u0131\u015ft\u0131\u011f\u0131m \u015fu ki, bizim Rusya ile olan ili\u015fkimiz, Ukrayna ile olan ili\u015fkimize alternatif de\u011fil. Bizim Rusya ile ya da ba\u015fka bir \u00fclkeyle olan ili\u015fkimiz de bizim NATO \u00fcyeli\u011fimize, NATO ile olan dayan\u0131\u015fmam\u0131za, Avrupa Birli\u011fi ile olan ili\u015fkilerimize ya da daha genel olarak bat\u0131yla olan ili\u015fkilerimize alternatif de\u011fil\u201d a\u00e7\u0131klamas\u0131nda bulundu.<\/p>\n","protected":false},"excerpt":{"rendered":"<p>DI\u015e\u0130\u015eLER\u0130 BAKANI MEVL\u00dcT \u00c7AVU\u015eO\u011eLU, ESTONYA&#8217;NIN BA\u015eKENT\u0130 TALL\u0130N\u2019DE MEVK\u0130DA\u015eI URMAS RE\u0130NSULA \u0130LE ORTAK BASIN TOPLANTISI D\u00dcZENLED\u0130.<\/p>\n","protected":false},"author":1,"featured_media":197216,"comment_status":"closed","ping_status":"open","sticky":false,"template":"","format":"standard","meta":{"jetpack_post_was_ever_published":false,"_jetpack_newsletter_access":"","_jetpack_dont_email_post_to_subs":false,"_jetpack_newsletter_tier_id":0,"_jetpack_memberships_contains_paywalled_content":false,"_jetpack_memberships_contains_paid_content":false,"footnotes":"","jetpack_publicize_message":"","jetpack_publicize_feature_enabled":true,"jetpack_social_post_already_shared":true,"jetpack_social_options":{"image_generator_settings":{"template":"highway","default_image_id":0,"font":"","enabled":false},"version":2}},"categories":[10],"tags":[49547,44636,49548,933,1499,1498,12985,38364,14552,18733,87],"class_list":["post-197215","post","type-post","status-publish","format-standard","has-post-thumbnail","hentry","category-dunya","tag-alamazsak","tag-alternatifler","tag-aramamiz","tag-bakani","tag-cavusoglu","tag-disisleri","tag-eger","tag-f-35","tag-gerek","tag-satin","tag-yeni"],"jetpack_publicize_connections":[],"jetpack_featured_media_url":"https:\/\/i0.wp.com\/www.tvturk.com\/wp-content\/uploads\/2019\/08\/disisleri-bakani-cavusoglu-eger-f-35-satin-alamazsak-yeni-alternatifler-aramamiz-gerek_6b1f610.jpg?fit=1000%2C717","jetpack_sharing_enabled":true,"jetpack_shortlink":"https:\/\/wp.me\/paKIfm-PiT","_links":{"self":[{"href":"http:\/\/www.tvturk.com\/index.php\/wp-json\/wp\/v2\/posts\/197215","targetHints":{"allow":["GET"]}}],"collection":[{"href":"http:\/\/www.tvturk.com\/index.php\/wp-json\/wp\/v2\/posts"}],"about":[{"href":"http:\/\/www.tvturk.com\/index.php\/wp-json\/wp\/v2\/types\/post"}],"author":[{"embeddable":true,"href":"http:\/\/www.tvturk.com\/index.php\/wp-json\/wp\/v2\/users\/1"}],"replies":[{"embeddable":true,"href":"http:\/\/www.tvturk.com\/index.php\/wp-json\/wp\/v2\/comments?post=197215"}],"version-history":[{"count":0,"href":"http:\/\/www.tvturk.com\/index.php\/wp-json\/wp\/v2\/posts\/197215\/revisions"}],"wp:featuredmedia":[{"embeddable":true,"href":"http:\/\/www.tvturk.com\/index.php\/wp-json\/wp\/v2\/media\/197216"}],"wp:attachment":[{"href":"http:\/\/www.tvturk.com\/index.php\/wp-json\/wp\/v2\/media?parent=197215"}],"wp:term":[{"taxonomy":"category","embeddable":true,"href":"http:\/\/www.tvturk.com\/index.php\/wp-json\/wp\/v2\/categories?post=197215"},{"taxonomy":"post_tag","embeddable":true,"href":"http:\/\/www.tvturk.com\/index.php\/wp-json\/wp\/v2\/tags?post=197215"}],"curies":[{"name":"wp","href":"https:\/\/api.w.org\/{rel}","templated":true}]}}