{"id":197219,"date":"2019-08-28T23:32:37","date_gmt":"2019-08-28T20:32:37","guid":{"rendered":"http:\/\/www.tvturk.com\/index.php\/izmitte-30-agustos-coskusu-sunay-akinla-sahile-tasti\/"},"modified":"2019-08-28T23:32:37","modified_gmt":"2019-08-28T20:32:37","slug":"izmitte-30-agustos-coskusu-sunay-akinla-sahile-tasti","status":"publish","type":"post","link":"http:\/\/www.tvturk.com\/index.php\/izmitte-30-agustos-coskusu-sunay-akinla-sahile-tasti\/","title":{"rendered":"\u0130zmit\u2019te 30 A\u011fustos co\u015fkusu Sunay Ak\u0131n\u2019la sahile ta\u015ft\u0131"},"content":{"rendered":"<p>\u0130zmit Belediyesi taraf\u0131ndan d\u00fczenlenen 30 A\u011fustos Zafer Bayram\u0131 etkinlikleri kapsam\u0131nda sahne alan Sunay Ak\u0131n\u2019a \u0130zmitliler yo\u011fun ilgi g\u00f6sterdi.<\/p>\n<p>\u0130zmit Belediyesi taraf\u0131ndan 30 A\u011fustos Zafer Bayram\u0131 dolay\u0131s\u0131yla d\u00fczenlenen programlar kapsam\u0131nda Seka Park U\u00e7urtma Tepesi\u2019nde d\u00fczenlenen program\u0131n konu\u011fu yazar Sunay Ak\u0131n ve \u00c7ocuk Kalpler Kumpanyas\u0131 oldu. Yo\u011fun kat\u0131l\u0131m\u0131n ya\u015fand\u0131\u011f\u0131 programda Sunay Ak\u0131n \u2018Bir Cumhuriyet Hikayesi\u2019 hikayeleri ile vatanda\u015flara tarihte yolcuk yapt\u0131r\u0131rken, \u00c7ocuk Kalpler Kumpanyas\u0131 da \u015fark\u0131lar\u0131yla izleyenlere unutulmaz dakikalar ya\u015fatt\u0131. U\u00e7urtma Tepesini dolduran vatanda\u015flar ise bayraklarla \u015fark\u0131lara e\u015flik etti.<\/p>\n<p>Programda konu\u015fma yapmak i\u00e7in sahneye \u00e7\u0131kan \u0130zmit Belediye Ba\u015fkan\u0131 Fatma Kaplan H\u00fcrriyet, \u201cY\u0131llard\u0131r bug\u00fcnleri kutlamay\u0131 \u00f6zledik. Sizin sevgi ve dayan\u0131\u015fman\u0131zla bu y\u0131l daha da anlaml\u0131 oldu. Seneye bu kutlamalar\u0131 daha g\u00fczel kutlamak istiyoruz. Bundan sonra Cumhuriyet de\u011ferleri ve Atat\u00fcrk ilkelerine sahip \u00e7\u0131karak onun \u0131\u015f\u0131\u011f\u0131n\u0131 s\u00f6nd\u00fcrmemek hepimizin g\u00f6revidir. Dedik ki bu b\u00fcy\u00fck zaferler b\u00fcy\u00fck kutlamalara yak\u0131\u015f\u0131r. Y\u0131llard\u0131r \u00f6zledik bu zaferleri doya doya kutlamay\u0131. O y\u00fczden de bu sene 5 g\u00fcn boyunca kutlayaca\u011f\u0131z dedik, bir arada karde\u015f\u00e7e kutlayaca\u011f\u0131z dedik. Sizin sevginizle, sizin dayan\u0131\u015fman\u0131zla bu sene bu kutlamalar daha da anlaml\u0131 oldu&#8221; dedi.<\/p>\n","protected":false},"excerpt":{"rendered":"<p>\u0130ZM\u0130T BELED\u0130YES\u0130 TARAFINDAN D\u00dcZENLENEN 30 A\u011eUSTOS ZAFER BAYRAMI ETK\u0130NL\u0130KLER\u0130NDE SAHNE ALAN SUNAY AKIN \u0130ZM\u0130TL\u0130LERE YO\u011eUN \u0130LG\u0130S\u0130YLE KAR\u015eILA\u015eTI.<\/p>\n","protected":false},"author":1,"featured_media":197220,"comment_status":"closed","ping_status":"open","sticky":false,"template":"","format":"standard","meta":{"jetpack_post_was_ever_published":false,"_jetpack_newsletter_access":"","_jetpack_dont_email_post_to_subs":false,"_jetpack_newsletter_tier_id":0,"_jetpack_memberships_contains_paywalled_content":false,"_jetpack_memberships_contains_paid_content":false,"footnotes":"","jetpack_publicize_message":"","jetpack_publicize_feature_enabled":true,"jetpack_social_post_already_shared":true,"jetpack_social_options":{"image_generator_settings":{"template":"highway","default_image_id":0,"font":"","enabled":false},"version":2}},"categories":[656],"tags":[17970,49549,6596,6013,14868,37712,4666],"class_list":["post-197219","post","type-post","status-publish","format-standard","has-post-thumbnail","hentry","category-kultur-sanat","tag-agustos","tag-akinla","tag-coskusu","tag-izmitte","tag-sahile","tag-sunay","tag-tasti"],"jetpack_publicize_connections":[],"jetpack_featured_media_url":"https:\/\/i0.wp.com\/www.tvturk.com\/wp-content\/uploads\/2019\/08\/izmitte-30-agustos-coskusu-sunay-akinla-sahile-tasti_7275be9.jpg?fit=1000%2C666","jetpack_sharing_enabled":true,"jetpack_shortlink":"https:\/\/wp.me\/paKIfm-PiX","_links":{"self":[{"href":"http:\/\/www.tvturk.com\/index.php\/wp-json\/wp\/v2\/posts\/197219","targetHints":{"allow":["GET"]}}],"collection":[{"href":"http:\/\/www.tvturk.com\/index.php\/wp-json\/wp\/v2\/posts"}],"about":[{"href":"http:\/\/www.tvturk.com\/index.php\/wp-json\/wp\/v2\/types\/post"}],"author":[{"embeddable":true,"href":"http:\/\/www.tvturk.com\/index.php\/wp-json\/wp\/v2\/users\/1"}],"replies":[{"embeddable":true,"href":"http:\/\/www.tvturk.com\/index.php\/wp-json\/wp\/v2\/comments?post=197219"}],"version-history":[{"count":0,"href":"http:\/\/www.tvturk.com\/index.php\/wp-json\/wp\/v2\/posts\/197219\/revisions"}],"wp:featuredmedia":[{"embeddable":true,"href":"http:\/\/www.tvturk.com\/index.php\/wp-json\/wp\/v2\/media\/197220"}],"wp:attachment":[{"href":"http:\/\/www.tvturk.com\/index.php\/wp-json\/wp\/v2\/media?parent=197219"}],"wp:term":[{"taxonomy":"category","embeddable":true,"href":"http:\/\/www.tvturk.com\/index.php\/wp-json\/wp\/v2\/categories?post=197219"},{"taxonomy":"post_tag","embeddable":true,"href":"http:\/\/www.tvturk.com\/index.php\/wp-json\/wp\/v2\/tags?post=197219"}],"curies":[{"name":"wp","href":"https:\/\/api.w.org\/{rel}","templated":true}]}}