{"id":197225,"date":"2019-08-29T08:31:25","date_gmt":"2019-08-29T05:31:25","guid":{"rendered":"http:\/\/www.tvturk.com\/index.php\/tedavileri-tamamlanan-caretta-carettalar-denize-birakildi\/"},"modified":"2019-08-29T08:31:25","modified_gmt":"2019-08-29T05:31:25","slug":"tedavileri-tamamlanan-caretta-carettalar-denize-birakildi","status":"publish","type":"post","link":"http:\/\/www.tvturk.com\/index.php\/tedavileri-tamamlanan-caretta-carettalar-denize-birakildi\/","title":{"rendered":"Tedavileri tamamlanan caretta carettalar denize b\u0131rak\u0131ld\u0131"},"content":{"rendered":"<p>Mu\u011fla\u2019n\u0131n Ortaca il\u00e7esindeki Deniz Kaplumba\u011falar\u0131 Ara\u015ft\u0131rma, Kurtarma ve Rehabilitasyon Merkezi\u2019nde (DEKAMER) tedavisi tamamlanan 6 yeti\u015fkin ve 20 yavru caretta caretta denize b\u0131rak\u0131ld\u0131.<\/p>\n<p>DEKAMER\u2019de tedavileri tamamlanan \u201c\u00d6zg\u00fcn\u201d, \u201cDiana\u201d, \u201cTuba\u201d, \u201cNazo\u201d, \u201cHasan Efe\u201d ve \u201cDalyan\u201d  ile yuvadan \u00e7\u0131kan 20 yavru caretta carettan\u0131n denize b\u0131rak\u0131lmas\u0131 i\u00e7in \u0130ztuzu sahilinde t\u00f6ren d\u00fczenlendi. T\u00f6renden \u00f6nce s\u00fcrat teknesiyle kabu\u011fu yaralanan ve \u201cTuba\u201d ismi verilen 25-30 ya\u015flar\u0131ndaki di\u015fi deniz kaplumba\u011fas\u0131na uydu izleme cihaz\u0131 tak\u0131ld\u0131.<\/p>\n<p>DEKAMER\u2019de y\u00fcr\u00fct\u00fclen bilimsel \u00e7al\u0131\u015fmalar kapsam\u0131nda deniz kaplumba\u011falar\u0131n\u0131n g\u00f6\u00e7 yollar\u0131n\u0131 ve beslenme alanlar\u0131n\u0131 tespit etmek i\u00e7in uydu cihazlar\u0131 ile izleme \u00e7al\u0131\u015fmalar\u0131 yap\u0131l\u0131yor. Bug\u00fcne kadar toplam 26 deniz kaplumba\u011fas\u0131 uydudan izlendi. Uydu izleme cihaz\u0131 ile denize d\u00f6nen \u201cTuba\u201d caretta carettalar\u0131n g\u00f6\u00e7 yolu ve do\u011fal ya\u015fam habitat\u0131n\u0131 takip etmek a\u00e7\u0131s\u0131ndan \u00f6nem ta\u015f\u0131yor.<\/p>\n<p>Yar\u0131m saatlik bir programla kaplumba\u011falar\u0131n denize b\u0131rak\u0131lmas\u0131n\u0131n ard\u0131nda y\u0131llar\u0131n eme\u011fi oldu\u011funa i\u015faret eden Ortaca Kaymakam\u0131 Oktay Erdo\u011fan, \u201cBuradaki \u00e7al\u0131\u015fmalarda tedaviye ihtiya\u00e7 duyanlar\u0131n bak\u0131m\u0131n\u0131 sa\u011flamak, rehabilitasyonunu yapmak ve ara\u015ft\u0131rma \u00e7al\u0131\u015fmalar\u0131n\u0131 s\u00fcrd\u00fcrmek gibi hedefleri olan kurumun g\u00f6revlilerinin \u00e7ok b\u00fcy\u00fck eme\u011fi var\u201d ifadelerini kulland\u0131.<\/p>\n<p>Deniz kaplumba\u011falar\u0131n\u0131n tedavisinde y\u00fczde 60\u2019a yak\u0131n ba\u015far\u0131 sa\u011flanmas\u0131n\u0131n \u00f6nemli oldu\u011funu s\u00f6yleyen Kaymakam Erdo\u011fan, DEKAMER\u2019e ve merkeze destek veren kurumlara te\u015fekk\u00fcr etti.<\/p>\n<p>11 y\u0131lda 186 kaplumba\u011fa tedavi edildi<\/p>\n<p>DEKAMER proje y\u00fcr\u00fct\u00fcc\u00fcs\u00fc Prof. Dr. Yakup Kaska yaral\u0131 kaplumba\u011falar\u0131n tedavisinin kamuoyunda fark\u0131ndal\u0131k olu\u015fturmak i\u00e7in \u00f6nemli oldu\u011funu s\u00f6yledi. Bin yavrudan sadece bir tanesinin erginle\u015febildi\u011fini belirten Kaska, \u201cYaral\u0131 kaplumba\u011falar\u0131n kurtar\u0131larak tekrar denize g\u00f6nderilmesi pop\u00fclasyon a\u00e7\u0131s\u0131ndan da \u00f6nemli. Yakla\u015f\u0131k 11 y\u0131lda 360\u2019a yak\u0131n yaral\u0131y\u0131 merkezimizde tedavi alt\u0131na ald\u0131k ve bug\u00fcne kadar tedavisini tamamlad\u0131\u011f\u0131m\u0131z 186 kaplumba\u011fay\u0131 denize g\u00f6nderdik. \u015euan 18 kaplumba\u011fam\u0131z\u0131n tedavisi devam ediyor. Yavrular\u0131n \u00e7\u0131k\u0131\u015f s\u00fcreci de devam ediyor\u201d diye konu\u015ftu.<\/p>\n<p>Do\u011fa Koruma Milli Parklar B\u00f6lge M\u00fcd\u00fcr\u00fc Kerim Gen\u00e7o\u011flu, DEKAMER\u2019in y\u00fcr\u00fctt\u00fc\u011f\u00fc \u00e7al\u0131\u015fmalar\u0131n \u00f6nemine vurgu yaparak, \u201cDo\u011fa Koruma Milli Parklar Genel M\u00fcd\u00fcrl\u00fc\u011f\u00fc olarak Ege b\u00f6lgesinde \u00e7e\u015fitli sebeplerle yaralanm\u0131\u015f deniz kaplumba\u011falar\u0131n\u0131 \u0130ztuzu sahilindeki DEKAMER\u2019e ula\u015ft\u0131r\u0131yoruz. Burada hocalar\u0131m\u0131z, teknik elemanlar\u0131m\u0131z ve g\u00f6revlilerimiz kaplumba\u011falar\u0131 tedavi ediyorlar. Bu \u00e7al\u0131\u015fmalar i\u00e7in merkezdeki g\u00f6revli arkada\u015flara te\u015fekk\u00fcr ediyorum\u201d dedi.<\/p>\n<p>Ortaca Belediye Ba\u015fkan\u0131 Alim Uzundemir ise \u015funlar\u0131 s\u00f6yledi:<\/p>\n<p>\u201cNesli t\u00fckenme tehlikesinde olan do\u011fdu\u011fu kumsala 25 sene sonra tekrar yuva yapmak i\u00e7in gelen vefakar kaplumba\u011falar\u0131n yaralar\u0131n\u0131 iyile\u015ftirerek do\u011fal ortam\u0131na g\u00f6nderdi\u011fi i\u00e7in DEKAMER\u2019e ve hocalar\u0131m\u0131za te\u015fekk\u00fcr ediyorum.\u201d<\/p>\n","protected":false},"excerpt":{"rendered":"<p>TEDAV\u0130S\u0130 TAMAMLANAN \u201cTUBA\u201d UYDUDAN TAK\u0130P ED\u0130LECEK<\/p>\n","protected":false},"author":1,"featured_media":197226,"comment_status":"closed","ping_status":"open","sticky":false,"template":"","format":"standard","meta":{"jetpack_post_was_ever_published":false,"_jetpack_newsletter_access":"","_jetpack_dont_email_post_to_subs":false,"_jetpack_newsletter_tier_id":0,"_jetpack_memberships_contains_paywalled_content":false,"_jetpack_memberships_contains_paid_content":false,"footnotes":"","jetpack_publicize_message":"","jetpack_publicize_feature_enabled":true,"jetpack_social_post_already_shared":true,"jetpack_social_options":{"image_generator_settings":{"template":"highway","default_image_id":0,"font":"","enabled":false},"version":2}},"categories":[1],"tags":[5130,26539,41165,969,3579,10785],"class_list":["post-197225","post","type-post","status-publish","format-standard","has-post-thumbnail","hentry","category-genel","tag-birakildi","tag-caretta","tag-carettalar","tag-denize","tag-tamamlanan","tag-tedavileri"],"jetpack_publicize_connections":[],"jetpack_featured_media_url":"https:\/\/i0.wp.com\/www.tvturk.com\/wp-content\/uploads\/2019\/08\/tedavileri-tamamlanan-caretta-carettalar-denize-birakildi_ca501ee.jpg?fit=1000%2C666","jetpack_sharing_enabled":true,"jetpack_shortlink":"https:\/\/wp.me\/paKIfm-Pj3","_links":{"self":[{"href":"http:\/\/www.tvturk.com\/index.php\/wp-json\/wp\/v2\/posts\/197225","targetHints":{"allow":["GET"]}}],"collection":[{"href":"http:\/\/www.tvturk.com\/index.php\/wp-json\/wp\/v2\/posts"}],"about":[{"href":"http:\/\/www.tvturk.com\/index.php\/wp-json\/wp\/v2\/types\/post"}],"author":[{"embeddable":true,"href":"http:\/\/www.tvturk.com\/index.php\/wp-json\/wp\/v2\/users\/1"}],"replies":[{"embeddable":true,"href":"http:\/\/www.tvturk.com\/index.php\/wp-json\/wp\/v2\/comments?post=197225"}],"version-history":[{"count":0,"href":"http:\/\/www.tvturk.com\/index.php\/wp-json\/wp\/v2\/posts\/197225\/revisions"}],"wp:featuredmedia":[{"embeddable":true,"href":"http:\/\/www.tvturk.com\/index.php\/wp-json\/wp\/v2\/media\/197226"}],"wp:attachment":[{"href":"http:\/\/www.tvturk.com\/index.php\/wp-json\/wp\/v2\/media?parent=197225"}],"wp:term":[{"taxonomy":"category","embeddable":true,"href":"http:\/\/www.tvturk.com\/index.php\/wp-json\/wp\/v2\/categories?post=197225"},{"taxonomy":"post_tag","embeddable":true,"href":"http:\/\/www.tvturk.com\/index.php\/wp-json\/wp\/v2\/tags?post=197225"}],"curies":[{"name":"wp","href":"https:\/\/api.w.org\/{rel}","templated":true}]}}