{"id":197255,"date":"2019-08-29T09:46:54","date_gmt":"2019-08-29T06:46:54","guid":{"rendered":"http:\/\/www.tvturk.com\/index.php\/ozel-esnaf-ile-karganin-dostlugu-herkesi-sasirtiyor\/"},"modified":"2019-08-29T09:46:54","modified_gmt":"2019-08-29T06:46:54","slug":"ozel-esnaf-ile-karganin-dostlugu-herkesi-sasirtiyor","status":"publish","type":"post","link":"http:\/\/www.tvturk.com\/index.php\/ozel-esnaf-ile-karganin-dostlugu-herkesi-sasirtiyor\/","title":{"rendered":"(\u00d6zel) Esnaf ile kargan\u0131n dostlu\u011fu herkesi \u015fa\u015f\u0131rt\u0131yor"},"content":{"rendered":"<p>Sar\u0131yer\u2019de esnafl\u0131k yapan Hasan Kayac\u0131\u2019n\u0131n yakla\u015f\u0131k 3 ay \u00f6nce yavru iken buldu\u011fu karga ile olan dostlu\u011fu herkesi \u015fa\u015f\u0131rt\u0131yor. D\u0131\u015far\u0131 bir \u00e7ok kez b\u0131rak\u0131lmas\u0131na ra\u011fmen gitmeyen karga, esnaf\u0131n maskotu oldu.<\/p>\n<p>Sar\u0131yer\u2019de a\u011fa\u00e7 oyma ustas\u0131 olan Hasan Kayac\u0131, i\u015f yerinin yak\u0131n\u0131nda yakla\u015f\u0131k 3 ay \u00f6nce yavru halde buldu\u011fu kargan\u0131n bak\u0131m\u0131n\u0131 \u00fcstlendi. Kargay\u0131 daha sonra do\u011faya salmak isteyen Kayac\u0131, bir\u00e7ok defa denemesine ra\u011fmen karga gitmeyince aradan ge\u00e7en zaman i\u00e7erisinde dostluk ba\u015flad\u0131. \u0130\u015f yerinde g\u00fcnlerini beraber ge\u00e7irdi\u011fi karga ile aras\u0131ndaki s\u0131ra d\u0131\u015f\u0131 dostluk g\u00fcn ge\u00e7tik\u00e7e daha da g\u00fc\u00e7lendi. Kayac\u0131, at\u00f6lye i\u00e7erisinde \u00e7al\u0131\u015f\u0131rken s\u00fcrekli yan\u0131na gelen karga, arada kendisini sevdirmeyi de ihmal etmiyor. \u00c7evrede bulunan di\u011fer esnaflar taraf\u0131ndan da sevilen karga, at\u00f6lyenin de maskotu oldu.<\/p>\n<p>&#8220;Bazen d\u0131\u015far\u0131 \u00e7\u0131k\u0131p dola\u015ft\u0131ktan sonra geri geliyor&#8221;<\/p>\n<p>Y\u0131llar \u00f6ncesinde karga besleme niyetinde oldu\u011funu kaydeden Hasan Kayac\u0131, yavru halde buldu\u011fu kargayla olur mu olmaz m\u0131 d\u00fc\u015f\u00fcn\u00fcrken, g\u00fczel bir arkada\u015fl\u0131\u011f\u0131n\u0131n olu\u015ftu\u011funu s\u00f6yledi. Birka\u00e7 defa b\u0131rakt\u0131klar\u0131n\u0131 ama gitmedi\u011fini anlatan Kayac\u0131, \u201cBiz ona \u00e7ok al\u0131\u015ft\u0131k. Kendisi de gitmiyor. O art\u0131k bizim dostumuz. 3 ayd\u0131r bizimle beraber. Ac\u0131kt\u0131\u011f\u0131 zaman ba\u011f\u0131r\u0131yor. Bizde o zaman yeme\u011fini veriyoruz. Karn\u0131 doyunca da \u00e7\u0131k\u0131p yukar\u0131da yat\u0131yor. Bazen d\u0131\u015far\u0131 \u00e7\u0131k\u0131p dola\u015ft\u0131ktan sonra geri geliyor. Yemek yemesinde bir problem yok. \u0130lgi oda\u011f\u0131 oldu. Herkes gelip seviyor\u201d diye konu\u015ftu.<\/p>\n<p>&#8220;Buran\u0131n maskotu oldu&#8221;<\/p>\n<p>Arkada\u015flar\u0131 taraf\u0131ndan kargaya f\u0131nd\u0131k, ceviz getirildi\u011fini anlatan Kayac\u0131, \u201cBirisi ceviz, birisi f\u0131nd\u0131k, birisi salam getirir. Ona \u00e7ok iyi bak\u0131yorlar. Can\u0131 s\u0131k\u0131lm\u0131yor. Kendisi de gitmek de istemiyor. Onu istiyorlar ama ben veremiyorum. \u00c7\u00fcnk\u00fc ben ona \u00e7ok al\u0131\u015ft\u0131m. Bayram\u0131 burada onunla birlikte ge\u00e7irdim. Sabah geldi\u011fim zaman ilk bunu ar\u0131yorum. Buran\u0131n maskotu oldu. Bazen yaramazl\u0131k yap\u0131yor. D\u00fckkan  i\u00e7erisinde dola\u015f\u0131yor. Biz ba\u011f\u0131r\u0131nca cevap da veriyor. Kendisi burada gayet \u00f6zg\u00fcr bir \u015fekilde hareket ediyor. D\u0131\u015far\u0131da geziyor. U\u00e7uyor, \u00e7at\u0131larda geziyor. Kafas\u0131na g\u00f6re tak\u0131l\u0131yor\u201d dedi.<\/p>\n","protected":false},"excerpt":{"rendered":"<p>SARIYER\u2019DE ESNAFLIK YAPAN HASAN KAYACI\u2019NIN YAKLA\u015eIK 3 AY \u00d6NCE YAVRU \u0130KEN BULDU\u011eU KARGA \u0130LE OLAN DOSTLU\u011eU HERKES\u0130 \u015eA\u015eIRTIYOR.<\/p>\n","protected":false},"author":1,"featured_media":197256,"comment_status":"closed","ping_status":"open","sticky":false,"template":"","format":"standard","meta":{"jetpack_post_was_ever_published":false,"_jetpack_newsletter_access":"","_jetpack_dont_email_post_to_subs":false,"_jetpack_newsletter_tier_id":0,"_jetpack_memberships_contains_paywalled_content":false,"_jetpack_memberships_contains_paid_content":false,"footnotes":"","jetpack_publicize_message":"","jetpack_publicize_feature_enabled":true,"jetpack_social_post_already_shared":true,"jetpack_social_options":{"image_generator_settings":{"template":"highway","default_image_id":0,"font":"","enabled":false},"version":2}},"categories":[1],"tags":[1073,9300,921,10283,192,17140,12497],"class_list":["post-197255","post","type-post","status-publish","format-standard","has-post-thumbnail","hentry","category-genel","tag-ozel","tag-dostlugu","tag-esnaf","tag-herkesi","tag-ile","tag-karganin","tag-sasirtiyor"],"jetpack_publicize_connections":[],"jetpack_featured_media_url":"https:\/\/i0.wp.com\/www.tvturk.com\/wp-content\/uploads\/2019\/08\/ozel-esnaf-ile-karganin-dostlugu-herkesi-sasirtiyor_d761491.jpg?fit=1000%2C750","jetpack_sharing_enabled":true,"jetpack_shortlink":"https:\/\/wp.me\/paKIfm-Pjx","_links":{"self":[{"href":"http:\/\/www.tvturk.com\/index.php\/wp-json\/wp\/v2\/posts\/197255","targetHints":{"allow":["GET"]}}],"collection":[{"href":"http:\/\/www.tvturk.com\/index.php\/wp-json\/wp\/v2\/posts"}],"about":[{"href":"http:\/\/www.tvturk.com\/index.php\/wp-json\/wp\/v2\/types\/post"}],"author":[{"embeddable":true,"href":"http:\/\/www.tvturk.com\/index.php\/wp-json\/wp\/v2\/users\/1"}],"replies":[{"embeddable":true,"href":"http:\/\/www.tvturk.com\/index.php\/wp-json\/wp\/v2\/comments?post=197255"}],"version-history":[{"count":0,"href":"http:\/\/www.tvturk.com\/index.php\/wp-json\/wp\/v2\/posts\/197255\/revisions"}],"wp:featuredmedia":[{"embeddable":true,"href":"http:\/\/www.tvturk.com\/index.php\/wp-json\/wp\/v2\/media\/197256"}],"wp:attachment":[{"href":"http:\/\/www.tvturk.com\/index.php\/wp-json\/wp\/v2\/media?parent=197255"}],"wp:term":[{"taxonomy":"category","embeddable":true,"href":"http:\/\/www.tvturk.com\/index.php\/wp-json\/wp\/v2\/categories?post=197255"},{"taxonomy":"post_tag","embeddable":true,"href":"http:\/\/www.tvturk.com\/index.php\/wp-json\/wp\/v2\/tags?post=197255"}],"curies":[{"name":"wp","href":"https:\/\/api.w.org\/{rel}","templated":true}]}}