{"id":197265,"date":"2019-08-29T10:01:45","date_gmt":"2019-08-29T07:01:45","guid":{"rendered":"http:\/\/www.tvturk.com\/index.php\/36-yil-aradan-sonra-gunes-yuzu-gordu\/"},"modified":"2019-08-29T10:01:45","modified_gmt":"2019-08-29T07:01:45","slug":"36-yil-aradan-sonra-gunes-yuzu-gordu","status":"publish","type":"post","link":"http:\/\/www.tvturk.com\/index.php\/36-yil-aradan-sonra-gunes-yuzu-gordu\/","title":{"rendered":"36 y\u0131l aradan sonra g\u00fcne\u015f y\u00fcz\u00fc g\u00f6rd\u00fc"},"content":{"rendered":"<p>Van\u2019\u0131n \u00d6zalp il\u00e7esinde 1979 y\u0131l\u0131nda Almanya\u2019daki gurbet\u00e7iler taraf\u0131ndan k\u00f6ye hibe edilen ambulans, hasta olmay\u0131nca bir s\u00fcre mand\u0131raya s\u00fct ta\u015f\u0131d\u0131. Bir\u00e7ok gencin \u015fof\u00f6rl\u00fc\u011fe al\u0131\u015ft\u0131\u011f\u0131 ve ar\u0131zalan\u0131nca garaja \u00e7ekilen ambulans, 36 y\u0131l aradan sonra sergilendi\u011fi mahalle alan\u0131nda g\u00fcne\u015f g\u00f6rd\u00fc.<\/p>\n<p>Trabzon\u2019un \u00c7aykara ve Uzung\u00f6l il\u00e7elerinde meydana gelen heyelan\u0131n ard\u0131ndan ma\u011fdur aileler, 54 y\u0131l \u00f6nce Van\u2019\u0131n \u0130ran s\u0131n\u0131r\u0131ndaki \u00d6zalp il\u00e7esinin D\u00f6nerdere ve Emek mahallelerine yerle\u015fti. Mahallede ikamet eden baz\u0131 vatanda\u015flar Almanya\u2019ya gurbete gitti. Almanya\u2019daki gurbet\u00e7iler taraf\u0131ndan 1967 k\u00f6ye bir ambulans hibe edildi. Uzun s\u00fcre mahallede hasta olmay\u0131nca ambulans\u0131n sedye k\u0131sm\u0131 s\u00f6k\u00fclerek kooperatifin b\u00fcnyesinde a\u00e7\u0131lan mand\u0131raya \u00e7evre mahallelerden s\u00fct ta\u015f\u0131makta kullan\u0131ld\u0131. Bir\u00e7ok gencin \u015fof\u00f6rl\u00fc\u011f\u00fc \u00f6\u011frendi\u011fi ambulans ar\u0131zalan\u0131nca garaja \u00e7ekildi. Yakla\u015f\u0131k 36 y\u0131ld\u0131r garajda bekleyen ambulans, mahalle sakinlerinin giri\u015fimleri sonucu garajdan \u00e7\u0131kar\u0131l\u0131p g\u00fczelce temizlendi. Temizlenen ambulans k\u00f6y\u00fcn \u00e7ay ortas\u0131nda sergilenmeye ba\u015fland\u0131.<\/p>\n<p>\u015eof\u00f6rl\u00fc\u011f\u00fc ambulansta \u00f6\u011frenenlerden Hasan Sami Tosun, ambulans\u0131 g\u00f6r\u00fcnce gen\u00e7lik y\u0131llar\u0131n\u0131 hat\u0131rlad\u0131\u011f\u0131n\u0131 s\u00f6yledi. Tosun, &#8220;Almanya\u2019daki gurbet\u00e7iler taraf\u0131ndan ortakla\u015fa 1979 y\u0131l\u0131nda k\u00f6ye hibe alt\u0131nda verildi. Daha sonra o d\u00f6nem k\u00f6y\u00fcm\u00fczde hasta olmad\u0131\u011f\u0131 i\u00e7in bu ara\u00e7 mand\u0131rada \u00e7evre k\u00f6ylerden s\u00fct almak i\u00e7in kullan\u0131ld\u0131. O d\u00f6nem k\u00f6yde yeti\u015fen yeni nesil \u015fof\u00f6rl\u00fc\u011f\u00fc bu ara\u00e7ta \u00f6\u011frendi. Yeni \u015fof\u00f6rl\u00fc\u011f\u00fc \u00f6\u011frenen ge\u00e7ler araba ar\u0131zalan\u0131p yolda kal\u0131nca \u00e7ekilip o tarihten bu tarihe kadar burada kald\u0131. Bizde bir ka\u00e7 mahalle sakini ile nostalji olsun diye garajdan \u00e7\u0131kard\u0131k. G\u00fczel bir temizli\u011fini yapt\u0131k. Burada mahalle sakinlerinin ziyaretine sunduk\u201d diye konu\u015ftu.<\/p>\n<p>\u201cArac\u0131n ilk \u015fof\u00f6r\u00fc rahmetli Sami Y\u0131ld\u0131r\u0131m idi\u201d.<\/p>\n<p>Arac\u0131n 1983 y\u0131l\u0131ndan bu yana garajda kald\u0131\u011f\u0131n\u0131 ifade eden Hasan Sami Tosun, \u201cBununla birlikte bir minib\u00fcs daha vard\u0131. O da 1975 modeldi. O minib\u00fcs zamana dayanamay\u0131p \u00e7\u00fcr\u00fc ve hurda oldu. Ambulans\u0131m\u0131z ise halen dimdik ayakta. Faal bir vaziyette bize geldi, \u00e7al\u0131\u015fmayan hi\u00e7bir aksam\u0131 yoktu ama hasta olmay\u0131nca mand\u0131raya s\u00fct ta\u015f\u0131d\u0131. Ben bile k\u00fc\u00e7\u00fck oldu\u011fum halde \u015fof\u00f6rl\u00fc\u011f\u00fc bunda \u00f6\u011frendim. Bu arac\u0131n ilk \u015fof\u00f6r\u00fc rahmetli Sami Y\u0131ld\u0131r\u0131m idi. Daha sonra sabah erken kalkan gen\u00e7ler arac\u0131 al\u0131p s\u00fct ta\u015f\u0131maya gitti. Yeni yeni \u015fof\u00f6rl\u00fc\u011f\u00fc \u00f6\u011frendi\u011fimiz ve arac\u0131n dilinden anlamad\u0131\u011f\u0131m\u0131z i\u00e7in hararet ettirdik. Araba su kaynatt\u0131. Dolay\u0131s\u0131yla conta yak\u0131nca araba o \u015fekil garaja \u00e7ekildi. O d\u00f6nemim gen\u00e7li\u011fi \u015fimdi de arac\u0131 k\u00f6y\u00fcn orta yerine \u00e7\u0131kar\u0131p m\u00fcze \u015feklinde burada sergileniyor\u201d dedi.<\/p>\n<p>Arac\u0131n temizli\u011fini yap\u0131p sergileyenlerden \u0130smail Ulusal, \u201cBu ara\u00e7 uzun s\u00fcreden beri garajda duruyordu. Bir g\u00fcn arkada\u015flar aram\u0131zda karar verdik. Garaj\u0131n kap\u0131s\u0131n\u0131 a\u00e7t\u0131k ve arac\u0131 d\u0131\u015far\u0131 \u00e7\u0131kard\u0131k. Temizli\u011fi yapt\u0131ktan sonra mahallemizin ortas\u0131nda bulunan \u00e7ay bah\u00e7emiz yan\u0131na alarak sergilemeye ba\u015flad\u0131k. Almanya\u2019dan ambulans olarak geldi ama uzun s\u00fcre kullan\u0131lmad\u0131. Garaja konuldu. Yakla\u015f\u0131k 40 y\u0131ld\u0131r da garajda \u00e7\u00fcr\u00fcmeye b\u0131rak\u0131ld\u0131. Mahalleden g\u00f6\u00e7 edenler, buraya geldiklerinde arac\u0131 g\u00f6r\u00fcnce duygulan\u0131yorlar. Eski an\u0131lar\u0131 canlan\u0131yor. G\u00fczel bir karar ald\u0131\u011f\u0131m\u0131za inan\u0131yorum\u201d dedi.<\/p>\n","protected":false},"excerpt":{"rendered":"<p>VAN\u2019IN \u00d6ZALP \u0130L\u00c7ES\u0130NDE, 1967 YILINDA ALMANYA\u2019DAK\u0130 GURBET\u00c7\u0130LER TARAFINDAN K\u00d6YE H\u0130BE ED\u0130LEN AMBULANS HASTA OLMAYINCA, B\u0130R S\u00dcRE MANDIRAYA S\u00dcT TA\u015eIDI. B\u0130R\u00c7OK GENC\u0130N \u0130LK \u015eOF\u00d6RL\u00dc\u011e\u00dc ALI\u015eTI\u011eI VE ARIZALANINCA GARAJA \u00c7EK\u0130LEN AMBULANS 36 YIL ARADAN SONRA SERG\u0130LEND\u0130\u011e\u0130 MAHALLE ALANINDA G\u00dcNE\u015e G\u00d6RD\u00dc.<\/p>\n","protected":false},"author":1,"featured_media":197266,"comment_status":"closed","ping_status":"open","sticky":false,"template":"","format":"standard","meta":{"jetpack_post_was_ever_published":false,"_jetpack_newsletter_access":"","_jetpack_dont_email_post_to_subs":false,"_jetpack_newsletter_tier_id":0,"_jetpack_memberships_contains_paywalled_content":false,"_jetpack_memberships_contains_paid_content":false,"footnotes":"","jetpack_publicize_message":"","jetpack_publicize_feature_enabled":true,"jetpack_social_post_already_shared":true,"jetpack_social_options":{"image_generator_settings":{"template":"highway","default_image_id":0,"font":"","enabled":false},"version":2}},"categories":[1],"tags":[12450,244,1386,2022,231,3937],"class_list":["post-197265","post","type-post","status-publish","format-standard","has-post-thumbnail","hentry","category-genel","tag-aradan","tag-gordu","tag-gunes","tag-sonra","tag-yil","tag-yuzu"],"jetpack_publicize_connections":[],"jetpack_featured_media_url":"https:\/\/i0.wp.com\/www.tvturk.com\/wp-content\/uploads\/2019\/08\/36-yil-aradan-sonra-gunes-yuzu-gordu_398643c.jpg?fit=1000%2C562","jetpack_sharing_enabled":true,"jetpack_shortlink":"https:\/\/wp.me\/paKIfm-PjH","_links":{"self":[{"href":"http:\/\/www.tvturk.com\/index.php\/wp-json\/wp\/v2\/posts\/197265","targetHints":{"allow":["GET"]}}],"collection":[{"href":"http:\/\/www.tvturk.com\/index.php\/wp-json\/wp\/v2\/posts"}],"about":[{"href":"http:\/\/www.tvturk.com\/index.php\/wp-json\/wp\/v2\/types\/post"}],"author":[{"embeddable":true,"href":"http:\/\/www.tvturk.com\/index.php\/wp-json\/wp\/v2\/users\/1"}],"replies":[{"embeddable":true,"href":"http:\/\/www.tvturk.com\/index.php\/wp-json\/wp\/v2\/comments?post=197265"}],"version-history":[{"count":0,"href":"http:\/\/www.tvturk.com\/index.php\/wp-json\/wp\/v2\/posts\/197265\/revisions"}],"wp:featuredmedia":[{"embeddable":true,"href":"http:\/\/www.tvturk.com\/index.php\/wp-json\/wp\/v2\/media\/197266"}],"wp:attachment":[{"href":"http:\/\/www.tvturk.com\/index.php\/wp-json\/wp\/v2\/media?parent=197265"}],"wp:term":[{"taxonomy":"category","embeddable":true,"href":"http:\/\/www.tvturk.com\/index.php\/wp-json\/wp\/v2\/categories?post=197265"},{"taxonomy":"post_tag","embeddable":true,"href":"http:\/\/www.tvturk.com\/index.php\/wp-json\/wp\/v2\/tags?post=197265"}],"curies":[{"name":"wp","href":"https:\/\/api.w.org\/{rel}","templated":true}]}}