{"id":197295,"date":"2019-08-29T10:32:46","date_gmt":"2019-08-29T07:32:46","guid":{"rendered":"http:\/\/www.tvturk.com\/index.php\/turkiyenin-tek-gures-evi-sindirgida-acildi\/"},"modified":"2019-08-29T10:32:46","modified_gmt":"2019-08-29T07:32:46","slug":"turkiyenin-tek-gures-evi-sindirgida-acildi","status":"publish","type":"post","link":"http:\/\/www.tvturk.com\/index.php\/turkiyenin-tek-gures-evi-sindirgida-acildi\/","title":{"rendered":"T\u00fcrkiye\u2019nin tek g\u00fcre\u015f evi S\u0131nd\u0131rg\u0131\u2019da a\u00e7\u0131ld\u0131"},"content":{"rendered":"<p>Bal\u0131kesir\u2019in S\u0131nd\u0131rg\u0131 il\u00e7esinde 1884\u2019te in\u015fa edilen tarihi savc\u0131l\u0131k binas\u0131 restore edilerek &#8220;G\u00fcre\u015f M\u00fczesi&#8221; olarak hizmete a\u00e7\u0131ld\u0131.<\/p>\n<p>20. Uluslararas\u0131 S\u0131nd\u0131rg\u0131 Ya\u011fc\u0131bedir Hal\u0131, K\u00fclt\u00fcr ve Sanat G\u00fcnleri kapsam\u0131nda 2018 y\u0131l\u0131nda S\u0131nd\u0131rg\u0131 Belediyesi taraf\u0131ndan kurulan G\u00fcre\u015f M\u00fczesi\u2019nde, tarihi g\u00fcre\u015f malzemeleri, kispetler, gazete haberleri, ge\u00e7mi\u015f d\u00f6nemdeki m\u00fcsabakalara ait foto\u011fraflar yer al\u0131yor. \u015eerif Pehlivan, Mehmet Ali Ya\u011fc\u0131, Mehmet Gacaro\u011flu gibi K\u0131rkp\u0131nar\u2019da nam salm\u0131\u015f pehlivanlar\u0131n yeti\u015fti\u011fi il\u00e7ede kurulan m\u00fczede, g\u00fcre\u015f\u00e7ilere ait kupa ve madalyalar, cazg\u0131r, g\u00fcre\u015f a\u011fas\u0131, davul zurna ekibi fig\u00fcrleri, g\u00fcre\u015flere ait foto\u011fraflar, hikayeler ile mini kispet at\u00f6lyesi bulunuyor. M\u00fczenin giri\u015finde yer alan d\u00fc\u011f\u00fcn g\u00fcre\u015flerinin \u00f6d\u00fcl\u00fc bir kese ka\u011f\u0131d\u0131 leblebi ve 2 metrelik basma da ziyaret\u00e7ilerin dikkatini \u00e7ekiyor. Hikayesi ise takdir topluyor.<\/p>\n<p>Bu m\u00fczede 17 efsane g\u00fcre\u015f\u00e7inin hayat\u0131 var<\/p>\n<p>T\u00fcrkiye\u2019nin ilk ve tek g\u00fcre\u015f m\u00fczesi S\u0131nd\u0131rg\u0131 Belediyesi Remzi \u00c7akar G\u00fcre\u015f Evi\u2019nde il\u00e7enin efsane 17 pehlivan\u0131n hayat\u0131, hikayeleri ve madalyalar\u0131 yer al\u0131yor. Pehlivanlar\u0131n ve yak\u0131nlar\u0131n\u0131n ba\u011f\u0131\u015flad\u0131\u011f\u0131 ger\u00e7ek madalyalar ve o g\u00fcnlere ait resimler ziyaret\u00e7ilerin ilgisini \u00e7ekiyor. Hayatta olan pehlivanlar da kendilerini m\u00fczede g\u00f6r\u00fcnce duygu dolu anlar ya\u015f\u0131yor.<\/p>\n<p>TKB\u2019den m\u00fcze \u00f6zendirme \u00f6d\u00fcl\u00fc verildi<\/p>\n<p>S\u0131nd\u0131rg\u0131 Belediyesi Remzi \u00c7akar G\u00fcre\u015f evi Tarihi Kentler Birli\u011fi taraf\u0131ndan da m\u00fcze \u00f6zendirme \u00f6d\u00fcl\u00fcne lay\u0131k g\u00f6r\u00fcld\u00fc. Ata sporu g\u00fcre\u015flere \u00f6nem veren Belediye Ba\u015fkan\u0131 Ekrem Yava\u015f, il\u00e7ede bir\u00e7ok \u00f6nemli g\u00fcre\u015f\u00e7inin yeti\u015fti\u011fini ve g\u00fcre\u015flerin sadece bu binada de\u011fil, her y\u0131l yap\u0131lan iki ayr\u0131 g\u00fcre\u015f organizasyonu ve S\u0131nd\u0131rg\u0131 Belediyesi g\u00fcre\u015f tak\u0131m\u0131 ile ya\u015fat\u0131ld\u0131\u011f\u0131n\u0131 s\u00f6yledi.<\/p>\n<p>Ba\u015fkan Yava\u015f, \u201cT\u00fcrk milletinin temeli k\u00fclt\u00fcrd\u00fcr, sanatt\u0131r, spordur. Bizler de bu anlay\u0131\u015fla S\u0131nd\u0131rg\u0131\u2019da uluslararas\u0131 Ya\u011fc\u0131bedir G\u00fcnlerini icra ediyoruz. Gece g\u00fcnd\u00fcz demeden \u00e7al\u0131\u015f\u0131yoruz. Bunun kar\u015f\u0131l\u0131\u011f\u0131 olarak da bize verilen bir de\u011fer var. Bu de\u011fer ya\u011fl\u0131 g\u00fcre\u015f. Ya\u011fl\u0131 g\u00fcre\u015f, S\u0131nd\u0131rg\u0131 tarihinde \u015eerif Pehlivan, Mehmet Ali Ya\u011fc\u0131 ile zirve yapm\u0131\u015f ve ayn\u0131 zamanda da Gacaro\u011fullar\u0131 ile beraber nam salm\u0131\u015ft\u0131r. Bizler bu g\u00fcn y\u00fcz yirmi g\u00fcre\u015f\u00e7imizle beraber S\u0131nd\u0131rg\u0131\u2019da g\u00fcre\u015fi yeni ku\u015faklara ta\u015f\u0131ma tela\u015f\u0131nday\u0131z. T\u00fcrkiye\u2019de bir ilki ger\u00e7ekle\u015ftirdik. 17 efsane pehlivan\u0131n hayat\u0131n\u0131n yer ald\u0131\u011f\u0131 S\u0131nd\u0131rg\u0131 Belediyesi Remzi \u00c7akar G\u00fcre\u015f Evi\u2019ni olu\u015fturduk. 2018 y\u0131l\u0131 festival tarihinde a\u00e7\u0131l\u0131\u015f\u0131n\u0131 yapm\u0131\u015ft\u0131k, g\u00fczel bir hadise oldu. Kar\u015f\u0131l\u0131\u011f\u0131nda da \u00f6d\u00fcl\u00fcm\u00fcz\u00fc Tarihi Kentler Birli\u011fi\u2019nden ald\u0131k. Bu y\u0131l 30 A\u011fustos -3 Eyl\u00fcl 2019 tarihleri aras\u0131nda hem g\u00fcre\u015flerimiz hem cirit hem de sanat\u0131n her bir dal\u0131n\u0131 S\u0131nd\u0131rg\u0131\u2019da yeniden icra edece\u011fimiz festivalimiz ba\u015fl\u0131yor. Bununla da yeni bir damga vuracak bir ilki ger\u00e7ekle\u015ftirmenin gururunu ya\u015f\u0131yoruz. Yeni yap\u0131lan \u00e7evre yolumuzun \u0130zmir istikametinin giri\u015fine iki tane S\u0131nd\u0131rg\u0131\u2019n\u0131n gurur abidesi \u015eerif Pehlivan ve Mehmet Ali Ya\u011fc\u0131\u2019n\u0131n an\u0131tlar\u0131n\u0131 yapt\u0131k. Bu y\u0131l da onlar\u0131n a\u00e7\u0131l\u0131\u015flar\u0131n\u0131 ger\u00e7ekle\u015ftirece\u011fiz\u201d dedi.<\/p>\n","protected":false},"excerpt":{"rendered":"<p>BALIKES\u0130R\u2019\u0130N SINDIRGI \u0130L\u00c7ES\u0130NDE 1884\u2019TE \u0130N\u015eA ED\u0130LEN TAR\u0130H\u0130 SAVCILIK B\u0130NASI RESTORE ED\u0130LEREK &#8220;G\u00dcRE\u015e M\u00dcZES\u0130&#8221; OLARAK H\u0130ZMETE A\u00c7ILDI.<\/p>\n","protected":false},"author":1,"featured_media":197296,"comment_status":"closed","ping_status":"open","sticky":false,"template":"","format":"standard","meta":{"jetpack_post_was_ever_published":false,"_jetpack_newsletter_access":"","_jetpack_dont_email_post_to_subs":false,"_jetpack_newsletter_tier_id":0,"_jetpack_memberships_contains_paywalled_content":false,"_jetpack_memberships_contains_paid_content":false,"footnotes":"","jetpack_publicize_message":"","jetpack_publicize_feature_enabled":true,"jetpack_social_post_already_shared":true,"jetpack_social_options":{"image_generator_settings":{"template":"highway","default_image_id":0,"font":"","enabled":false},"version":2}},"categories":[657],"tags":[288,2019,8355,12518,366,177],"class_list":["post-197295","post","type-post","status-publish","format-standard","has-post-thumbnail","hentry","category-spor","tag-acildi","tag-evi","tag-gures","tag-sindirgida","tag-tek","tag-turkiyenin"],"jetpack_publicize_connections":[],"jetpack_featured_media_url":"https:\/\/i0.wp.com\/www.tvturk.com\/wp-content\/uploads\/2019\/08\/turkiyenin-tek-gures-evi-sindirgida-acildi_0a250ab.jpg?fit=1000%2C666","jetpack_sharing_enabled":true,"jetpack_shortlink":"https:\/\/wp.me\/paKIfm-Pkb","_links":{"self":[{"href":"http:\/\/www.tvturk.com\/index.php\/wp-json\/wp\/v2\/posts\/197295","targetHints":{"allow":["GET"]}}],"collection":[{"href":"http:\/\/www.tvturk.com\/index.php\/wp-json\/wp\/v2\/posts"}],"about":[{"href":"http:\/\/www.tvturk.com\/index.php\/wp-json\/wp\/v2\/types\/post"}],"author":[{"embeddable":true,"href":"http:\/\/www.tvturk.com\/index.php\/wp-json\/wp\/v2\/users\/1"}],"replies":[{"embeddable":true,"href":"http:\/\/www.tvturk.com\/index.php\/wp-json\/wp\/v2\/comments?post=197295"}],"version-history":[{"count":0,"href":"http:\/\/www.tvturk.com\/index.php\/wp-json\/wp\/v2\/posts\/197295\/revisions"}],"wp:featuredmedia":[{"embeddable":true,"href":"http:\/\/www.tvturk.com\/index.php\/wp-json\/wp\/v2\/media\/197296"}],"wp:attachment":[{"href":"http:\/\/www.tvturk.com\/index.php\/wp-json\/wp\/v2\/media?parent=197295"}],"wp:term":[{"taxonomy":"category","embeddable":true,"href":"http:\/\/www.tvturk.com\/index.php\/wp-json\/wp\/v2\/categories?post=197295"},{"taxonomy":"post_tag","embeddable":true,"href":"http:\/\/www.tvturk.com\/index.php\/wp-json\/wp\/v2\/tags?post=197295"}],"curies":[{"name":"wp","href":"https:\/\/api.w.org\/{rel}","templated":true}]}}