{"id":197321,"date":"2019-08-29T11:02:08","date_gmt":"2019-08-29T08:02:08","guid":{"rendered":"http:\/\/www.tvturk.com\/index.php\/tedavileri-tamamlanan-kuslar-dogaya-salindi\/"},"modified":"2019-08-29T11:02:08","modified_gmt":"2019-08-29T08:02:08","slug":"tedavileri-tamamlanan-kuslar-dogaya-salindi","status":"publish","type":"post","link":"http:\/\/www.tvturk.com\/index.php\/tedavileri-tamamlanan-kuslar-dogaya-salindi\/","title":{"rendered":"Tedavileri tamamlanan ku\u015flar do\u011faya sal\u0131nd\u0131"},"content":{"rendered":"<p>\u015eanl\u0131urfa\u2019ya getirilen 8 adet kulakl\u0131 orman bayku\u015fu, 1 puhu ile 3 keklik tedavileri sonras\u0131 Mardin il s\u0131n\u0131r\u0131na g\u00f6t\u00fcr\u00fclerek do\u011faya b\u0131rak\u0131ld\u0131.<\/p>\n<p>\u015eanl\u0131urfa G\u00f6lp\u0131nar Yaban Hayvan\u0131 Kurtarma ve Rehabilitasyon Merkezi\u2019ne tedavi i\u00e7in getirilen 8 kulakl\u0131 orman bayku\u015fu, 1 puhu ile 3 keklik tedavileri sonras\u0131 Mardin il s\u0131n\u0131r\u0131nda do\u011faya b\u0131rak\u0131ld\u0131. Yetkililer, kafeslere koyduklar\u0131 ku\u015flar\u0131 ara\u00e7la do\u011fal ya\u015fam alanlar\u0131na g\u00f6t\u00fcrd\u00fc. Ku\u015flar daha sonra kafeslerden do\u011fal ya\u015fam alanlar\u0131na sal\u0131nd\u0131.<\/p>\n","protected":false},"excerpt":{"rendered":"<p>\u015eANLIURFA\u2019YA GET\u0130R\u0130LEN 8 ADET KULAKLI ORMAN BAYKU\u015eU, 1 PUHU \u0130LE 3 KEKL\u0130K TEDAV\u0130LER\u0130 SONRASI MARD\u0130N \u0130L SINIRINA G\u00d6T\u00dcR\u00dcLEREK DO\u011eAYA BIRAKILDI.<\/p>\n","protected":false},"author":1,"featured_media":197322,"comment_status":"closed","ping_status":"open","sticky":false,"template":"","format":"standard","meta":{"jetpack_post_was_ever_published":false,"_jetpack_newsletter_access":"","_jetpack_dont_email_post_to_subs":false,"_jetpack_newsletter_tier_id":0,"_jetpack_memberships_contains_paywalled_content":false,"_jetpack_memberships_contains_paid_content":false,"footnotes":"","jetpack_publicize_message":"","jetpack_publicize_feature_enabled":true,"jetpack_social_post_already_shared":true,"jetpack_social_options":{"image_generator_settings":{"template":"highway","default_image_id":0,"font":"","enabled":false},"version":2}},"categories":[1],"tags":[9206,13449,16733,3579,10785],"class_list":["post-197321","post","type-post","status-publish","format-standard","has-post-thumbnail","hentry","category-genel","tag-dogaya","tag-kuslar","tag-salindi","tag-tamamlanan","tag-tedavileri"],"jetpack_publicize_connections":[],"jetpack_featured_media_url":"https:\/\/i0.wp.com\/www.tvturk.com\/wp-content\/uploads\/2019\/08\/tedavileri-tamamlanan-kuslar-dogaya-salindi_121cd9c.jpg?fit=960%2C640","jetpack_sharing_enabled":true,"jetpack_shortlink":"https:\/\/wp.me\/paKIfm-PkB","_links":{"self":[{"href":"http:\/\/www.tvturk.com\/index.php\/wp-json\/wp\/v2\/posts\/197321","targetHints":{"allow":["GET"]}}],"collection":[{"href":"http:\/\/www.tvturk.com\/index.php\/wp-json\/wp\/v2\/posts"}],"about":[{"href":"http:\/\/www.tvturk.com\/index.php\/wp-json\/wp\/v2\/types\/post"}],"author":[{"embeddable":true,"href":"http:\/\/www.tvturk.com\/index.php\/wp-json\/wp\/v2\/users\/1"}],"replies":[{"embeddable":true,"href":"http:\/\/www.tvturk.com\/index.php\/wp-json\/wp\/v2\/comments?post=197321"}],"version-history":[{"count":0,"href":"http:\/\/www.tvturk.com\/index.php\/wp-json\/wp\/v2\/posts\/197321\/revisions"}],"wp:featuredmedia":[{"embeddable":true,"href":"http:\/\/www.tvturk.com\/index.php\/wp-json\/wp\/v2\/media\/197322"}],"wp:attachment":[{"href":"http:\/\/www.tvturk.com\/index.php\/wp-json\/wp\/v2\/media?parent=197321"}],"wp:term":[{"taxonomy":"category","embeddable":true,"href":"http:\/\/www.tvturk.com\/index.php\/wp-json\/wp\/v2\/categories?post=197321"},{"taxonomy":"post_tag","embeddable":true,"href":"http:\/\/www.tvturk.com\/index.php\/wp-json\/wp\/v2\/tags?post=197321"}],"curies":[{"name":"wp","href":"https:\/\/api.w.org\/{rel}","templated":true}]}}