{"id":197335,"date":"2019-08-29T11:17:14","date_gmt":"2019-08-29T08:17:14","guid":{"rendered":"http:\/\/www.tvturk.com\/index.php\/turk-telekom-spor-kulubunde-bayrak-degisimi\/"},"modified":"2019-08-29T11:17:14","modified_gmt":"2019-08-29T08:17:14","slug":"turk-telekom-spor-kulubunde-bayrak-degisimi","status":"publish","type":"post","link":"http:\/\/www.tvturk.com\/index.php\/turk-telekom-spor-kulubunde-bayrak-degisimi\/","title":{"rendered":"T\u00fcrk Telekom Spor Kul\u00fcb\u00fc\u2019nde bayrak de\u011fi\u015fimi"},"content":{"rendered":"<p>T\u00fcrk Telekom Gen\u00e7lik ve Spor Kul\u00fcb\u00fc\u2019nde yeni y\u00f6netim belirlendi. Buna g\u00f6re Yusuf K\u0131ra\u00e7, T\u00fcrk Telekom\u2019un yeni ba\u015fkan\u0131 se\u00e7ildi.<\/p>\n<p>Basketbol S\u00fcper Ligi\u2019ne yeniden \u00e7\u0131kt\u0131\u011f\u0131 ilk sezonda 7Days EuroCup\u2019ta m\u00fccadele etme ba\u015far\u0131s\u0131 g\u00f6steren ve Basketbol S\u00fcper Ligi\u2019nde Play-Off oynayan T\u00fcrk Telekom\u2019da bayrak de\u011fi\u015fimi ya\u015fand\u0131. T\u00fcrk Telekom Gen\u00e7lik ve Spor Kul\u00fcb\u00fc\u2019n\u00fcn yeni Ba\u015fkan\u0131 Yusuf K\u0131ra\u00e7 oldu.<\/p>\n<p>Yeni y\u00f6netimde g\u00f6rev da\u011f\u0131l\u0131m\u0131<\/p>\n<p>Buna g\u00f6re yeni y\u00f6netimde; Saytekin \u015eent\u00fcrk Asba\u015fkanl\u0131k g\u00f6revini \u00fcstlenirken, Mustafa Eser Basketbol \u015eube Sorumlusu, Hamdi Ate\u015f Bas\u0131n S\u00f6zc\u00fcs\u00fc olarak g\u00f6rev yapacak. Y\u00f6netimde yer alan di\u011fer isimler \u015f\u00f6yle: Serhat Erko\u00e7 (Altyap\u0131 sorumlusu), Serkan \u00c7a\u011fatay (Muhasip), Yavuz Y\u0131ld\u0131r\u0131m (\u00dcye), Ali Emir Eren (\u00dcye), Mehmet Beytur (\u00dcye).<\/p>\n<p>Yusuf K\u0131ra\u00e7 kimdir?<\/p>\n<p>Hacettepe \u00dcniversitesi Elektrik-Elektronik M\u00fchendisli\u011fi b\u00f6l\u00fcm\u00fc mezunu olan Yusuf K\u0131ra\u00e7, Siemens ve Nokia Siemens \u015firketlerinde 12 y\u0131l boyunca \u00fcstlendi\u011fi g\u00f6revlerin ard\u0131ndan 2008 y\u0131l\u0131nda NGN Grup M\u00fcd\u00fcr\u00fc olarak T\u00fcrk Telekom\u2019a kat\u0131ld\u0131. 2010 y\u0131l\u0131nda Network Direkt\u00f6rl\u00fc\u011f\u00fc g\u00f6revini \u00fcstlenen K\u0131ra\u00e7, 2014 y\u0131l\u0131ndan 2017 y\u0131l\u0131na kadar T\u00fcrk Telekom Teknoloji Grubu\u2019nda, \u00c7ekirdek ve Ta\u015f\u0131y\u0131c\u0131 \u015eebeke Direkt\u00f6r\u00fc olarak g\u00f6rev yapt\u0131. K\u0131ra\u00e7, ba\u015fta ETNO (Avrupa Telekom\u00fcnikasyon \u015eebeke Operat\u00f6rleri Birli\u011fi) olmak \u00fczere telekom\u00fcnikasyon alan\u0131nda standartlar\u0131 belirleyen bir\u00e7ok uluslararas\u0131 teknoloji konsorsiyumunun y\u00f6netiminde de yer ald\u0131. K\u0131ra\u00e7 h\u00e2len, T\u00fcrk Telekom\u2019da Teknolojiden Sorumlu Genel M\u00fcd\u00fcr Yard\u0131mc\u0131l\u0131\u011f\u0131 g\u00f6revini y\u00fcr\u00fct\u00fcyor.<\/p>\n","protected":false},"excerpt":{"rendered":"<p>T\u00dcRK TELEKOM GEN\u00c7L\u0130K VE SPOR KUL\u00dcB\u00dc\u2019NDE YEN\u0130 Y\u00d6NET\u0130M BEL\u0130RLEND\u0130.<\/p>\n","protected":false},"author":1,"featured_media":197336,"comment_status":"closed","ping_status":"open","sticky":false,"template":"","format":"standard","meta":{"jetpack_post_was_ever_published":false,"_jetpack_newsletter_access":"","_jetpack_dont_email_post_to_subs":false,"_jetpack_newsletter_tier_id":0,"_jetpack_memberships_contains_paywalled_content":false,"_jetpack_memberships_contains_paid_content":false,"footnotes":"","jetpack_publicize_message":"","jetpack_publicize_feature_enabled":true,"jetpack_social_post_already_shared":true,"jetpack_social_options":{"image_generator_settings":{"template":"highway","default_image_id":0,"font":"","enabled":false},"version":2}},"categories":[657],"tags":[4231,5318,14070,1619,3522,957],"class_list":["post-197335","post","type-post","status-publish","format-standard","has-post-thumbnail","hentry","category-spor","tag-bayrak","tag-degisimi","tag-kulubunde","tag-spor","tag-telekom","tag-turk"],"jetpack_publicize_connections":[],"jetpack_featured_media_url":"https:\/\/i0.wp.com\/www.tvturk.com\/wp-content\/uploads\/2019\/08\/turk-telekom-spor-kulubunde-bayrak-degisimi_3cd30b7.jpg?fit=529%2C442","jetpack_sharing_enabled":true,"jetpack_shortlink":"https:\/\/wp.me\/paKIfm-PkP","_links":{"self":[{"href":"http:\/\/www.tvturk.com\/index.php\/wp-json\/wp\/v2\/posts\/197335","targetHints":{"allow":["GET"]}}],"collection":[{"href":"http:\/\/www.tvturk.com\/index.php\/wp-json\/wp\/v2\/posts"}],"about":[{"href":"http:\/\/www.tvturk.com\/index.php\/wp-json\/wp\/v2\/types\/post"}],"author":[{"embeddable":true,"href":"http:\/\/www.tvturk.com\/index.php\/wp-json\/wp\/v2\/users\/1"}],"replies":[{"embeddable":true,"href":"http:\/\/www.tvturk.com\/index.php\/wp-json\/wp\/v2\/comments?post=197335"}],"version-history":[{"count":0,"href":"http:\/\/www.tvturk.com\/index.php\/wp-json\/wp\/v2\/posts\/197335\/revisions"}],"wp:featuredmedia":[{"embeddable":true,"href":"http:\/\/www.tvturk.com\/index.php\/wp-json\/wp\/v2\/media\/197336"}],"wp:attachment":[{"href":"http:\/\/www.tvturk.com\/index.php\/wp-json\/wp\/v2\/media?parent=197335"}],"wp:term":[{"taxonomy":"category","embeddable":true,"href":"http:\/\/www.tvturk.com\/index.php\/wp-json\/wp\/v2\/categories?post=197335"},{"taxonomy":"post_tag","embeddable":true,"href":"http:\/\/www.tvturk.com\/index.php\/wp-json\/wp\/v2\/tags?post=197335"}],"curies":[{"name":"wp","href":"https:\/\/api.w.org\/{rel}","templated":true}]}}