{"id":197337,"date":"2019-08-29T11:31:30","date_gmt":"2019-08-29T08:31:30","guid":{"rendered":"http:\/\/www.tvturk.com\/index.php\/dinamik-pano-gelecek-yil-ihracat-hedeflerini-acikladi\/"},"modified":"2019-08-29T11:31:30","modified_gmt":"2019-08-29T08:31:30","slug":"dinamik-pano-gelecek-yil-ihracat-hedeflerini-acikladi","status":"publish","type":"post","link":"http:\/\/www.tvturk.com\/index.php\/dinamik-pano-gelecek-yil-ihracat-hedeflerini-acikladi\/","title":{"rendered":"Dinamik Pano gelecek y\u0131l ihracat hedeflerini a\u00e7\u0131klad\u0131"},"content":{"rendered":"<p>Dinamik Pano, 2020 y\u0131l\u0131 ihracat hedeflerini a\u00e7\u0131klad\u0131. \u015eirketin Y\u00f6netim Kurulu Ba\u015fkan\u0131 Ayd\u0131n G\u00f6\u00e7, 2020 y\u0131l\u0131nda i\u015flerini biraz daha b\u00fcy\u00fcterek 30 \u00fclkeye a\u00e7\u0131larak 4 milyon euro ciro hedeflediklerini s\u00f6yledi.<\/p>\n<p>Yurti\u00e7i ve \u00fclke d\u0131\u015f\u0131na pano ve kabin \u00fcreticimi yapan Dinamik Pano, 2020 y\u0131l\u0131 ihracat hedeflerini a\u00e7\u0131klad\u0131. \u015eirket, 2020 y\u0131l\u0131 i\u00e7in 30 \u00fclkeye a\u00e7\u0131lmay\u0131 ve y\u0131ll\u0131k cirosunu 4 milyon euroya \u00e7\u0131karmay\u0131 hedefledi.<\/p>\n<p>Dinamik Pano Y\u00f6netim Kurulu Ba\u015fkan\u0131 Ayd\u0131n G\u00f6\u00e7, konu ile ilgili de\u011ferlendirmesinde &#8220;2009 y\u0131l\u0131nda kurdu\u011fumuz 4000 metrekare \u00fcretim alan\u0131na sahip tesisimizde, pano ve kabin imalat\u0131 ger\u00e7ekle\u015ftiriyoruz. T\u00fcrkiye\u2019nin hemen hemen hepsine, yurt d\u0131\u015f\u0131na, Avrupa, Kuzey Afrika,  Balkanlar, Orta Do\u011fu ve G\u00fcney Afrika\u2019ya ihracatlar\u0131m\u0131z var. \u00dcr\u00fcnlerimizi daha fazla yerlere ula\u015ft\u0131rmay\u0131 ama\u00e7l\u0131yoruz. B\u00f6ylelikle \u00fclke ekonomisine de katk\u0131da bulunaca\u011f\u0131m\u0131z\u0131 umuyoruz. \u0130hracat \u00fczerine \u00e7ok yo\u011funla\u015fm\u0131\u015f durumday\u0131z\u201d dedi.<\/p>\n<p>&#8220;Bu tempo ile ihracat hedefini yakalar\u0131z&#8221;<\/p>\n<p>15 \u00e7e\u015fit \u00fcr\u00fcn imalat\u0131 yaparak hem T\u00fcrkiye geneline hem de yakla\u015f\u0131k 15 \u00fclkeye g\u00f6nderim yapt\u0131klar\u0131n\u0131 belirten G\u00f6\u00e7, &#8220;Hedefe ula\u015fman\u0131n, bilin\u00e7li ve disiplinli bir \u00e7al\u0131\u015fmay\u0131 zorunlu k\u0131l\u0131yor. 2 sene i\u00e7erisinde ger\u00e7ekle\u015ftirmek \u00fczere 2 hedefimiz vard\u0131. Birincisi bu seneki hedefimiz 20 \u00fclkeye ihracat yaparak 3 milyon euro ile seneyi kapatmakt\u0131. Bu hedefe do\u011fru ilerliyoruz. 2019 y\u0131l\u0131n\u0131n ilk 6 ay\u0131nda 1.2 milyon euroluk i\u015flem ger\u00e7ekle\u015fti. Bu tempo ile gidilirse \u00f6n\u00fcm\u00fczdeki aylarda sene sonu i\u00e7in konulan hedefi yakalar\u0131z. Bir di\u011fer hedefimiz ise 2020 y\u0131l\u0131nda i\u015flerimizi biraz daha b\u00fcy\u00fcterek 30 \u00fclkeye a\u00e7\u0131lmak, 4 milyon euro ciro sa\u011flamak. \u0130nan\u00e7l\u0131 ve iyi giden bir sekt\u00f6r, bu a\u00e7\u0131dan mutluyuz, gururluyuz&#8221; diye konu\u015ftu.<\/p>\n","protected":false},"excerpt":{"rendered":"<p>D\u0130NAM\u0130K PANO, 2020 YILI \u0130HRACAT HEDEFLER\u0130N\u0130 A\u00c7IKLADI. \u015e\u0130RKET\u0130N Y\u00d6NET\u0130M KURULU BA\u015eKANI AYDIN G\u00d6\u00c7, 2020 YILINDA 30 \u00dcLKEYE A\u00c7ILARAK 4 M\u0130LYON EURO C\u0130RO HEDEFLED\u0130KLER\u0130N\u0130 S\u00d6YLED\u0130.<\/p>\n","protected":false},"author":1,"featured_media":197338,"comment_status":"closed","ping_status":"open","sticky":false,"template":"","format":"standard","meta":{"jetpack_post_was_ever_published":false,"_jetpack_newsletter_access":"","_jetpack_dont_email_post_to_subs":false,"_jetpack_newsletter_tier_id":0,"_jetpack_memberships_contains_paywalled_content":false,"_jetpack_memberships_contains_paid_content":false,"footnotes":"","jetpack_publicize_message":"","jetpack_publicize_feature_enabled":true,"jetpack_social_post_already_shared":true,"jetpack_social_options":{"image_generator_settings":{"template":"highway","default_image_id":0,"font":"","enabled":false},"version":2}},"categories":[19],"tags":[3699,32234,81,9800,48,2328,231],"class_list":["post-197337","post","type-post","status-publish","format-standard","has-post-thumbnail","hentry","category-ekonomi","tag-acikladi","tag-dinamik","tag-gelecek","tag-hedeflerini","tag-ihracat","tag-pano","tag-yil"],"jetpack_publicize_connections":[],"jetpack_featured_media_url":"https:\/\/i0.wp.com\/www.tvturk.com\/wp-content\/uploads\/2019\/08\/dinamik-pano-gelecek-yil-ihracat-hedeflerini-acikladi_76c8e72.jpg?fit=1000%2C666","jetpack_sharing_enabled":true,"jetpack_shortlink":"https:\/\/wp.me\/paKIfm-PkR","_links":{"self":[{"href":"http:\/\/www.tvturk.com\/index.php\/wp-json\/wp\/v2\/posts\/197337","targetHints":{"allow":["GET"]}}],"collection":[{"href":"http:\/\/www.tvturk.com\/index.php\/wp-json\/wp\/v2\/posts"}],"about":[{"href":"http:\/\/www.tvturk.com\/index.php\/wp-json\/wp\/v2\/types\/post"}],"author":[{"embeddable":true,"href":"http:\/\/www.tvturk.com\/index.php\/wp-json\/wp\/v2\/users\/1"}],"replies":[{"embeddable":true,"href":"http:\/\/www.tvturk.com\/index.php\/wp-json\/wp\/v2\/comments?post=197337"}],"version-history":[{"count":0,"href":"http:\/\/www.tvturk.com\/index.php\/wp-json\/wp\/v2\/posts\/197337\/revisions"}],"wp:featuredmedia":[{"embeddable":true,"href":"http:\/\/www.tvturk.com\/index.php\/wp-json\/wp\/v2\/media\/197338"}],"wp:attachment":[{"href":"http:\/\/www.tvturk.com\/index.php\/wp-json\/wp\/v2\/media?parent=197337"}],"wp:term":[{"taxonomy":"category","embeddable":true,"href":"http:\/\/www.tvturk.com\/index.php\/wp-json\/wp\/v2\/categories?post=197337"},{"taxonomy":"post_tag","embeddable":true,"href":"http:\/\/www.tvturk.com\/index.php\/wp-json\/wp\/v2\/tags?post=197337"}],"curies":[{"name":"wp","href":"https:\/\/api.w.org\/{rel}","templated":true}]}}