{"id":197339,"date":"2019-08-29T11:31:43","date_gmt":"2019-08-29T08:31:43","guid":{"rendered":"http:\/\/www.tvturk.com\/index.php\/turk-egitim-sen-genel-baskani-geylan-bin-yildir-buradayiz-binlerce-yil-daha-burada-kalacagiz\/"},"modified":"2019-08-29T11:31:43","modified_gmt":"2019-08-29T08:31:43","slug":"turk-egitim-sen-genel-baskani-geylan-bin-yildir-buradayiz-binlerce-yil-daha-burada-kalacagiz","status":"publish","type":"post","link":"http:\/\/www.tvturk.com\/index.php\/turk-egitim-sen-genel-baskani-geylan-bin-yildir-buradayiz-binlerce-yil-daha-burada-kalacagiz\/","title":{"rendered":"T\u00fcrk E\u011fitim-Sen Genel Ba\u015fkan\u0131 Geylan: \u201cBin y\u0131ld\u0131r buraday\u0131z, binlerce y\u0131l daha burada kalaca\u011f\u0131z\u201d"},"content":{"rendered":"<p>T\u00fcrk E\u011fitim Sendikas\u0131 (T\u00fcrk E\u011fitim-Sen) Genel Ba\u015fkan\u0131 Talip Geylan, &#8220;A\u011fustos ay\u0131 zaferler ay\u0131d\u0131r, milli \u00f6v\u00fcn\u00e7 kayna\u011f\u0131m\u0131zd\u0131r. \u2019Bin y\u0131ld\u0131r buraday\u0131z, daha binlerce y\u0131l daha burada kalaca\u011f\u0131z\u2019 hayk\u0131r\u0131\u015f\u0131m\u0131z\u0131n m\u00fchr\u00fc olan 30 A\u011fustos zaferi gibi\u2019\u2019 dedi.<\/p>\n<p>T\u00fcrk E\u011fitim-Sen Genel Ba\u015fkan\u0131 Talip Geylan, 30 A\u011fustos Zafer Bayram\u0131 dolas\u0131yla yapt\u0131\u011f\u0131 a\u00e7\u0131klamada, \u201c30 A\u011fustos 1922 Sultan Alparslan\u2019\u0131n \u2018Size \u00f6yle bir vatan ald\u0131m ki, ebediyen sizin olacakt\u0131r\u2019 vasiyetine can\u0131yla sahip \u00e7\u0131kan serdenge\u00e7tilerin tarihin dilinden d\u00fc\u015fmeyecek destan\u0131 yazd\u0131\u011f\u0131 tarihtir. T\u00fcrk milleti 30 A\u011fustos Zaferi ile tarihe \u00f6yle bir destan b\u0131rakm\u0131\u015ft\u0131r ki; var olman\u0131n \u00f6zg\u00fcr olmaktan, \u015ferefle ya\u015faman\u0131n ba\u011f\u0131ms\u0131z kalmaktan ge\u00e7ti\u011fini; \u00f6zg\u00fcrl\u00fck ve ba\u011f\u0131ms\u0131zl\u0131k i\u00e7in de \u2018Can\u0131, canan\u0131, b\u00fct\u00fcn var\u0131m\u0131 als\u0131nda h\u00fcda, etmesin tek vatan\u0131mdan beni d\u00fcnyada c\u00fcda\u2019 inanc\u0131yla ya\u015famak gerekti\u011fini g\u00f6stermi\u015ftir. Son y\u0131llarda tarihimize, milletimizin birli\u011fine, devletimizin bekas\u0131na y\u00f6nelik hasmane tutum, te\u015febb\u00fcs ve sald\u0131r\u0131lar artarak devam ediyor. \u00d6zellikle milli de\u011ferlerimize ve tarihi ger\u00e7eklerimize \u015fa\u015f\u0131<\/p>\n<p>bakan, maksatl\u0131 yakla\u015fanlar\u0131 dikkat ve ibretle izliyoruz. Mukaddes ve milli de\u011ferlerimizi, tarihi birikimimizi arazl\u0131 ideolojik saplant\u0131lar\u0131 do\u011frultusunda istismar eden ve kullanan fikri ve hissi sorunlu kimseleri dikkat ve ibretle takip ediyoruz. Renkleri farkl\u0131 olsa da bunlar\u0131n hepsinin derdinin T\u00fcrk milletinin birli\u011fi ve T\u00fcrk devletinin varl\u0131\u011f\u0131 oldu\u011funu \u00e7ok iyi biliyor ve g\u00f6r\u00fcyoruz. Bilinen tarihin her d\u00f6neminde medeniyetler in\u015fa eden, \u00e7a\u011f a\u00e7\u0131p \u00e7a\u011f kapatan, \u00fc\u00e7 k\u0131tada adaletle h\u00fck\u00fcmdarl\u0131k kuran ve insanl\u0131k tarihine b\u00fcy\u00fck hizmetler veren milletimizin geni\u015f ve gurur verici tarihine y\u00f6nelik arazl\u0131 yakla\u015f\u0131mlar\u0131 k\u0131n\u0131yoruz. Tarihimizi bir b\u00fct\u00fcn olarak de\u011ferlendiriyor, kirli ideolojik ve kumandal\u0131 zihinlerinde tarihi bakiyemizin bir k\u0131sm\u0131n\u0131 makbul g\u00f6r\u00fcp, di\u011fer k\u0131sm\u0131n\u0131 elinin tersiyle itenleri, iftira ve yalanlar\u0131 ile karalayanlar\u0131 ay\u0131pl\u0131yoruz. \u201830 A\u011fustos ile Ormanc\u0131l\u0131k G\u00fcn\u00fc aras\u0131nda fark yoktur\u2019 diyerek gaflet ve cehaletini sergileyenlere inat \u015fanl\u0131 tarihimizin t\u00fcm zaferlerinin mimarlar\u0131n\u0131 gurur, minnet ve dualarla an\u0131yoruz&#8221; dedi.<\/p>\n<p>15 Temmuz\u2019un unutulmamas\u0131 gerekti\u011fini belirten Geylan, \u201cPKK, FET\u00d6 ve di\u011fer t\u00fcm ter\u00f6r \u00f6rg\u00fctleri ile m\u00fccadelede devletimize tam destek vermeli; vatan topraklar\u0131ndan, milletimizden, bayra\u011f\u0131m\u0131zdan taraf olmal\u0131y\u0131z. Bu noktada t\u0131pk\u0131 Zeytin Dal\u0131, F\u0131rat Kalkan\u0131 harekatlar\u0131nda oldu\u011fu gibi Pen\u00e7e Harekat\u0131\u2019n\u0131 da t\u00fcm kalbimizle destekliyoruz. Ter\u00f6r t\u00fcm h\u00fccrelerine kadar temizleninceye dek i\u00e7eride ve d\u0131\u015far\u0131da y\u00fcr\u00fct\u00fclen t\u00fcm operasyonlarda devletimizin yan\u0131nday\u0131z. Bu vesile ile kurtulu\u015f m\u00fccadelemizin \u015fanl\u0131 m\u00fchr\u00fc olan 30 A\u011fustos Zafer Bayram\u0131\u2019n\u0131 en i\u00e7ten dileklerimizle kutlar, devletimizin kurucusu Gazi Mustafa Kemal Atat\u00fcrk ve m\u00fccadele arkada\u015flar\u0131 olmak \u00fczere vatan\u0131m\u0131z i\u00e7in canlar\u0131n\u0131 feda eden t\u00fcm aziz \u015fehitlerimizi minnet ve rahmetle an\u0131yoruz. Ruhlar\u0131m \u015fad, mekanlar\u0131 cennet olsun\u2019\u2019 ifadelerini kulland\u0131.<\/p>\n","protected":false},"excerpt":{"rendered":"<p>T\u00dcRK E\u011e\u0130T\u0130M SEND\u0130KASI (T\u00dcRK E\u011e\u0130T\u0130M-SEN) GENEL BA\u015eKANI TAL\u0130P GEYLAN, 30 A\u011eUSTOS ZAFER BAYRAMI DOLASIYLA YAPTI\u011eI BASIN A\u00c7IKLAMASINDA, &#8220;A\u011eUSTOS AYI ZAFERLER AYIDIR, M\u0130LL\u0130 \u00d6V\u00dcN\u00c7 KAYNA\u011eIMIZDIR. &#8216;B\u0130N YILDIR BURADAYIZ, DAHA B\u0130NLERCE YIL DAHA BURADA KALACA\u011eIZ&#8217; HAYKIRI\u015eIMIZIN M\u00dcHR\u00dc OLAN 30 A\u011eUSTOS ZAFER\u0130 G\u0130B\u0130\u2019\u2019 DED\u0130.<\/p>\n","protected":false},"author":1,"featured_media":197340,"comment_status":"closed","ping_status":"open","sticky":false,"template":"","format":"standard","meta":{"jetpack_post_was_ever_published":false,"_jetpack_newsletter_access":"","_jetpack_dont_email_post_to_subs":false,"_jetpack_newsletter_tier_id":0,"_jetpack_memberships_contains_paywalled_content":false,"_jetpack_memberships_contains_paid_content":false,"footnotes":"","jetpack_publicize_message":"","jetpack_publicize_feature_enabled":true,"jetpack_social_post_already_shared":true,"jetpack_social_options":{"image_generator_settings":{"template":"highway","default_image_id":0,"font":"","enabled":false},"version":2}},"categories":[1],"tags":[25344,216,213,3818,10815,1018,18070,869,18787,13043,957,231,1682],"class_list":["post-197339","post","type-post","status-publish","format-standard","has-post-thumbnail","hentry","category-genel","tag-buradayiz","tag-baskani","tag-bin","tag-binlerce","tag-burada","tag-daha","tag-egitim-sen","tag-genel","tag-geylan","tag-kalacagiz","tag-turk","tag-yil","tag-yildir"],"jetpack_publicize_connections":[],"jetpack_featured_media_url":"https:\/\/i0.wp.com\/www.tvturk.com\/wp-content\/uploads\/2019\/08\/turk-egitim-sen-genel-baskani-geylan-bin-yildir-buradayiz-binlerce-yil-daha-burada-kalacagiz_162b47c.jpg?fit=640%2C360","jetpack_sharing_enabled":true,"jetpack_shortlink":"https:\/\/wp.me\/paKIfm-PkT","_links":{"self":[{"href":"http:\/\/www.tvturk.com\/index.php\/wp-json\/wp\/v2\/posts\/197339","targetHints":{"allow":["GET"]}}],"collection":[{"href":"http:\/\/www.tvturk.com\/index.php\/wp-json\/wp\/v2\/posts"}],"about":[{"href":"http:\/\/www.tvturk.com\/index.php\/wp-json\/wp\/v2\/types\/post"}],"author":[{"embeddable":true,"href":"http:\/\/www.tvturk.com\/index.php\/wp-json\/wp\/v2\/users\/1"}],"replies":[{"embeddable":true,"href":"http:\/\/www.tvturk.com\/index.php\/wp-json\/wp\/v2\/comments?post=197339"}],"version-history":[{"count":0,"href":"http:\/\/www.tvturk.com\/index.php\/wp-json\/wp\/v2\/posts\/197339\/revisions"}],"wp:featuredmedia":[{"embeddable":true,"href":"http:\/\/www.tvturk.com\/index.php\/wp-json\/wp\/v2\/media\/197340"}],"wp:attachment":[{"href":"http:\/\/www.tvturk.com\/index.php\/wp-json\/wp\/v2\/media?parent=197339"}],"wp:term":[{"taxonomy":"category","embeddable":true,"href":"http:\/\/www.tvturk.com\/index.php\/wp-json\/wp\/v2\/categories?post=197339"},{"taxonomy":"post_tag","embeddable":true,"href":"http:\/\/www.tvturk.com\/index.php\/wp-json\/wp\/v2\/tags?post=197339"}],"curies":[{"name":"wp","href":"https:\/\/api.w.org\/{rel}","templated":true}]}}