{"id":197343,"date":"2019-08-29T11:32:41","date_gmt":"2019-08-29T08:32:41","guid":{"rendered":"http:\/\/www.tvturk.com\/index.php\/bursada-625-bin-ogrenci-ders-basi-yapacak\/"},"modified":"2019-08-29T11:32:41","modified_gmt":"2019-08-29T08:32:41","slug":"bursada-625-bin-ogrenci-ders-basi-yapacak","status":"publish","type":"post","link":"http:\/\/www.tvturk.com\/index.php\/bursada-625-bin-ogrenci-ders-basi-yapacak\/","title":{"rendered":"Bursa\u2019da 625 bin \u00f6\u011frenci ders ba\u015f\u0131 yapacak"},"content":{"rendered":"<p>Bursa\u2019da 9 Eyl\u00fcl\u2019de 625 bin 700 \u00f6\u011frenci ve 39 bin \u00f6\u011fretmen ders ba\u015f\u0131 yap\u0131yor. Oryantasyon e\u011fitimi i\u00e7in baz\u0131 okullar bir hafta ders ba\u015f\u0131 yapacak.<\/p>\n<p>Bursa \u0130l Mill\u00ee E\u011fitim M\u00fcd\u00fcr\u00fc Sabahattin D\u00fclger, yeni e\u011fitim \u00f6\u011fretim y\u0131l\u0131 \u00f6ncesinde il\u00e7e mill\u00ee e\u011fitim m\u00fcd\u00fcrleriyle bir araya geldi.<\/p>\n<p>Orhaneli \u0130brahim H\u00fcsniye \u00c7a\u011flayan Ortaokulu\u2019nda ger\u00e7ekle\u015ftirilen toplant\u0131, \u0130l Mill\u00ee E\u011fitim \u015eube M\u00fcd\u00fcr\u00fc Necat Di\u015f\u00e7i\u2019nin sunumuyla ba\u015flad\u0131. Toplant\u0131da yeni e\u011fitim \u00f6\u011fretim y\u0131l\u0131yla ilgili de\u011ferlendirmeler yap\u0131ld\u0131. 2019-2020 E\u011fitim-\u00f6\u011fretim y\u0131l\u0131n\u0131n hay\u0131rl\u0131 olmas\u0131n\u0131 dileyen Sabahattin D\u00fclger, a\u00e7\u0131k \u00f6\u011fretimde 48 bin 50 ve \u00f6rg\u00fcn \u00f6\u011fretimde 577 bin 650 olmak \u00fczere toplam 625 bin 700 \u00f6\u011frenci ve yakla\u015f\u0131k 39 bin e\u011fitim \u00e7al\u0131\u015fan\u0131 ile b\u00fcy\u00fck bir aile olduklar\u0131n\u0131 s\u00f6yledi.<\/p>\n<p>G\u00fc\u00e7l\u00fc ve lider T\u00fcrkiye i\u00e7in 2053 ve 2071 vizyonuna uygun beceriler ile donat\u0131lm\u0131\u015f fertlere ihtiya\u00e7 oldu\u011funu ifade eden Sabahattin D\u00fclger, \u201cCumhuriyetimizin 100. y\u0131l\u0131nda 2023 vizyonunu ger\u00e7ekle\u015ftirmek ve bunun bir ad\u0131m \u00f6tesine ge\u00e7erek 2053 ve 2071 vizyonunu g\u00f6\u011f\u00fcsleyecek olan gen\u00e7lerimize ve Bursa\u2019m\u0131za yak\u0131\u015fan e\u011fitim hizmetini sunmak \u00f6ncelikli hedefimiz. \u00c7ocuklar\u0131m\u0131z\u0131n sosyal, akademik ve manev\u00ee alanlarda geli\u015fmelerini sa\u011flayabilece\u011fimiz uygun mek\u00e2nlar\u0131n olu\u015fturulmas\u0131 i\u00e7in meslekta\u015flar\u0131mla verdi\u011fimiz mes\u00e2i elbette ki hi\u00e7bir zaman bitmeyecek\u201d dedi.<\/p>\n<p>\u00c7ocuklar\u0131n ilgi ve yeteneklerinin ke\u015ffedilip, onlar\u0131 do\u011fru bir \u015fekilde y\u00f6nlendirmenin olduk\u00e7a \u00f6nem ta\u015f\u0131d\u0131\u011f\u0131n\u0131 ifade eden D\u00fclger, \u201c\u00dclkenin gelece\u011finde s\u00f6z sahibi olacak \u00e7ocuklar\u0131m\u0131z\u0131n sadece bir bilgi deposu olarak de\u011fil, ara\u015ft\u0131ran, sorgulayan, problem \u00e7\u00f6zebilen, dersler d\u0131\u015f\u0131nda da sosyal, k\u00fclt\u00fcrel ve sportif faaliyetlerde yer alan aktif bireyler olarak yeti\u015fmesini arzu ediyoruz. Bu konuda \u00f6\u011fretmenlerimize, okul m\u00fcd\u00fcrlerimize ve \u00e2ilelerimize b\u00fcy\u00fck sorumluluklar d\u00fc\u015f\u00fcyor\u201d dedi.<\/p>\n<p>Ayr\u0131ca toplant\u0131da e\u011fitim yat\u0131r\u0131mlar\u0131, okullar\u0131n haz\u0131r hale getirilmesi i\u00e7in yap\u0131lan \u00e7al\u0131\u015fmalar, uygulamas\u0131 devam eden ve bu y\u0131l uygulanacak projeler, e\u011fitim kalitesinin art\u0131r\u0131lmas\u0131na y\u00f6nelik yap\u0131lan \u00e7al\u0131\u015fmalar, okullar\u0131n fiziki durumlar\u0131, ders kitaplar\u0131, \u00f6\u011frenci kay\u0131tlar\u0131, bu y\u0131l ger\u00e7ekle\u015ftirilecek merkez\u00ee sistem s\u0131navlar\u0131, \u00f6\u011frenci ve \u00f6\u011fretmen motivasyonu gibi konular g\u00f6r\u00fc\u015f\u00fcld\u00fc.<\/p>\n","protected":false},"excerpt":{"rendered":"<p>BURSA \u0130L M\u0130LL\u00ce E\u011e\u0130T\u0130M M\u00dcD\u00dcR\u00dc SABAHATT\u0130N D\u00dcLGER, YEN\u0130 E\u011e\u0130T\u0130M \u00d6\u011eRET\u0130M YILI \u00d6NCES\u0130NDE \u0130L\u00c7E M\u0130LL\u00ce E\u011e\u0130T\u0130M M\u00dcD\u00dcRLER\u0130YLE B\u0130R ARAYA GELD\u0130.<\/p>\n","protected":false},"author":1,"featured_media":197344,"comment_status":"closed","ping_status":"open","sticky":false,"template":"","format":"standard","meta":{"jetpack_post_was_ever_published":false,"_jetpack_newsletter_access":"","_jetpack_dont_email_post_to_subs":false,"_jetpack_newsletter_tier_id":0,"_jetpack_memberships_contains_paywalled_content":false,"_jetpack_memberships_contains_paid_content":false,"footnotes":"","jetpack_publicize_message":"","jetpack_publicize_feature_enabled":true,"jetpack_social_post_already_shared":true,"jetpack_social_options":{"image_generator_settings":{"template":"highway","default_image_id":0,"font":"","enabled":false},"version":2}},"categories":[1],"tags":[49583,12463,213,1032,5845,773,3798],"class_list":["post-197343","post","type-post","status-publish","format-standard","has-post-thumbnail","hentry","category-genel","tag-49583","tag-basi","tag-bin","tag-bursada","tag-ders","tag-ogrenci","tag-yapacak"],"jetpack_publicize_connections":[],"jetpack_featured_media_url":"https:\/\/i0.wp.com\/www.tvturk.com\/wp-content\/uploads\/2019\/08\/bursada-625-bin-ogrenci-ders-basi-yapacak_20be12a.jpg?fit=1000%2C750","jetpack_sharing_enabled":true,"jetpack_shortlink":"https:\/\/wp.me\/paKIfm-PkX","_links":{"self":[{"href":"http:\/\/www.tvturk.com\/index.php\/wp-json\/wp\/v2\/posts\/197343","targetHints":{"allow":["GET"]}}],"collection":[{"href":"http:\/\/www.tvturk.com\/index.php\/wp-json\/wp\/v2\/posts"}],"about":[{"href":"http:\/\/www.tvturk.com\/index.php\/wp-json\/wp\/v2\/types\/post"}],"author":[{"embeddable":true,"href":"http:\/\/www.tvturk.com\/index.php\/wp-json\/wp\/v2\/users\/1"}],"replies":[{"embeddable":true,"href":"http:\/\/www.tvturk.com\/index.php\/wp-json\/wp\/v2\/comments?post=197343"}],"version-history":[{"count":0,"href":"http:\/\/www.tvturk.com\/index.php\/wp-json\/wp\/v2\/posts\/197343\/revisions"}],"wp:featuredmedia":[{"embeddable":true,"href":"http:\/\/www.tvturk.com\/index.php\/wp-json\/wp\/v2\/media\/197344"}],"wp:attachment":[{"href":"http:\/\/www.tvturk.com\/index.php\/wp-json\/wp\/v2\/media?parent=197343"}],"wp:term":[{"taxonomy":"category","embeddable":true,"href":"http:\/\/www.tvturk.com\/index.php\/wp-json\/wp\/v2\/categories?post=197343"},{"taxonomy":"post_tag","embeddable":true,"href":"http:\/\/www.tvturk.com\/index.php\/wp-json\/wp\/v2\/tags?post=197343"}],"curies":[{"name":"wp","href":"https:\/\/api.w.org\/{rel}","templated":true}]}}