{"id":197361,"date":"2019-08-29T12:02:31","date_gmt":"2019-08-29T09:02:31","guid":{"rendered":"http:\/\/www.tvturk.com\/index.php\/goztepeye-aleksicten-kotu-haber\/"},"modified":"2019-08-29T12:02:31","modified_gmt":"2019-08-29T09:02:31","slug":"goztepeye-aleksicten-kotu-haber","status":"publish","type":"post","link":"http:\/\/www.tvturk.com\/index.php\/goztepeye-aleksicten-kotu-haber\/","title":{"rendered":"G\u00f6ztepe\u2019ye Aleksic\u2019ten k\u00f6t\u00fc haber"},"content":{"rendered":"<p>G\u00f6ztepe\u2019nin prensip anla\u015fmas\u0131na vard\u0131\u011f\u0131 S\u0131rp on numara Danijel Aleksic\u2019in, Avrupa kupalar\u0131nda oynamak i\u00e7in Ba\u015fak\u015fehir\u2019e gidece\u011fi \u00f6\u011frenildi.<\/p>\n<p>Soner Aydo\u011fdu\u2019yu renklerine katan, Al Ahli tak\u0131m\u0131nda forma giyen Aleksic ile de el s\u0131k\u0131\u015fan G\u00f6ztepe\u2019ye S\u0131rp oyuncudan k\u00f6t\u00fc haber geldi. \u0130zmir ekibi oyuncuyla el s\u0131k\u0131\u015ft\u0131ktan sonra devreye giren Ba\u015fak\u015fehir transferde mutlu sona ula\u015fan taraf oldu. Sar\u0131-k\u0131rm\u0131z\u0131l\u0131 tak\u0131m\u0131n el s\u0131k\u0131\u015ft\u0131\u011f\u0131 tecr\u00fcbeli futbolcunun, Avrupa kupalar\u0131nda m\u00fccadele etti\u011fi i\u00e7in tercihini Ba\u015fak\u015fehir\u2019den yana kulland\u0131\u011f\u0131 belirtildi. Aleksic transferinin ger\u00e7ekle\u015fmemesi nedeniyle y\u00f6neticilerin listesinde bulunan di\u011fer isimlere y\u00f6nelece\u011fi bildirildi.<\/p>\n<p>Mendoza \u0130zmir\u2019e davet edildi<\/p>\n<p>Aleksic transferini noktalayamayan G\u00f6ztepe\u2019nin, Fransa Lig 1 ekibi Amiens\u2019ten Kolombiyal\u0131 golc\u00fc Stiven Mendoza i\u00e7in giri\u015fimlere ba\u015flad\u0131\u011f\u0131 \u00f6\u011frenildi. Forvette ve kanatlarda g\u00f6rev yapan 27 ya\u015f\u0131ndaki oyuncunun \u0130zmir\u2019e davet edildi\u011fi belirtildi. Ge\u00e7en sezon Fransa\u2019da 28 ma\u00e7ta g\u00f6rev yapan Mendoza, rakip filelere 2 gol b\u0131rakma ba\u015far\u0131s\u0131 g\u00f6sterdi.<\/p>\n","protected":false},"excerpt":{"rendered":"<p>G\u00d6ZTEPE\u2019N\u0130N PRENS\u0130P ANLA\u015eMASINA VARDI\u011eI SIRP ON NUMARA DAN\u0130JEL ALEKS\u0130C\u2019\u0130N, AVRUPA KUPALARINDA OYNAMAK \u0130\u00c7\u0130N BA\u015eAK\u015eEH\u0130R\u2019E G\u0130DECE\u011e\u0130 \u00d6\u011eREN\u0130LD\u0130.<\/p>\n","protected":false},"author":1,"featured_media":197362,"comment_status":"closed","ping_status":"open","sticky":false,"template":"","format":"standard","meta":{"jetpack_post_was_ever_published":false,"_jetpack_newsletter_access":"","_jetpack_dont_email_post_to_subs":false,"_jetpack_newsletter_tier_id":0,"_jetpack_memberships_contains_paywalled_content":false,"_jetpack_memberships_contains_paid_content":false,"footnotes":"","jetpack_publicize_message":"","jetpack_publicize_feature_enabled":true,"jetpack_social_post_already_shared":true,"jetpack_social_options":{"image_generator_settings":{"template":"highway","default_image_id":0,"font":"","enabled":false},"version":2}},"categories":[657],"tags":[8562,10822,49588,1545],"class_list":["post-197361","post","type-post","status-publish","format-standard","has-post-thumbnail","hentry","category-spor","tag-kotu","tag-goztepeye","tag-aleksicten","tag-haber"],"jetpack_publicize_connections":[],"jetpack_featured_media_url":"https:\/\/i0.wp.com\/www.tvturk.com\/wp-content\/uploads\/2019\/08\/goztepeye-aleksicten-kotu-haber_c8844ba.jpg?fit=1000%2C666","jetpack_sharing_enabled":true,"jetpack_shortlink":"https:\/\/wp.me\/paKIfm-Plf","_links":{"self":[{"href":"http:\/\/www.tvturk.com\/index.php\/wp-json\/wp\/v2\/posts\/197361","targetHints":{"allow":["GET"]}}],"collection":[{"href":"http:\/\/www.tvturk.com\/index.php\/wp-json\/wp\/v2\/posts"}],"about":[{"href":"http:\/\/www.tvturk.com\/index.php\/wp-json\/wp\/v2\/types\/post"}],"author":[{"embeddable":true,"href":"http:\/\/www.tvturk.com\/index.php\/wp-json\/wp\/v2\/users\/1"}],"replies":[{"embeddable":true,"href":"http:\/\/www.tvturk.com\/index.php\/wp-json\/wp\/v2\/comments?post=197361"}],"version-history":[{"count":0,"href":"http:\/\/www.tvturk.com\/index.php\/wp-json\/wp\/v2\/posts\/197361\/revisions"}],"wp:featuredmedia":[{"embeddable":true,"href":"http:\/\/www.tvturk.com\/index.php\/wp-json\/wp\/v2\/media\/197362"}],"wp:attachment":[{"href":"http:\/\/www.tvturk.com\/index.php\/wp-json\/wp\/v2\/media?parent=197361"}],"wp:term":[{"taxonomy":"category","embeddable":true,"href":"http:\/\/www.tvturk.com\/index.php\/wp-json\/wp\/v2\/categories?post=197361"},{"taxonomy":"post_tag","embeddable":true,"href":"http:\/\/www.tvturk.com\/index.php\/wp-json\/wp\/v2\/tags?post=197361"}],"curies":[{"name":"wp","href":"https:\/\/api.w.org\/{rel}","templated":true}]}}