{"id":197401,"date":"2019-08-29T13:02:00","date_gmt":"2019-08-29T10:02:00","guid":{"rendered":"http:\/\/www.tvturk.com\/index.php\/kutuphane-sokaga-indi\/"},"modified":"2019-08-29T13:02:00","modified_gmt":"2019-08-29T10:02:00","slug":"kutuphane-sokaga-indi","status":"publish","type":"post","link":"http:\/\/www.tvturk.com\/index.php\/kutuphane-sokaga-indi\/","title":{"rendered":"K\u00fct\u00fcphane soka\u011fa indi"},"content":{"rendered":"<p>Mersin\u2019in merkez Mezitli il\u00e7e Belediyesi, Akdeniz Rotary Kul\u00fcb\u00fc ile birlikte Zab\u0131ta M\u00fcd\u00fcrl\u00fc\u011f\u00fc yan\u0131nda bulunan parkta, vatanda\u015flar\u0131n \u00fccretsiz olarak kitap al\u0131p, okuyup, geri getirebilece\u011fi Sokak K\u00fct\u00fcphanesi Projesi\u2019ni ba\u015flatt\u0131.<\/p>\n<p>Mezitli Belediye Ba\u015fkan\u0131 Ne\u015fet Tarhan, Akdeniz Rotary Kul\u00fcb\u00fc Ba\u015fkan\u0131 Bahar Tufan ve kul\u00fcp \u00fcyeleri, Mezitli Kent Konseyi Ba\u015fkan\u0131 Sibel Gelbul, Belediye Meclis \u00fcyeleri, belediyenin konu\u011fu olarak farkl\u0131 \u00fclkelerden gelen \u00f6\u011frenciler ve vatanda\u015flar\u0131n kat\u0131ld\u0131\u011f\u0131 a\u00e7\u0131l\u0131\u015f, sayg\u0131 duru\u015fu ve \u0130stiklal Mar\u015f\u0131\u2019n\u0131n okunmas\u0131 ile ba\u015flad\u0131. A\u00e7\u0131l\u0131\u015fta konu\u015fan Kul\u00fcp Ba\u015fkan\u0131 Tufan, en g\u00fczel yat\u0131r\u0131m\u0131n kitaba olan yat\u0131r\u0131m oldu\u011funu ifade ederek, vatanda\u015flar\u0131n kitaba daha kolay ula\u015fabilmesi i\u00e7in sokak k\u00fct\u00fcphanesini ba\u015flatt\u0131klar\u0131n\u0131 s\u00f6yledi. Topluma yararl\u0131 her projede Mezitli Belediyesini yanlar\u0131nda bulmaktan mutlu olduklar\u0131n\u0131 ifade eden Tufan, \u201cMezitli Belediyesiyle ortak projede yer almak bizim i\u00e7in her zaman gururdur. Bizim i\u00e7in \u00e7ok \u00f6nemli oldu\u011funu d\u00fc\u015f\u00fcnd\u00fc\u011f\u00fcm\u00fcz bir proje. Sokak k\u00fct\u00fcphanesinde kitaplar \u00fccretsiz al\u0131n\u0131p okunabiliyor. Vatanda\u015flar\u0131m\u0131zdan istedi\u011fimiz okuduklar\u0131 kitaplar\u0131 d\u00fczg\u00fcn muhafaza etmeleri ve yan\u0131nda bir kitap daha hediye getirmeleri. Mezitlililerin deste\u011fiyle sokak k\u00fct\u00fcphanemizi daha zengin hale getirmek istiyoruz\u201d dedi.<\/p>\n<p>Mezitli\u2019nin her b\u00f6lgesine a\u00e7t\u0131klar\u0131 k\u00fct\u00fcphanelerle kitap kenti haline geldiklerini ifade eden Ba\u015fkan Tarhan ise, &#8220;Mezitli\u2019de ya\u015fayan her vatanda\u015f\u0131m\u0131z\u0131n kitaba en kolay \u015fekilde ula\u015fabilmesi i\u00e7in hayata ge\u00e7irdi\u011fimiz \u00e7ok say\u0131da projemiz var. \u00d6ncelikle \u00e7ocuklar\u0131m\u0131z aras\u0131nda kitap okumay\u0131 te\u015fvik etmek ve yayg\u0131nla\u015ft\u0131rmak ad\u0131na belediyemiz taraf\u0131ndan bast\u0131r\u0131lan binlerce kitab\u0131n da\u011f\u0131t\u0131m\u0131n\u0131 yapt\u0131k. Hemen her evde belediyemiz taraf\u0131ndan da\u011f\u0131t\u0131lan kitaplardan var. Bunun yan\u0131nda \u00dcniversite Caddesi \u00fczerinde bulunan gen\u00e7lik ve k\u00fclt\u00fcr evimizi b\u00fcy\u00fck bir k\u00fct\u00fcphane haline getirdik. Kafe k\u00fct\u00fcphanemiz kitap okuman\u0131n yan\u0131nda ders \u00e7al\u0131\u015fmak ve kaliteli zaman ge\u00e7irmek isteyenlerin u\u011frak yeri oldu\u011fu bir mekan haline geldi. Toroslar\u0131n tepesinde Mihrican Yaylas\u0131nda k\u0131r k\u00fct\u00fcphanesi a\u00e7\u0131lmas\u0131n\u0131 sa\u011flad\u0131k. Mezitli Belediyesi Sosyal Tesisleri i\u00e7erisinde bulunan Down Kafe\u2019yi de ayn\u0131 zamanda b\u00fcy\u00fck bir k\u00fct\u00fcphane haline getirdik. Bununla da yetinmedik, minik \u00e7ocuklar\u0131n kitaplarla kayna\u015fmas\u0131 i\u00e7in Kitap Okuyan \u00c7ocuk Oyun Kitapl\u0131\u011f\u0131n\u0131 a\u00e7t\u0131k. Mezitli halk\u0131n\u0131n bulu\u015fma noktas\u0131 olan g\u00f6n\u00fcll\u00fc evlerimizde y\u00fczlerce kitab\u0131n yer ald\u0131\u011f\u0131 kitapl\u0131klar olu\u015fturduk. T\u00fcm Mezitlilileri kitap okumaya davet ediyorum&#8221; diye konu\u015ftu.<\/p>\n<p>Kitapseverlere kentin farkl\u0131 noktalar\u0131nda mod\u00fcler kitap okuma yerleri olu\u015fturacaklar\u0131 m\u00fcjdesini de veren Tarhan, \u201cMezitli\u2019de oturan herkesin kitaba ula\u015fmas\u0131 i\u00e7in \u00e7al\u0131\u015fma yapaca\u011f\u0131z. Ba\u015fta \u00fcniversite \u00f6\u011frencileri olmak \u00fczere, dileyen herkese kitap sat\u0131\u015f\u0131 izni verece\u011fiz. Bu insanlar\u0131m\u0131z\u0131n kitaba ula\u015fmas\u0131na destek sa\u011flad\u0131\u011f\u0131 gibi sokak ekonomisine de katk\u0131 sunacak. \u0130\u015f arayan gen\u00e7lerimize ge\u00e7ici bir \u00e7\u00f6z\u00fcm yolu olacak. Zaman zaman bunun \u00f6rneklerini g\u00f6rd\u00fck. Mezitli Kent Konseyimizin \u00c7ocuk Komitesi \u00fcyeleri sahilde kitap satarak, e\u011fitime katk\u0131 olmas\u0131 amac\u0131yla ba\u011f\u0131\u015flad\u0131lar. Yine belediyemizin \u00f6n\u00fcnde yer verdi\u011fimiz ilk\u00f6\u011fretim \u00f6\u011frencileri satt\u0131klar\u0131 kitaplarla okul ihtiya\u00e7lar\u0131n\u0131 kar\u015f\u0131lad\u0131lar. Down sendromlu \u00e7ocuklara destek i\u00e7in kitap sat\u0131\u015flar\u0131 yap\u0131ld\u0131. D\u00fczenledi\u011fimiz Kitap Festivali ile hem \u00f6nemli \u015fair ve yazarlar\u0131 kitapseverlerle bulu\u015fturduk hem de bu sekt\u00f6r\u00fcn canlanmas\u0131na katk\u0131 sunduk&#8221; \u015feklinde konu\u015ftu.<\/p>\n<p>T\u00fcrkiye\u2019nin d\u00fcnya s\u0131ralamamas\u0131nda en az kitap okuyan \u00fclkelerden birisi oldu\u011funa vurgu yapan Tarhan, \u201cToplumsal refah\u0131n artmas\u0131n\u0131n tek yolu e\u011fitim seviyesinin y\u00fckselmesidir. Ger\u00e7ek anlamda demokrasi i\u00e7in toplum olarak daha ayd\u0131n olmak zorunday\u0131z. Daha ayd\u0131n olman\u0131n yolu da \u00f6nce \u00e7ok okumaktan ge\u00e7er. Maalesef okumayan bir toplumuz. Biz bu seviyeyi y\u00fckseltmeye \u00e7al\u0131\u015f\u0131yoruz. Yar\u0131nlarda her k\u00f6\u015fede bu kitap okuma kul\u00fcbelerinden g\u00f6rebileceksiniz. Biz de farkl\u0131 projelerimizle bunu peki\u015ftirece\u011fiz. K\u00fclt\u00fcre, sanata ve kitaba daha fazla yer vererek Mezitli\u2019yi d\u00fcnyada daha iyi yerlere ta\u015f\u0131yaca\u011f\u0131z&#8221; ifadelerini kulland\u0131.<\/p>\n","protected":false},"excerpt":{"rendered":"<p>MERS\u0130N&#8217;\u0130N MERKEZ MEZ\u0130TL\u0130 \u0130L\u00c7E BELED\u0130YES\u0130, AKDEN\u0130Z ROTORY KUL\u00dcB\u00dc \u0130LE B\u0130RL\u0130KTE ZABITA M\u00dcD\u00dcRL\u00dc\u011e\u00dc YANINDA BULUNAN PARKTA, VATANDA\u015eLARIN \u00dcCRETS\u0130Z OLARAK K\u0130TAP ALIP, OKUYUP, GER\u0130 GET\u0130REB\u0130LECE\u011e\u0130 SOKAK K\u00dcT\u00dcPHANES\u0130 PROJES\u0130&#8217;N\u0130 BA\u015eLATTI. \u0130LK G\u00dcNDEN YO\u011eUN \u0130LG\u0130N\u0130N G\u00d6RD\u00dc\u011e\u00dc K\u00dcT\u00dcPHANE, G\u00d6RENLER\u0130N TAKD\u0130R\u0130N\u0130 KAZANDI.<\/p>\n","protected":false},"author":1,"featured_media":197402,"comment_status":"closed","ping_status":"open","sticky":false,"template":"","format":"standard","meta":{"jetpack_post_was_ever_published":false,"_jetpack_newsletter_access":"","_jetpack_dont_email_post_to_subs":false,"_jetpack_newsletter_tier_id":0,"_jetpack_memberships_contains_paywalled_content":false,"_jetpack_memberships_contains_paid_content":false,"footnotes":"","jetpack_publicize_message":"","jetpack_publicize_feature_enabled":true,"jetpack_social_post_already_shared":true,"jetpack_social_options":{"image_generator_settings":{"template":"highway","default_image_id":0,"font":"","enabled":false},"version":2}},"categories":[1],"tags":[2460,2559,893],"class_list":["post-197401","post","type-post","status-publish","format-standard","has-post-thumbnail","hentry","category-genel","tag-indi","tag-kutuphane","tag-sokaga"],"jetpack_publicize_connections":[],"jetpack_featured_media_url":"https:\/\/i0.wp.com\/www.tvturk.com\/wp-content\/uploads\/2019\/08\/kutuphane-sokaga-indi_939d674.jpg?fit=1000%2C666","jetpack_sharing_enabled":true,"jetpack_shortlink":"https:\/\/wp.me\/paKIfm-PlT","_links":{"self":[{"href":"http:\/\/www.tvturk.com\/index.php\/wp-json\/wp\/v2\/posts\/197401","targetHints":{"allow":["GET"]}}],"collection":[{"href":"http:\/\/www.tvturk.com\/index.php\/wp-json\/wp\/v2\/posts"}],"about":[{"href":"http:\/\/www.tvturk.com\/index.php\/wp-json\/wp\/v2\/types\/post"}],"author":[{"embeddable":true,"href":"http:\/\/www.tvturk.com\/index.php\/wp-json\/wp\/v2\/users\/1"}],"replies":[{"embeddable":true,"href":"http:\/\/www.tvturk.com\/index.php\/wp-json\/wp\/v2\/comments?post=197401"}],"version-history":[{"count":0,"href":"http:\/\/www.tvturk.com\/index.php\/wp-json\/wp\/v2\/posts\/197401\/revisions"}],"wp:featuredmedia":[{"embeddable":true,"href":"http:\/\/www.tvturk.com\/index.php\/wp-json\/wp\/v2\/media\/197402"}],"wp:attachment":[{"href":"http:\/\/www.tvturk.com\/index.php\/wp-json\/wp\/v2\/media?parent=197401"}],"wp:term":[{"taxonomy":"category","embeddable":true,"href":"http:\/\/www.tvturk.com\/index.php\/wp-json\/wp\/v2\/categories?post=197401"},{"taxonomy":"post_tag","embeddable":true,"href":"http:\/\/www.tvturk.com\/index.php\/wp-json\/wp\/v2\/tags?post=197401"}],"curies":[{"name":"wp","href":"https:\/\/api.w.org\/{rel}","templated":true}]}}