{"id":197443,"date":"2019-08-29T13:46:05","date_gmt":"2019-08-29T10:46:05","guid":{"rendered":"http:\/\/www.tvturk.com\/index.php\/italya-cumhurbaskani-hukumeti-kurma-gorevini-conteye-verdi\/"},"modified":"2019-08-29T13:46:05","modified_gmt":"2019-08-29T10:46:05","slug":"italya-cumhurbaskani-hukumeti-kurma-gorevini-conteye-verdi","status":"publish","type":"post","link":"http:\/\/www.tvturk.com\/index.php\/italya-cumhurbaskani-hukumeti-kurma-gorevini-conteye-verdi\/","title":{"rendered":"\u0130talya Cumhurba\u015fkan\u0131 h\u00fck\u00fcmeti kurma g\u00f6revini Conte\u2019ye verdi"},"content":{"rendered":"<p>\u0130talya\u2019da Cumhurba\u015fkan\u0131 Sergio Mattarella, mevcut Ba\u015fbakan Giuseppe Conte\u2019yi yeni h\u00fck\u00fcmeti kurmakla g\u00f6revlendirdi.<\/p>\n<p>\u0130talya\u2019da ya\u015fanan siyasi krizin ard\u0131ndan 5 Y\u0131ld\u0131z Hareketi ile Demokratik Parti\u2019nin koalisyon anla\u015fmas\u0131na varmas\u0131 \u00fczerine Cumhurba\u015fkan\u0131 Sergio Mattarella, h\u00fck\u00fcmet kurma g\u00f6revini Ba\u015fbakan Giuseppe Conte\u2019ye verdi.<\/p>\n<p>Lig lideri Matteo Salvini ge\u00e7ti\u011fimiz haftalarda erken se\u00e7im talep ederek 5 Y\u0131ld\u0131z Hareketi ile koalisyonu fiili olarak sona erdirmi\u015f, Ba\u015fbakan Giuseppe Conte de 20 A\u011fustos\u2019ta istifa etmi\u015fti. Salvini\u2019nin erken se\u00e7im \u00e7a\u011fr\u0131s\u0131ndan sonra ge\u00e7en haftadan bu yana yap\u0131lan ini\u015fli \u00e7\u0131k\u0131\u015fl\u0131 koalisyon g\u00f6r\u00fc\u015fmelerinin ard\u0131ndan 5 Y\u0131ld\u0131z Hareketi ve Demokratik Parti Cumhurba\u015fkan\u0131 Sergio Mattarella\u2019ya koalisyon kurmaya haz\u0131r olduklar\u0131n\u0131 bildirdi.<\/p>\n<p>\u00dclkede bir s\u00fcredir devam eden h\u00fck\u00fcmet krizini \u00e7\u00f6zmek i\u00e7in iki tur isti\u015farelerde bulunan Mattarella, parlamentoda sandalye say\u0131s\u0131 y\u00fcksek olan iki partinin yeni h\u00fck\u00fcmetin ba\u015fbakan\u0131 olarak \u00fczerinde anla\u015fmaya vard\u0131\u011f\u0131 Conte\u2019yi Cumhurba\u015fkanl\u0131\u011f\u0131na davet etti ve Conte\u2019yi h\u00fck\u00fcmeti kurmakla g\u00f6revlendirdi.<\/p>\n","protected":false},"excerpt":{"rendered":"<p>\u0130TALYA&#8217;DA CUMHURBA\u015eKANI SERG\u0130O MATTARELLA, MEVCUT BA\u015eBAKAN G\u0130USEPPE CONTE&#8217;Y\u0130 YEN\u0130 H\u00dcK\u00dcMET\u0130 KURMAKLA G\u00d6REVLEND\u0130RD\u0130.<\/p>\n","protected":false},"author":1,"featured_media":197444,"comment_status":"closed","ping_status":"open","sticky":false,"template":"","format":"standard","meta":{"jetpack_post_was_ever_published":false,"_jetpack_newsletter_access":"","_jetpack_dont_email_post_to_subs":false,"_jetpack_newsletter_tier_id":0,"_jetpack_memberships_contains_paywalled_content":false,"_jetpack_memberships_contains_paid_content":false,"footnotes":"","jetpack_publicize_message":"","jetpack_publicize_feature_enabled":true,"jetpack_social_post_already_shared":true,"jetpack_social_options":{"image_generator_settings":{"template":"highway","default_image_id":0,"font":"","enabled":false},"version":2}},"categories":[10],"tags":[49611,503,16085,11572,2349,21230,386],"class_list":["post-197443","post","type-post","status-publish","format-standard","has-post-thumbnail","hentry","category-dunya","tag-conteye","tag-cumhurbaskani","tag-gorevini","tag-hukumeti","tag-italya","tag-kurma","tag-verdi"],"jetpack_publicize_connections":[],"jetpack_featured_media_url":"https:\/\/i0.wp.com\/www.tvturk.com\/wp-content\/uploads\/2019\/08\/italya-cumhurbaskani-hukumeti-kurma-gorevini-conteye-verdi_2c21991.jpg?fit=1000%2C640","jetpack_sharing_enabled":true,"jetpack_shortlink":"https:\/\/wp.me\/paKIfm-Pmz","_links":{"self":[{"href":"http:\/\/www.tvturk.com\/index.php\/wp-json\/wp\/v2\/posts\/197443","targetHints":{"allow":["GET"]}}],"collection":[{"href":"http:\/\/www.tvturk.com\/index.php\/wp-json\/wp\/v2\/posts"}],"about":[{"href":"http:\/\/www.tvturk.com\/index.php\/wp-json\/wp\/v2\/types\/post"}],"author":[{"embeddable":true,"href":"http:\/\/www.tvturk.com\/index.php\/wp-json\/wp\/v2\/users\/1"}],"replies":[{"embeddable":true,"href":"http:\/\/www.tvturk.com\/index.php\/wp-json\/wp\/v2\/comments?post=197443"}],"version-history":[{"count":0,"href":"http:\/\/www.tvturk.com\/index.php\/wp-json\/wp\/v2\/posts\/197443\/revisions"}],"wp:featuredmedia":[{"embeddable":true,"href":"http:\/\/www.tvturk.com\/index.php\/wp-json\/wp\/v2\/media\/197444"}],"wp:attachment":[{"href":"http:\/\/www.tvturk.com\/index.php\/wp-json\/wp\/v2\/media?parent=197443"}],"wp:term":[{"taxonomy":"category","embeddable":true,"href":"http:\/\/www.tvturk.com\/index.php\/wp-json\/wp\/v2\/categories?post=197443"},{"taxonomy":"post_tag","embeddable":true,"href":"http:\/\/www.tvturk.com\/index.php\/wp-json\/wp\/v2\/tags?post=197443"}],"curies":[{"name":"wp","href":"https:\/\/api.w.org\/{rel}","templated":true}]}}