{"id":197463,"date":"2019-08-29T14:03:17","date_gmt":"2019-08-29T11:03:17","guid":{"rendered":"http:\/\/www.tvturk.com\/index.php\/fazla-ogrenci-talebi-olunca-sinif-ogretmenleri-ve-subeleri-kura-ile-belirlendi\/"},"modified":"2019-08-29T14:03:17","modified_gmt":"2019-08-29T11:03:17","slug":"fazla-ogrenci-talebi-olunca-sinif-ogretmenleri-ve-subeleri-kura-ile-belirlendi","status":"publish","type":"post","link":"http:\/\/www.tvturk.com\/index.php\/fazla-ogrenci-talebi-olunca-sinif-ogretmenleri-ve-subeleri-kura-ile-belirlendi\/","title":{"rendered":"Fazla \u00f6\u011frenci talebi olunca s\u0131n\u0131f \u00f6\u011fretmenleri ve \u015fubeleri kur\u2019a ile belirlendi"},"content":{"rendered":"<p>Afyonkarahisar Atat\u00fcrk \u0130lkokulu birinci s\u0131n\u0131f \u00f6\u011frencilerinin s\u0131n\u0131f \u015fubeleri ve \u00f6\u011fretmenleri noter huzurunda kur\u2019a ile belirlendi.<\/p>\n<p>Okul bah\u00e7esinde 3. noter huzurunda ger\u00e7ekle\u015ftirilen kur\u2019ada \u00f6\u011frenciler, cam fanus i\u00e7inden isim \u00e7ekerek arkada\u015flar\u0131n\u0131n s\u0131n\u0131f \u015fubelerini belirledi. Okul M\u00fcd\u00fcr\u00fc \u0130sa Urhano\u011flu, yapt\u0131\u011f\u0131 a\u00e7\u0131klamada, Atat\u00fcrk \u0130lkokulu\u2019nun Afyonkarahisar\u2019\u0131n en k\u00f6kl\u00fc ve en tercih edilen okullar aras\u0131nda oldu\u011funu s\u00f6yledi. M\u00fcd\u00fcr Urhao\u011flu \u015f\u00f6yle devam etti:<\/p>\n<p>\u201cOkulumuz Afyonkarahisar\u2019\u0131n en k\u00f6kl\u00fc ve en g\u00fczide okullar\u0131ndan birisidir. O nedenle \u00f6\u011frenci velililerimiz \u00e7ok yo\u011fun talep g\u00f6steriyor. Biz de velilerimizin bu taleplerini kar\u015f\u0131lamak ad\u0131na \u015fubelerimizi adaletli da\u011f\u0131tmak i\u00e7in noter huzurunda kur\u2019a \u00e7ekmeye karar verdik. Bu y\u0131lki ilkini ger\u00e7ekle\u015ftiriyoruz. Bug\u00fcn itibariyle e-okul sistemine d\u00fc\u015fen 250 \u00f6\u011frenci ve 9 \u00f6\u011fretmeni kur\u2019a \u00e7ekerek s\u0131n\u0131flar\u0131n\u0131 belirlemi\u015f olduk. \u015eimdiden kur\u2019a sonu\u00e7lar\u0131n\u0131n \u00f6\u011fretmenlerimize, velilerimize ve \u00f6\u011frencilerimize hay\u0131rl\u0131 olmas\u0131n\u0131 diliyorum. B\u00fct\u00fcn \u00f6\u011fretmenlerimiz \u00e7ok tecr\u00fcbeli, de\u011ferli ve iyiler. O y\u00fczden hangi \u015fubeye d\u00fc\u015ft\u00fc\u011f\u00fc asl\u0131nda \u00e7ok da b\u00fcy\u00fck bir \u015fey fark ettirmeyecek ama en az\u0131ndan g\u00f6z\u00fcm\u00fcz\u00fcn \u00f6n\u00fcnde kimsenin akl\u0131nda bir \u015fey kalmadan b\u00f6yle kura mekanizmas\u0131n\u0131n kurulmas\u0131n\u0131n faydal\u0131 oldu\u011funu d\u00fc\u015f\u00fcn\u00fcyorum\u201d.<\/p>\n","protected":false},"excerpt":{"rendered":"<p>AFYONKARAH\u0130SAR ATAT\u00dcRK \u0130LKOKULU B\u0130R\u0130NC\u0130 SINIF \u00d6\u011eRENC\u0130LER\u0130N\u0130N SINIF \u015eUBELER\u0130 VE \u00d6\u011eRETMENLER\u0130 NOTER HUZURUNDA KURALARLA BEL\u0130RLEND\u0130.<\/p>\n","protected":false},"author":1,"featured_media":197464,"comment_status":"closed","ping_status":"open","sticky":false,"template":"","format":"standard","meta":{"jetpack_post_was_ever_published":false,"_jetpack_newsletter_access":"","_jetpack_dont_email_post_to_subs":false,"_jetpack_newsletter_tier_id":0,"_jetpack_memberships_contains_paywalled_content":false,"_jetpack_memberships_contains_paid_content":false,"footnotes":"","jetpack_publicize_message":"","jetpack_publicize_feature_enabled":true,"jetpack_social_post_already_shared":true,"jetpack_social_options":{"image_generator_settings":{"template":"highway","default_image_id":0,"font":"","enabled":false},"version":2}},"categories":[1],"tags":[15340,2142,192,2450,773,923,13652,4491,48942,1174],"class_list":["post-197463","post","type-post","status-publish","format-standard","has-post-thumbnail","hentry","category-genel","tag-belirlendi","tag-fazla","tag-ile","tag-kura","tag-ogrenci","tag-ogretmenleri","tag-olunca","tag-sinif","tag-subeleri","tag-talebi"],"jetpack_publicize_connections":[],"jetpack_featured_media_url":"https:\/\/i0.wp.com\/www.tvturk.com\/wp-content\/uploads\/2019\/08\/fazla-ogrenci-talebi-olunca-sinif-ogretmenleri-ve-subeleri-kura-ile-belirlendi_9b036f6.jpg?fit=1000%2C664","jetpack_sharing_enabled":true,"jetpack_shortlink":"https:\/\/wp.me\/paKIfm-PmT","_links":{"self":[{"href":"http:\/\/www.tvturk.com\/index.php\/wp-json\/wp\/v2\/posts\/197463","targetHints":{"allow":["GET"]}}],"collection":[{"href":"http:\/\/www.tvturk.com\/index.php\/wp-json\/wp\/v2\/posts"}],"about":[{"href":"http:\/\/www.tvturk.com\/index.php\/wp-json\/wp\/v2\/types\/post"}],"author":[{"embeddable":true,"href":"http:\/\/www.tvturk.com\/index.php\/wp-json\/wp\/v2\/users\/1"}],"replies":[{"embeddable":true,"href":"http:\/\/www.tvturk.com\/index.php\/wp-json\/wp\/v2\/comments?post=197463"}],"version-history":[{"count":0,"href":"http:\/\/www.tvturk.com\/index.php\/wp-json\/wp\/v2\/posts\/197463\/revisions"}],"wp:featuredmedia":[{"embeddable":true,"href":"http:\/\/www.tvturk.com\/index.php\/wp-json\/wp\/v2\/media\/197464"}],"wp:attachment":[{"href":"http:\/\/www.tvturk.com\/index.php\/wp-json\/wp\/v2\/media?parent=197463"}],"wp:term":[{"taxonomy":"category","embeddable":true,"href":"http:\/\/www.tvturk.com\/index.php\/wp-json\/wp\/v2\/categories?post=197463"},{"taxonomy":"post_tag","embeddable":true,"href":"http:\/\/www.tvturk.com\/index.php\/wp-json\/wp\/v2\/tags?post=197463"}],"curies":[{"name":"wp","href":"https:\/\/api.w.org\/{rel}","templated":true}]}}