{"id":197501,"date":"2019-08-29T15:02:45","date_gmt":"2019-08-29T12:02:45","guid":{"rendered":"http:\/\/www.tvturk.com\/index.php\/fibanin-yeni-baskani-hamane-niang-oldu\/"},"modified":"2019-08-29T15:02:45","modified_gmt":"2019-08-29T12:02:45","slug":"fibanin-yeni-baskani-hamane-niang-oldu","status":"publish","type":"post","link":"http:\/\/www.tvturk.com\/index.php\/fibanin-yeni-baskani-hamane-niang-oldu\/","title":{"rendered":"FIBA\u2019n\u0131n yeni Ba\u015fkan\u0131 Hamane Niang oldu"},"content":{"rendered":"<p>\u00c7in\u2019in ba\u015fkenti Pekin\u2019de ger\u00e7ekle\u015fen 21\u2019inci Uluslararas\u0131 Basketbol Federasyonu (FIBA) Kongresi\u2019ne kat\u0131lan 156 ulusal federasyonun delegeleri, 2019-2023 d\u00f6nemi i\u00e7in yeni ba\u015fkan ve merkez kurul \u00fcyelerini se\u00e7tiler. Hamane Niang, yeni merkez y\u00f6netim kurulu \u00fcyeleriyle birlikte, 2019-2023 d\u00f6nemi i\u00e7in oy birli\u011fiyle FIBA Ba\u015fkan\u0131 se\u00e7ildi.<\/p>\n<p>\u00c7in\u2019in ba\u015fkenti Pekin\u2019de ger\u00e7ekle\u015fen 21\u2019inci FIBA Kongresi\u2019ne kat\u0131lan 156 ulusal federasyonun delegeleri, 2019-2023 d\u00f6nemi i\u00e7in yeni ba\u015fkan ve merkez kurul \u00fcyelerini se\u00e7tiler. Hamane Niang, yeni merkez y\u00f6netim kurulu \u00fcyeleriyle birlikte, 2019-2023 d\u00f6nemi i\u00e7in oy birli\u011fiyle FIBA Ba\u015fkan\u0131 se\u00e7ildi.<\/p>\n<p>Horacio Muratore\u2019den g\u00f6revi devralacak Hamane Niang, daha \u00f6nce Mali Basketbol Federasyonu Ba\u015fkan\u0131 ve ayn\u0131 zamanda Mali Spor Bakan\u0131 olarak ve 2014-2019 d\u00f6neminde ise FIBA\u2019n\u0131n Ba\u015fkan Yard\u0131mc\u0131s\u0131 ve ayn\u0131 zamanda FIBA Afrika Ba\u015fkan\u0131 olarak g\u00f6rev yapm\u0131\u015ft\u0131.<\/p>\n<p>Se\u00e7imden sonra konu\u015fan Hamane Niang, \u201cBug\u00fcn bana g\u00f6sterdikleri g\u00fcven i\u00e7in t\u00fcm ulusal federasyonlara i\u00e7tenlikle te\u015fekk\u00fcr ediyorum. Bana verilen bu sorumlulu\u011fu al\u00e7akg\u00f6n\u00fcll\u00fcl\u00fckle kabul ediyorum. G\u00f6rev s\u00fcrem boyunca kendimi tamamen FIBA\u2019ya adamaya ve sporumuzun \u00e7\u0131karlar\u0131na d\u00fcnyan\u0131n her k\u00f6\u015fesine hizmet etmeye s\u00f6z veriyorum. Biz basketbolun y\u00f6netim organ\u0131y\u0131z ve basketbolu geli\u015ftirmede lider rol\u00fc oynamaya devam etmeliyiz. Birlikte, d\u00fcnyan\u0131n en pop\u00fcler spor toplulu\u011fu haline gelebiliriz\u201d dedi.<\/p>\n<p>Almanya\u2019dan Ingo Weiss ise FIBA Sayman \u00dcyesi olarak ikinci g\u00f6rev s\u00fcresi i\u00e7in tekrar se\u00e7ildi.<\/p>\n<p>Yeni d\u00f6nem i\u00e7in se\u00e7ilen merkez kurulu \u00fcyeleri ise \u015fu \u015fekilde:<\/p>\n<p>&#8220;Celestine Adjanohoun (Benin), Jean-Michel Ramaroson (Madagaskar), Michele O\u2019Keefe (Kanada), Marcelo Luis Bedoya Murto (Paraguay), Usie Richards (Virgin Adalar\u0131), Yuko Mitsuya (Japonya), Erick Thohir (Endonezya), Carmen Tocala (Romanya), Jean-Pierre Siutat (Fransa),  Antti Zitting (Finlandiya), Asterios Zois (Yunanistan), Karo Lelai (Papua Yeni Gine), David Reid (Avustralya).&#8221;<\/p>\n<p>Merkez kurulu ayr\u0131ca, ABD Ulusal Basketbol Birli\u011fi (NBA) ve oyuncular i\u00e7in de bir temsilci atayacak.<\/p>\n<p>Yeni se\u00e7ilen FIBA Merkez Kurulu, ilk toplant\u0131s\u0131n\u0131 14 Eyl\u00fcl Cumartesi g\u00fcn\u00fc Pekin\u2019de, FIBA Basketbol D\u00fcnya Kupas\u0131 2019\u2019un final hafta sonunda ger\u00e7ekle\u015ftirecek.<\/p>\n","protected":false},"excerpt":{"rendered":"<p>FIBA&#8217;NIN YEN\u0130 BA\u015eKANI HAMANE N\u0130ANG OLDU<\/p>\n","protected":false},"author":1,"featured_media":197502,"comment_status":"closed","ping_status":"open","sticky":false,"template":"","format":"standard","meta":{"jetpack_post_was_ever_published":false,"_jetpack_newsletter_access":"","_jetpack_dont_email_post_to_subs":false,"_jetpack_newsletter_tier_id":0,"_jetpack_memberships_contains_paywalled_content":false,"_jetpack_memberships_contains_paid_content":false,"footnotes":"","jetpack_publicize_message":"","jetpack_publicize_feature_enabled":true,"jetpack_social_post_already_shared":true,"jetpack_social_options":{"image_generator_settings":{"template":"highway","default_image_id":0,"font":"","enabled":false},"version":2}},"categories":[657],"tags":[216,47016,49634,49635,77,87],"class_list":["post-197501","post","type-post","status-publish","format-standard","has-post-thumbnail","hentry","category-spor","tag-baskani","tag-fibanin","tag-hamane","tag-niang","tag-oldu","tag-yeni"],"jetpack_publicize_connections":[],"jetpack_featured_media_url":"https:\/\/i0.wp.com\/www.tvturk.com\/wp-content\/uploads\/2019\/08\/fibanin-yeni-baskani-hamane-niang-oldu_7d77ca2.jpg?fit=1000%2C521","jetpack_sharing_enabled":true,"jetpack_shortlink":"https:\/\/wp.me\/paKIfm-Pnv","_links":{"self":[{"href":"http:\/\/www.tvturk.com\/index.php\/wp-json\/wp\/v2\/posts\/197501","targetHints":{"allow":["GET"]}}],"collection":[{"href":"http:\/\/www.tvturk.com\/index.php\/wp-json\/wp\/v2\/posts"}],"about":[{"href":"http:\/\/www.tvturk.com\/index.php\/wp-json\/wp\/v2\/types\/post"}],"author":[{"embeddable":true,"href":"http:\/\/www.tvturk.com\/index.php\/wp-json\/wp\/v2\/users\/1"}],"replies":[{"embeddable":true,"href":"http:\/\/www.tvturk.com\/index.php\/wp-json\/wp\/v2\/comments?post=197501"}],"version-history":[{"count":0,"href":"http:\/\/www.tvturk.com\/index.php\/wp-json\/wp\/v2\/posts\/197501\/revisions"}],"wp:featuredmedia":[{"embeddable":true,"href":"http:\/\/www.tvturk.com\/index.php\/wp-json\/wp\/v2\/media\/197502"}],"wp:attachment":[{"href":"http:\/\/www.tvturk.com\/index.php\/wp-json\/wp\/v2\/media?parent=197501"}],"wp:term":[{"taxonomy":"category","embeddable":true,"href":"http:\/\/www.tvturk.com\/index.php\/wp-json\/wp\/v2\/categories?post=197501"},{"taxonomy":"post_tag","embeddable":true,"href":"http:\/\/www.tvturk.com\/index.php\/wp-json\/wp\/v2\/tags?post=197501"}],"curies":[{"name":"wp","href":"https:\/\/api.w.org\/{rel}","templated":true}]}}