{"id":197505,"date":"2019-08-29T15:16:38","date_gmt":"2019-08-29T12:16:38","guid":{"rendered":"http:\/\/www.tvturk.com\/index.php\/mavi-koridor-2019-rallisi-istanbuldan-start-aldi\/"},"modified":"2019-08-29T15:16:38","modified_gmt":"2019-08-29T12:16:38","slug":"mavi-koridor-2019-rallisi-istanbuldan-start-aldi","status":"publish","type":"post","link":"http:\/\/www.tvturk.com\/index.php\/mavi-koridor-2019-rallisi-istanbuldan-start-aldi\/","title":{"rendered":"Mavi Koridor 2019 Rallisi \u0130stanbul\u2019dan start ald\u0131"},"content":{"rendered":"<p>Enerji \u015firketleri Gazprom ve Uniper ortakl\u0131\u011f\u0131nda 2008\u2019den beri d\u00fczenlenen Mavi Koridor 2019 Rallisi, T\u00fcrkAk\u0131m Do\u011fal Gaz Boru Hatt\u0131 Projesi\u2019nin y\u0131l sonunda tamamlanacak olmas\u0131 nedeniyle ilk kez \u0130stanbul\u2019dan yola \u00e7\u0131kt\u0131.<\/p>\n<p>Enerji \u015firketleri Gazprom ve Uniper\u2019in, do\u011falgaz\u0131n motor  yak\u0131t\u0131 olarak kullan\u0131m\u0131n\u0131 yayg\u0131nla\u015ft\u0131rmak amac\u0131yla d\u00fczenledi\u011fi Mavi Koridor 2019 Rallisi, sembolik olarak bu y\u0131l \u0130stanbul Hali\u00e7 Kongre Merkezi\u2019nden start ald\u0131. Ralli, T\u00fcrkAk\u0131m Do\u011fal Gaz Boru Hatt\u0131 Projesi\u2019nin y\u0131l sonunda tamamlanacak olmas\u0131 nedeniyle \u0130stanbul\u2019dan ba\u015flad\u0131. Rallinin bu y\u0131l 13\u2019\u00fcnc\u00fcs\u00fc d\u00fczenleniyor. Yola \u00e7\u0131kan ara\u00e7lar, Kuzey Ak\u0131m 2 Do\u011fal Gaz Boru Hatt\u0131\u2019n\u0131n biti\u015f noktas\u0131 olan Almanya\u2019n\u0131n Griefswald kentine kadar gidecek. Program kapsam\u0131nda do\u011fal gazl\u0131 ara\u00e7 \u00fcreticileri ve toplu ta\u015f\u0131ma hizmetlerinde do\u011fal gazl\u0131 otob\u00fcs kullanan belediyeler ara\u00e7lar\u0131n\u0131 sergiledi. Ralli \u00f6ncesi d\u00fczenlenen programda, ula\u015f\u0131m ve ta\u015f\u0131mac\u0131l\u0131kta s\u0131v\u0131la\u015ft\u0131r\u0131lm\u0131\u015f (LNG) ve s\u0131k\u0131\u015ft\u0131r\u0131lm\u0131\u015f do\u011fal gaz\u0131n (CNG) yak\u0131t olarak kullan\u0131m\u0131n\u0131n art\u0131r\u0131lmas\u0131na ili\u015fkin konular ele al\u0131nd\u0131. G\u00fcn\u00fcn ilk program\u0131na, \u0130stanbul Teknik \u00dcniversitesi\u2019nden Prof. Dr. Filiz Karaosmano\u011flu, A\u011f\u0131r Ticari Ara\u00e7lar Derne\u011fi Ba\u015fkan\u0131 \u0130lhami Eksin, \u0130stanbul Ticaret \u00dcniversitesi\u2019nden Prof.  Dr. Mustafa Il\u0131cal\u0131, T\u00fcrkiye Do\u011falgaz Da\u011f\u0131t\u0131c\u0131lar Birli\u011fi Ba\u015fkan\u0131 Ya\u015far Arslan kat\u0131ld\u0131.<\/p>\n<p>\u2019\u2019T\u00fcrkiye\u2019de yakla\u015f\u0131k olarak 5 bin ara\u00e7 do\u011falgazl\u0131\u2019\u2019<\/p>\n<p>Do\u011falgazl\u0131 ara\u00e7 kullan\u0131m\u0131 hakk\u0131nda bilgi veren Ya\u015far Arslan, \u2019\u2019T\u00fcrkiye\u2019de 2018 y\u0131l\u0131n\u0131n sonu itibariyle yakla\u015f\u0131k olarak 22,5 milyon civar\u0131nda motorlu ara\u00e7 var. Bunun 10 binde 2\u2019si yak\u0131t olarak do\u011falgaz kullan\u0131yor. Yani T\u00fcrkiye, bu alanda \u00e7ok d\u00fc\u015f\u00fck do\u011falgaz kullanan ya da do\u011falgazl\u0131 arac\u0131 d\u00fc\u015f\u00fck olan \u00fclke kategorisinde. Yakla\u015f\u0131k olarak 5 bin ara\u00e7 do\u011falgazl\u0131. Bunun temel sebebi; T\u00fcrkiye\u2019de istasyon say\u0131s\u0131n\u0131n yetersizli\u011fidir. T\u00fcrkiye\u2019de do\u011falgaz\u0131n yayg\u0131nla\u015fmas\u0131 son y\u0131llarda h\u0131zland\u0131. \u015eu anda 81 ilde do\u011falgaz olan bir konuma geldik. Do\u011falgaz art\u0131k her ilde ula\u015f\u0131labilir kaynak olaca\u011f\u0131 i\u00e7in bundan sonra do\u011falgazl\u0131 ara\u00e7 kullan\u0131m\u0131n\u0131n da arataca\u011f\u0131 y\u00f6n\u00fcnde tahminim var. B\u00fcy\u00fck\u015fehir belediyeleri toplu ula\u015f\u0131mda bu yak\u0131t\u0131 daha yo\u011fun kullan\u0131r vaziyette. \u0130stanbul ve Ankara buna h\u0131zl\u0131 ge\u00e7i\u015f sa\u011flam\u0131\u015f belediyelerimizdir. Kocaeli, D\u00fczce, Kayseri belediyeleri de bu y\u00f6nde ciddi \u00e7al\u0131\u015fmalar yap\u0131yorlar\u2019\u2019 dedi.<\/p>\n<p>Do\u011falgazl\u0131 ara\u00e7lar\u0131n avantajlar\u0131na de\u011finen Arslan, \u2019\u2019CNG\u2019yi tercih eden ara\u00e7larda partik\u00fcl emisyonu y\u00fczde 77 daha azal\u0131yor. Bu \u00e7ok \u00f6nemli bir konu. LPG kullanan ara\u00e7lara g\u00f6re y\u00fczde 15, dizel yak\u0131tlara g\u00f6re de y\u00fczde 10 daha az karbon sal\u0131n\u0131m\u0131 s\u00f6z konusu oluyor. Gelece\u011fin kaynaklar\u0131ndan biyogaz\u0131n da CNG d\u00f6n\u00fc\u015f\u00fcml\u00fc ara\u00e7larda kullan\u0131lmas\u0131 m\u00fcmk\u00fcn olacak. CNG\u2019li ara\u00e7larda motora direkt olarak gaz giri\u015fi oldu\u011fundan so\u011fuk havalarda yanma i\u015fleminde hi\u00e7bir sorun ya\u015famad\u0131klar\u0131 g\u00f6r\u00fcl\u00fcyor. Ara\u00e7 bak\u0131m gider \u00e7ok d\u00fc\u015fm\u00fc\u015f durumda. Do\u011falgazl\u0131 ara\u00e7larda motor ya\u011f\u0131 de\u011fi\u015fimleri ve buji \u00f6m\u00fcrler gibi fakt\u00f6rler 3 kat\u0131na \u00e7\u0131kmaktad\u0131r. CNG\u2019nin oktan derecesi y\u00fcksektir. Ya\u011f ile kar\u0131\u015fmad\u0131\u011f\u0131ndan dolay\u0131 motorun \u00f6mr\u00fcn\u00fc uzatmaktad\u0131r&#8221; \u015feklinde konu\u015ftu.<\/p>\n<p>&#8220;Toplu ula\u015f\u0131m\u0131n mutlak suretle bir kanunu olmas\u0131 laz\u0131m&#8221;<\/p>\n<p>Do\u011falgaz\u0131n toplu ula\u015f\u0131m ara\u00e7lar\u0131nda yak\u0131t olarak kullan\u0131lmas\u0131na de\u011finen Prof. Dr. Mustafa Ilcal\u0131, &#8220;Toplu ula\u015f\u0131m sistemi her ilde karma\u015fa durumundad\u0131r. Toplu ula\u015f\u0131m\u0131n mutlak suretle bir kanunu olmas\u0131 laz\u0131m. Bu kanunu \u00e7\u0131kard\u0131\u011f\u0131m\u0131z zaman, ta\u015f\u0131may\u0131 verimli hale getirmede, yak\u0131t kullan\u0131m\u0131nda optimizasyonun yap\u0131lmas\u0131nda \u00f6nemli rol oynayacakt\u0131r. Optimizasyonla beraber y\u00fczde 30 verimlilik kazanmak m\u00fcmk\u00fcn. Kenti\u00e7i ula\u015ft\u0131rman\u0131n en \u00f6nemli sorunlar\u0131ndan biri de hava kirlili\u011fidir. Trafik s\u0131k\u0131\u015f\u0131kl\u0131\u011f\u0131n\u0131n hava kirlili\u011fine etkisi \u00e7ok \u00f6nemlidir. \u0130lk zamanlarda maske ile dola\u015f\u0131lan bir \u0130stanbul\u2019da, do\u011falgaza ge\u00e7ilmesiyle birlikte hava kirlili\u011finde \u00f6nemli bir azalma olmu\u015ftur. Hava kirlili\u011finin y\u00fczde 50\u2019si trafikten kaynakl\u0131d\u0131r. Bu a\u00e7\u0131dan do\u011falgaz gibi \u00e7evre dostu yak\u0131tlar\u0131n kullan\u0131lmas\u0131 \u00f6nemlidir&#8221; ifadelerini kulland\u0131.<\/p>\n<p>Rallinin g\u00fczergah\u0131<\/p>\n<p>Mavi Koridor 2019 Rallisi iki etaptan olu\u015fuyor. \u0130lk etapta, A\u011fustos ve Eyl\u00fcl aylar\u0131nda Avrupa do\u011falgazl\u0131 ara\u00e7lar konvoyu, T\u00fcrkAk\u0131m\u2019\u0131n var\u0131\u015f noktas\u0131 olan K\u0131y\u0131k\u00f6y yak\u0131n\u0131nda \u0130stanbul\u2019dan yola \u00e7\u0131karak Kuzey Ak\u0131m 2\u2019nin var\u0131\u015f noktas\u0131 olan Greifswald\u2019a ilerleyecek. Rallinin Rusya aya\u011f\u0131nda ise T\u00fcrkAk\u0131m\u2019\u0131n ba\u015flang\u0131\u00e7 noktas\u0131 olan Russkaya\u2019dan Kuzey Ak\u0131m\u2019\u0131n ba\u015flang\u0131\u00e7 noktas\u0131 olan St. Petersburg\u2019a gidilecek. Her iki rallinin kat\u0131l\u0131mc\u0131lar\u0131n\u0131n kapan\u0131\u015f t\u00f6reni i\u00e7in bir araya gelece\u011fi St. Petersburg Uluslararas\u0131 Do\u011falgaz Formu\u2019nda do\u011falgaz\u0131n ta\u015f\u0131mac\u0131l\u0131kta kullan\u0131m\u0131na ili\u015fkin \u00f6zel bir oturum d\u00fczenlenecek. Mavi Koridor 2019 Rallisi\u2019nin Avrupa aya\u011f\u0131 i\u00e7in \u0130stanbul, Belgrad, Zagreb, Ljubljana, Milano, Br\u00fcksel, Viyana, Zwickau, Berlin, Greifswald ve St. Petersburg\u2019ta yuvarlak masa ve bas\u0131n toplant\u0131lar\u0131 planlan\u0131yor. \u0130stanbul\u2019da ba\u015flayan ralli, 20 Eyl\u00fcl\u2019de Greifswald\u2019a ula\u015facak.<\/p>\n","protected":false},"excerpt":{"rendered":"<p>ENERJ\u0130 \u015e\u0130RKETLER\u0130 GAZPROM VE UN\u0130PER ORTAKLI\u011eINDA 2008&#8217;DEN BER\u0130 D\u00dcZENLENEN MAV\u0130 KOR\u0130DOR 2019 RALL\u0130S\u0130, T\u00dcRKAKIM DO\u011eAL GAZ BORU HATTI PROJES\u0130&#8217;N\u0130N YIL SONUNDA TAMAMLANACAK OLMASI NEDEN\u0130YLE \u0130LK KEZ \u0130STANBUL&#8217;DAN YOLA \u00c7IKTI.<\/p>\n","protected":false},"author":1,"featured_media":197506,"comment_status":"closed","ping_status":"open","sticky":false,"template":"","format":"standard","meta":{"jetpack_post_was_ever_published":false,"_jetpack_newsletter_access":"","_jetpack_dont_email_post_to_subs":false,"_jetpack_newsletter_tier_id":0,"_jetpack_memberships_contains_paywalled_content":false,"_jetpack_memberships_contains_paid_content":false,"footnotes":"","jetpack_publicize_message":"","jetpack_publicize_feature_enabled":true,"jetpack_social_post_already_shared":true,"jetpack_social_options":{"image_generator_settings":{"template":"highway","default_image_id":0,"font":"","enabled":false},"version":2}},"categories":[1],"tags":[2705,1075,1922,49636,5187,22888,6914],"class_list":["post-197505","post","type-post","status-publish","format-standard","has-post-thumbnail","hentry","category-genel","tag-2705","tag-aldi","tag-istanbuldan","tag-koridor","tag-mavi","tag-rallisi","tag-start"],"jetpack_publicize_connections":[],"jetpack_featured_media_url":"https:\/\/i0.wp.com\/www.tvturk.com\/wp-content\/uploads\/2019\/08\/mavi-koridor-2019-rallisi-istanbuldan-start-aldi_2f557b0.jpg?fit=1000%2C666","jetpack_sharing_enabled":true,"jetpack_shortlink":"https:\/\/wp.me\/paKIfm-Pnz","_links":{"self":[{"href":"http:\/\/www.tvturk.com\/index.php\/wp-json\/wp\/v2\/posts\/197505","targetHints":{"allow":["GET"]}}],"collection":[{"href":"http:\/\/www.tvturk.com\/index.php\/wp-json\/wp\/v2\/posts"}],"about":[{"href":"http:\/\/www.tvturk.com\/index.php\/wp-json\/wp\/v2\/types\/post"}],"author":[{"embeddable":true,"href":"http:\/\/www.tvturk.com\/index.php\/wp-json\/wp\/v2\/users\/1"}],"replies":[{"embeddable":true,"href":"http:\/\/www.tvturk.com\/index.php\/wp-json\/wp\/v2\/comments?post=197505"}],"version-history":[{"count":0,"href":"http:\/\/www.tvturk.com\/index.php\/wp-json\/wp\/v2\/posts\/197505\/revisions"}],"wp:featuredmedia":[{"embeddable":true,"href":"http:\/\/www.tvturk.com\/index.php\/wp-json\/wp\/v2\/media\/197506"}],"wp:attachment":[{"href":"http:\/\/www.tvturk.com\/index.php\/wp-json\/wp\/v2\/media?parent=197505"}],"wp:term":[{"taxonomy":"category","embeddable":true,"href":"http:\/\/www.tvturk.com\/index.php\/wp-json\/wp\/v2\/categories?post=197505"},{"taxonomy":"post_tag","embeddable":true,"href":"http:\/\/www.tvturk.com\/index.php\/wp-json\/wp\/v2\/tags?post=197505"}],"curies":[{"name":"wp","href":"https:\/\/api.w.org\/{rel}","templated":true}]}}