{"id":197527,"date":"2019-08-29T15:47:44","date_gmt":"2019-08-29T12:47:44","guid":{"rendered":"http:\/\/www.tvturk.com\/index.php\/suhutta-zafer-haftasi-etkinlikleri-konserlerle-devam-ediyor\/"},"modified":"2019-08-29T15:47:44","modified_gmt":"2019-08-29T12:47:44","slug":"suhutta-zafer-haftasi-etkinlikleri-konserlerle-devam-ediyor","status":"publish","type":"post","link":"http:\/\/www.tvturk.com\/index.php\/suhutta-zafer-haftasi-etkinlikleri-konserlerle-devam-ediyor\/","title":{"rendered":"\u015euhut\u2019ta Zafer Haftas\u0131 etkinlikleri konserlerle devam ediyor"},"content":{"rendered":"<p>Afyonkarahisar\u2019\u0131n \u015euhut il\u00e7esinde Zafer Haftas\u0131 etkinlikleri kapsam\u0131nda Ramazan \u00c7elik\u2019in sahne ald\u0131\u011f\u0131 konserde \u015euhutlu vatanda\u015flar doyas\u0131ya e\u011flendi.<\/p>\n<p>\u015euhut \u015eehir Stadyumunda d\u00fczenlenen konsere, \u015euhut Kaymakam\u0131 Nurullah Kaya, \u015euhut Belediye Ba\u015fkan\u0131 Recep Bozkurt, \u015euhut \u0130l\u00e7e Emniyet M\u00fcd\u00fcr\u00fc Ayhan Ala\u00e7am, \u015euhut \u0130l\u00e7e Jandarma Komutan\u0131 Te\u011fmen Hasan Yass\u0131kaya, protokol \u00fcyeleri ile birlikte binlerce vatanda\u015f kat\u0131ld\u0131.<\/p>\n<p>Konser ba\u015flamadan \u00f6nce eskiden k\u00f6y odalar\u0131nda oynanan \u00e7e\u015fitli oyunlar e\u011flenceli dakikalara sahne oldu. Vatanda\u015flar\u0131n yo\u011fun ilgisini \u00e7eken eskiden k\u00f6y odalar\u0131nda oynanan \u00e7e\u015fitli oyunlar kat\u0131l\u0131mc\u0131lar\u0131n \u00e7eki\u015fmeli anlar\u0131na neden oldu.<\/p>\n<p>K\u00f6y odalar\u0131nda oynanan oyunlar\u0131n\u0131n ard\u0131ndan ses sanat\u00e7\u0131s\u0131 Ramazan \u00c7elik sahne alarak kat\u0131l\u0131mc\u0131lara oyun havas\u0131 e\u015fli\u011finde e\u011flenceli dakikalar ya\u015fatt\u0131. Sahneden a\u015fa\u011f\u0131 inen \u00c7elik vatanda\u015flarla beraber hat\u0131ra foto\u011fraflar\u0131 \u00e7ektirerek birbirinden g\u00fczel bestelerini kat\u0131l\u0131mc\u0131lar i\u00e7in s\u00f6yledi.<\/p>\n<p>\u015euhut Belediye Ba\u015fkan\u0131 Recep Bozkurt taraf\u0131ndan ses sanat\u00e7\u0131s\u0131 Ramazan \u00c7elik\u2019e plaket takdim edildi.<\/p>\n","protected":false},"excerpt":{"rendered":"<p>AFYONKARAH\u0130SAR&#8217;IN \u015eUHUT \u0130L\u00c7ES\u0130NDE ZAFER HAFTASI ETK\u0130NL\u0130KLER\u0130 KAPSAMINDA RAMAZAN \u00c7EL\u0130K&#8217;\u0130N SAHNE ALDI\u011eI KONSERDE \u015eUHUT&#8217;LU VATANDA\u015eLAR DOYASIYA E\u011eLEND\u0130.<\/p>\n","protected":false},"author":1,"featured_media":197528,"comment_status":"closed","ping_status":"open","sticky":false,"template":"","format":"standard","meta":{"jetpack_post_was_ever_published":false,"_jetpack_newsletter_access":"","_jetpack_dont_email_post_to_subs":false,"_jetpack_newsletter_tier_id":0,"_jetpack_memberships_contains_paywalled_content":false,"_jetpack_memberships_contains_paid_content":false,"footnotes":"","jetpack_publicize_message":"","jetpack_publicize_feature_enabled":true,"jetpack_social_post_already_shared":true,"jetpack_social_options":{"image_generator_settings":{"template":"highway","default_image_id":0,"font":"","enabled":false},"version":2}},"categories":[656],"tags":[522,523,2129,7490,49640,9635,1868],"class_list":["post-197527","post","type-post","status-publish","format-standard","has-post-thumbnail","hentry","category-kultur-sanat","tag-devam","tag-ediyor","tag-etkinlikleri","tag-haftasi","tag-konserlerle","tag-suhutta","tag-zafer"],"jetpack_publicize_connections":[],"jetpack_featured_media_url":"https:\/\/i0.wp.com\/www.tvturk.com\/wp-content\/uploads\/2019\/08\/suhutta-zafer-haftasi-etkinlikleri-konserlerle-devam-ediyor_68ce890.jpg?fit=1000%2C666","jetpack_sharing_enabled":true,"jetpack_shortlink":"https:\/\/wp.me\/paKIfm-PnV","_links":{"self":[{"href":"http:\/\/www.tvturk.com\/index.php\/wp-json\/wp\/v2\/posts\/197527","targetHints":{"allow":["GET"]}}],"collection":[{"href":"http:\/\/www.tvturk.com\/index.php\/wp-json\/wp\/v2\/posts"}],"about":[{"href":"http:\/\/www.tvturk.com\/index.php\/wp-json\/wp\/v2\/types\/post"}],"author":[{"embeddable":true,"href":"http:\/\/www.tvturk.com\/index.php\/wp-json\/wp\/v2\/users\/1"}],"replies":[{"embeddable":true,"href":"http:\/\/www.tvturk.com\/index.php\/wp-json\/wp\/v2\/comments?post=197527"}],"version-history":[{"count":0,"href":"http:\/\/www.tvturk.com\/index.php\/wp-json\/wp\/v2\/posts\/197527\/revisions"}],"wp:featuredmedia":[{"embeddable":true,"href":"http:\/\/www.tvturk.com\/index.php\/wp-json\/wp\/v2\/media\/197528"}],"wp:attachment":[{"href":"http:\/\/www.tvturk.com\/index.php\/wp-json\/wp\/v2\/media?parent=197527"}],"wp:term":[{"taxonomy":"category","embeddable":true,"href":"http:\/\/www.tvturk.com\/index.php\/wp-json\/wp\/v2\/categories?post=197527"},{"taxonomy":"post_tag","embeddable":true,"href":"http:\/\/www.tvturk.com\/index.php\/wp-json\/wp\/v2\/tags?post=197527"}],"curies":[{"name":"wp","href":"https:\/\/api.w.org\/{rel}","templated":true}]}}