{"id":197551,"date":"2019-08-29T16:31:53","date_gmt":"2019-08-29T13:31:53","guid":{"rendered":"http:\/\/www.tvturk.com\/index.php\/cumhurbaskani-erdogan-sule-yuksel-senlerin-isminin-yasatilacagi-muzeyi-gezdi\/"},"modified":"2019-08-29T16:31:53","modified_gmt":"2019-08-29T13:31:53","slug":"cumhurbaskani-erdogan-sule-yuksel-senlerin-isminin-yasatilacagi-muzeyi-gezdi","status":"publish","type":"post","link":"http:\/\/www.tvturk.com\/index.php\/cumhurbaskani-erdogan-sule-yuksel-senlerin-isminin-yasatilacagi-muzeyi-gezdi\/","title":{"rendered":"Cumhurba\u015fkan\u0131 Erdo\u011fan, \u015eule Y\u00fcksel \u015eenler\u2019in isminin ya\u015fat\u0131laca\u011f\u0131 m\u00fczeyi gezdi"},"content":{"rendered":"<p>Cumhurba\u015fkan\u0131 Recep Tayyip Erdo\u011fan ile e\u015fi Emine Erdo\u011fan, m\u00fcze ve k\u00fct\u00fcphaneye \u00e7evrilerek gazeteci-yazar \u015eule Y\u00fcksel \u015eenler\u2019in isminin verilece\u011fi binada incelemelerde bulundu.<\/p>\n<p>Cumhurba\u015fkan\u0131 Recep Tayyip Erdo\u011fan, e\u015fi Emine Erdo\u011fan ile birlikte Ey\u00fcpsultan\u2019da gazeteci-yazar \u015eule Y\u00fcksel \u015eenler\u2019in cenaze t\u00f6renine kat\u0131ld\u0131. T\u00f6rende konu\u015fan Erdo\u011fan, \u015eenler\u2019in isminin bir m\u00fcze ve k\u00fct\u00fcphanede ya\u015fat\u0131laca\u011f\u0131n\u0131 s\u00f6yledi. Cenaze namaz\u0131n\u0131n ard\u0131ndan camiden ayr\u0131lan Erdo\u011fan, Ey\u00fcpsultan\u2019da \u0130lim Yayma Cemiyeti taraf\u0131ndan kullan\u0131lan ve yak\u0131n zamanda \u015eule Y\u00fcksel \u015eenler ad\u0131na m\u00fcze ve k\u00fct\u00fcphaneye d\u00f6n\u00fc\u015ft\u00fcr\u00fclmesi planlanan binay\u0131 gezdi. Erdo\u011fan, incelemelerinin ard\u0131ndan binadan ayr\u0131ld\u0131<\/p>\n","protected":false},"excerpt":{"rendered":"<p>CUMHURBA\u015eKANI RECEP TAYY\u0130P ERDO\u011eAN \u0130LE E\u015e\u0130 EM\u0130NE ERDO\u011eAN, M\u00dcZE VE K\u00dcT\u00dcPHANEYE \u00c7EVR\u0130LEREK GAZETEC\u0130-YAZAR \u015eULE Y\u00dcKSEL \u015eENLER&#8217;\u0130N \u0130SM\u0130N\u0130N VER\u0130LECE\u011e\u0130 B\u0130NADA \u0130NCELEMELERDE BULUNDU.<\/p>\n","protected":false},"author":1,"featured_media":197552,"comment_status":"closed","ping_status":"open","sticky":false,"template":"","format":"standard","meta":{"jetpack_post_was_ever_published":false,"_jetpack_newsletter_access":"","_jetpack_dont_email_post_to_subs":false,"_jetpack_newsletter_tier_id":0,"_jetpack_memberships_contains_paywalled_content":false,"_jetpack_memberships_contains_paid_content":false,"footnotes":"","jetpack_publicize_message":"","jetpack_publicize_feature_enabled":true,"jetpack_social_post_already_shared":true,"jetpack_social_options":{"image_generator_settings":{"template":"highway","default_image_id":0,"font":"","enabled":false},"version":2}},"categories":[1],"tags":[503,649,2228,25865,49654,49652,5515,49653,425],"class_list":["post-197551","post","type-post","status-publish","format-standard","has-post-thumbnail","hentry","category-genel","tag-cumhurbaskani","tag-erdogan","tag-gezdi","tag-isminin","tag-muzeyi","tag-senlerin","tag-sule","tag-yasatilacagi","tag-yuksel"],"jetpack_publicize_connections":[],"jetpack_featured_media_url":"https:\/\/i0.wp.com\/www.tvturk.com\/wp-content\/uploads\/2019\/08\/cumhurbaskani-erdogan-sule-yuksel-senlerin-isminin-yasatilacagi-muzeyi-gezdi_896df61.jpg?fit=1000%2C682","jetpack_sharing_enabled":true,"jetpack_shortlink":"https:\/\/wp.me\/paKIfm-Poj","_links":{"self":[{"href":"http:\/\/www.tvturk.com\/index.php\/wp-json\/wp\/v2\/posts\/197551","targetHints":{"allow":["GET"]}}],"collection":[{"href":"http:\/\/www.tvturk.com\/index.php\/wp-json\/wp\/v2\/posts"}],"about":[{"href":"http:\/\/www.tvturk.com\/index.php\/wp-json\/wp\/v2\/types\/post"}],"author":[{"embeddable":true,"href":"http:\/\/www.tvturk.com\/index.php\/wp-json\/wp\/v2\/users\/1"}],"replies":[{"embeddable":true,"href":"http:\/\/www.tvturk.com\/index.php\/wp-json\/wp\/v2\/comments?post=197551"}],"version-history":[{"count":0,"href":"http:\/\/www.tvturk.com\/index.php\/wp-json\/wp\/v2\/posts\/197551\/revisions"}],"wp:featuredmedia":[{"embeddable":true,"href":"http:\/\/www.tvturk.com\/index.php\/wp-json\/wp\/v2\/media\/197552"}],"wp:attachment":[{"href":"http:\/\/www.tvturk.com\/index.php\/wp-json\/wp\/v2\/media?parent=197551"}],"wp:term":[{"taxonomy":"category","embeddable":true,"href":"http:\/\/www.tvturk.com\/index.php\/wp-json\/wp\/v2\/categories?post=197551"},{"taxonomy":"post_tag","embeddable":true,"href":"http:\/\/www.tvturk.com\/index.php\/wp-json\/wp\/v2\/tags?post=197551"}],"curies":[{"name":"wp","href":"https:\/\/api.w.org\/{rel}","templated":true}]}}