{"id":19763,"date":"2019-02-10T22:04:46","date_gmt":"2019-02-10T19:04:46","guid":{"rendered":"http:\/\/www.tvturk.com\/index.php\/ispartada-okulda-cikan-yangin\/"},"modified":"2019-02-10T22:04:48","modified_gmt":"2019-02-10T19:04:48","slug":"ispartada-okulda-cikan-yangin","status":"publish","type":"post","link":"http:\/\/www.tvturk.com\/index.php\/ispartada-okulda-cikan-yangin\/","title":{"rendered":"Isparta\u2019da okulda \u00e7\u0131kan yang\u0131n"},"content":{"rendered":"<p>Isparta\u2019n\u0131n Uluborlu il\u00e7esindeki lisenin kullan\u0131lmayan ek binas\u0131nda \u00e7\u0131kan yang\u0131nda \u00e7at\u0131 k\u0131sm\u0131 tamamen k\u00fcle d\u00f6nerken, olayla ilgili a\u00e7\u0131klama yapan \u0130l Milli E\u011fitim M\u00fcd\u00fcr\u00fc Ahmet Y\u0131ld\u0131r\u0131m, \u201cE\u011fitim ve \u00f6\u011fretim a\u00e7\u0131s\u0131ndan herhangi bir sorun yok, yang\u0131n\u0131n \u00e7\u0131k\u0131\u015f nedeni ara\u015ft\u0131r\u0131l\u0131yor\u201d dedi.<\/p>\n<p>Uluborlu Mesleki ve Teknik Anadolu Lisesi\u2019ndeki kullan\u0131lmayan tek katl\u0131 ek binada ak\u015fam saatlerinde \u00e7\u0131kan yang\u0131n korku dolu anlat ya\u015fatt\u0131. Haber verilmesiyle birlikte olay yerine \u00e7ok say\u0131da itfaiye ekibi sevk edildi. Hen\u00fcz bilinmeyen bir nedenden dolay\u0131 \u00e7\u0131kt\u0131\u011f\u0131 belirtilen yang\u0131na, Uluborlu\u2019dan 2, Senirkent\u2019ten 1 ve Ke\u00e7iborlu\u2019dan 2 olmak \u00fczere toplam 5 itfaiye ekibi m\u00fcdahale etti. Yakla\u015f\u0131k bir bu\u00e7uk saat s\u00fcren \u00e7al\u0131\u015fmalar sonucu kontrol alt\u0131na al\u0131nan yang\u0131nda, okuldaki tek katl\u0131 bo\u015f bina kullan\u0131lamaz hale geldi.<\/p>\n<p>Olayda can kayb\u0131 ya\u015fanmazken, b\u00fcy\u00fck \u00e7apta maddi hasar meydana geldi\u011fi \u00f6\u011frenildi. \u00d6te yandan, yang\u0131n\u0131n \u00e7\u0131k\u0131\u015f nedeni ise ara\u015ft\u0131r\u0131l\u0131yor.<\/p>\n<p>Y\u0131ld\u0131r\u0131m: \u201cHerhangi bir s\u0131k\u0131nt\u0131 yok\u201d<\/p>\n<p>\u00d6te yandan, yang\u0131nla ilgili a\u00e7\u0131klama yapan \u0130l Milli E\u011fitim M\u00fcd\u00fcr\u00fc Dr.Ahmet Y\u0131ld\u0131r\u0131m, \u201cBug\u00fcn saat 18.00 s\u0131ralar\u0131nda Uluborlu il\u00e7emizdeki Mesleki ve Teknik Anadolu Lisesi\u2019nin eski, bo\u015f ve kullan\u0131lmayan b\u00f6l\u00fcm\u00fcndeki \u00e7at\u0131da bilinmeyen bir \u015fekilde yang\u0131n \u00e7\u0131kt\u0131. Yang\u0131n, 19.30 s\u0131ralar\u0131nda tamamen s\u00f6nd\u00fcr\u00fclerek kontrol alt\u0131na al\u0131nd\u0131. Binada \u00f6\u011frenci ve personel bulunmad\u0131\u011f\u0131ndan, herhangi bir risk durumu s\u00f6z konusu de\u011fil. E\u011fitim ve \u00f6\u011fretim a\u00e7\u0131s\u0131ndan da herhangi bir s\u0131k\u0131nt\u0131 yok\u201d dedi.<div class=\"tiled-gallery type-rectangular tiled-gallery-unresized\" data-original-width=\"500\" data-carousel-extra='null' itemscope itemtype=\"http:\/\/schema.org\/ImageGallery\" > <div class=\"gallery-row\" style=\"width: 500px; height: 375px;\" data-original-width=\"500\" data-original-height=\"375\" > <div class=\"gallery-group images-2\" style=\"width: 296px; height: 375px;\" data-original-width=\"296\" data-original-height=\"375\" > <div class=\"tiled-gallery-item tiled-gallery-item-large\" itemprop=\"associatedMedia\" itemscope itemtype=\"http:\/\/schema.org\/ImageObject\"> <a href=\"http:\/\/www.tvturk.com\/index.php\/ispartada-okulda-cikan-yangin\/ispartada-okulda-cikan-yangin-3\/\" border=\"0\" itemprop=\"url\"> <meta itemprop=\"width\" content=\"292\"> <meta itemprop=\"height\" content=\"173\"> <img decoding=\"async\" class=\"\" data-attachment-id=\"19765\" data-orig-file=\"http:\/\/www.tvturk.com\/wp-content\/uploads\/2019\/02\/ispartada-okulda-cikan-yangin_babae15.jpg\" data-orig-size=\"1000,591\" data-comments-opened=\"\" data-image-meta=\"{&quot;aperture&quot;:&quot;0&quot;,&quot;credit&quot;:&quot;IHA&quot;,&quot;camera&quot;:&quot;&quot;,&quot;caption&quot;:&quot;ISPARTA\\u2019NIN ULUBORLU \\u0130L\\u00c7ES\\u0130NDEK\\u0130 L\\u0130SEN\\u0130N KULLANILMAYAN EK B\\u0130NASINDA \\u00c7IKAN YANGINDA \\u00c7ATI KISMI TAMAMEN K\\u00dcLE D\\u00d6NERKEN, KONUYA \\u0130L\\u0130\\u015eK\\u0130N A\\u00c7IKLAMALARDA BULUNAN \\u0130L M\\u0130LL\\u0130 E\\u011e\\u0130T\\u0130M M\\u00dcD\\u00dcR\\u00dc DR.AHMET YILDIRIM, \\u201cE\\u011e\\u0130T\\u0130M VE \\u00d6\\u011eRET\\u0130M A\\u00c7ISINDAN HERHANG\\u0130 B\\u0130R SORUN YOK, YANGININ \\u00c7IKI\\u015e NEDEN\\u0130 ARA\\u015eTIRILIYOR\\u201d DED\\u0130. (FET\\u0130 KILI\\u00c7\\\/ISPARTA-\\u0130HA)&quot;,&quot;created_timestamp&quot;:&quot;0&quot;,&quot;copyright&quot;:&quot;\\u0130HLAS HABER AJANSI, www.iha.com.tr&quot;,&quot;focal_length&quot;:&quot;0&quot;,&quot;iso&quot;:&quot;0&quot;,&quot;shutter_speed&quot;:&quot;0&quot;,&quot;title&quot;:&quot;ISPARTA\\u2019DA OKULDA \\u00c7IKAN YANGIN ISPARTA M\\u0130LL\\u0130 E\\u011e\\u0130T\\u0130M M\\u00dcD\\u00dcR\\u00dc DR.AHMET YILDIRIM: \\u201cE\\u011e\\u0130T\\u0130M VE \\u00d6\\u011eRET\\u0130M A\\u00c7ISINDAN HERHANG\\u0130 B\\u0130R SORUN YOK\\u201d&quot;,&quot;orientation&quot;:&quot;0&quot;}\" data-image-title=\"Isparta\u2019da okulda \u00e7\u0131kan yang\u0131n\" data-image-description=\"&lt;p&gt;Isparta\u2019da okulda \u00e7\u0131kan yang\u0131n&lt;\/p&gt; \" data-medium-file=\"https:\/\/i0.wp.com\/www.tvturk.com\/wp-content\/uploads\/2019\/02\/ispartada-okulda-cikan-yangin_babae15.jpg?fit=300%2C177\" data-large-file=\"https:\/\/i0.wp.com\/www.tvturk.com\/wp-content\/uploads\/2019\/02\/ispartada-okulda-cikan-yangin_babae15.jpg?fit=1000%2C591\" src=\"https:\/\/i0.wp.com\/www.tvturk.com\/wp-content\/uploads\/2019\/02\/ispartada-okulda-cikan-yangin_babae15.jpg?w=292&#038;h=173\" srcset=\"https:\/\/i0.wp.com\/www.tvturk.com\/wp-content\/uploads\/2019\/02\/ispartada-okulda-cikan-yangin_babae15.jpg?w=1000 1000w, https:\/\/i0.wp.com\/www.tvturk.com\/wp-content\/uploads\/2019\/02\/ispartada-okulda-cikan-yangin_babae15.jpg?resize=150%2C89 150w, https:\/\/i0.wp.com\/www.tvturk.com\/wp-content\/uploads\/2019\/02\/ispartada-okulda-cikan-yangin_babae15.jpg?resize=300%2C177 300w, https:\/\/i0.wp.com\/www.tvturk.com\/wp-content\/uploads\/2019\/02\/ispartada-okulda-cikan-yangin_babae15.jpg?resize=768%2C454 768w\" width=\"292\" height=\"173\" loading=\"lazy\" data-original-width=\"292\" data-original-height=\"173\" itemprop=\"http:\/\/schema.org\/image\" title=\"Isparta\u2019da okulda \u00e7\u0131kan yang\u0131n\" alt=\"Isparta\u2019da okulda \u00e7\u0131kan yang\u0131n\" style=\"width: 292px; height: 173px;\" \/> <\/a> <\/div> <div class=\"tiled-gallery-item tiled-gallery-item-large\" itemprop=\"associatedMedia\" itemscope itemtype=\"http:\/\/schema.org\/ImageObject\"> <a href=\"http:\/\/www.tvturk.com\/index.php\/ispartada-okulda-cikan-yangin\/ispartada-okulda-cikan-yangin-4\/\" border=\"0\" itemprop=\"url\"> <meta itemprop=\"width\" content=\"292\"> <meta itemprop=\"height\" content=\"194\"> <img decoding=\"async\" class=\"\" data-attachment-id=\"19766\" data-orig-file=\"http:\/\/www.tvturk.com\/wp-content\/uploads\/2019\/02\/ispartada-okulda-cikan-yangin_7ee3d8e.jpg\" data-orig-size=\"1000,666\" data-comments-opened=\"\" data-image-meta=\"{&quot;aperture&quot;:&quot;0&quot;,&quot;credit&quot;:&quot;IHA&quot;,&quot;camera&quot;:&quot;&quot;,&quot;caption&quot;:&quot;ISPARTA\\u2019NIN ULUBORLU \\u0130L\\u00c7ES\\u0130NDEK\\u0130 L\\u0130SEN\\u0130N KULLANILMAYAN EK B\\u0130NASINDA \\u00c7IKAN YANGINDA \\u00c7ATI KISMI TAMAMEN K\\u00dcLE D\\u00d6NERKEN, KONUYA \\u0130L\\u0130\\u015eK\\u0130N A\\u00c7IKLAMALARDA BULUNAN \\u0130L M\\u0130LL\\u0130 E\\u011e\\u0130T\\u0130M M\\u00dcD\\u00dcR\\u00dc DR.AHMET YILDIRIM, \\u201cE\\u011e\\u0130T\\u0130M VE \\u00d6\\u011eRET\\u0130M A\\u00c7ISINDAN HERHANG\\u0130 B\\u0130R SORUN YOK, YANGININ \\u00c7IKI\\u015e NEDEN\\u0130 ARA\\u015eTIRILIYOR\\u201d DED\\u0130. (FET\\u0130 KILI\\u00c7\\\/ISPARTA-\\u0130HA)&quot;,&quot;created_timestamp&quot;:&quot;0&quot;,&quot;copyright&quot;:&quot;\\u0130HLAS HABER AJANSI, www.iha.com.tr&quot;,&quot;focal_length&quot;:&quot;0&quot;,&quot;iso&quot;:&quot;0&quot;,&quot;shutter_speed&quot;:&quot;0&quot;,&quot;title&quot;:&quot;ISPARTA\\u2019DA OKULDA \\u00c7IKAN YANGIN ISPARTA M\\u0130LL\\u0130 E\\u011e\\u0130T\\u0130M M\\u00dcD\\u00dcR\\u00dc DR.AHMET YILDIRIM: \\u201cE\\u011e\\u0130T\\u0130M VE \\u00d6\\u011eRET\\u0130M A\\u00c7ISINDAN HERHANG\\u0130 B\\u0130R SORUN YOK\\u201d&quot;,&quot;orientation&quot;:&quot;0&quot;}\" data-image-title=\"Isparta\u2019da okulda \u00e7\u0131kan yang\u0131n\" data-image-description=\"&lt;p&gt;Isparta\u2019da okulda \u00e7\u0131kan yang\u0131n&lt;\/p&gt; \" data-medium-file=\"https:\/\/i0.wp.com\/www.tvturk.com\/wp-content\/uploads\/2019\/02\/ispartada-okulda-cikan-yangin_7ee3d8e.jpg?fit=300%2C200\" data-large-file=\"https:\/\/i0.wp.com\/www.tvturk.com\/wp-content\/uploads\/2019\/02\/ispartada-okulda-cikan-yangin_7ee3d8e.jpg?fit=1000%2C666\" src=\"https:\/\/i0.wp.com\/www.tvturk.com\/wp-content\/uploads\/2019\/02\/ispartada-okulda-cikan-yangin_7ee3d8e.jpg?w=292&#038;h=194\" srcset=\"https:\/\/i0.wp.com\/www.tvturk.com\/wp-content\/uploads\/2019\/02\/ispartada-okulda-cikan-yangin_7ee3d8e.jpg?w=1000 1000w, https:\/\/i0.wp.com\/www.tvturk.com\/wp-content\/uploads\/2019\/02\/ispartada-okulda-cikan-yangin_7ee3d8e.jpg?resize=150%2C100 150w, https:\/\/i0.wp.com\/www.tvturk.com\/wp-content\/uploads\/2019\/02\/ispartada-okulda-cikan-yangin_7ee3d8e.jpg?resize=300%2C200 300w, https:\/\/i0.wp.com\/www.tvturk.com\/wp-content\/uploads\/2019\/02\/ispartada-okulda-cikan-yangin_7ee3d8e.jpg?resize=768%2C511 768w, https:\/\/i0.wp.com\/www.tvturk.com\/wp-content\/uploads\/2019\/02\/ispartada-okulda-cikan-yangin_7ee3d8e.jpg?resize=170%2C113 170w, https:\/\/i0.wp.com\/www.tvturk.com\/wp-content\/uploads\/2019\/02\/ispartada-okulda-cikan-yangin_7ee3d8e.jpg?resize=120%2C80 120w\" width=\"292\" height=\"194\" loading=\"lazy\" data-original-width=\"292\" data-original-height=\"194\" itemprop=\"http:\/\/schema.org\/image\" title=\"Isparta\u2019da okulda \u00e7\u0131kan yang\u0131n\" alt=\"Isparta\u2019da okulda \u00e7\u0131kan yang\u0131n\" style=\"width: 292px; height: 194px;\" \/> <\/a> <\/div> <\/div> <!-- close group --> <div class=\"gallery-group images-1\" style=\"width: 204px; height: 375px;\" data-original-width=\"204\" data-original-height=\"375\" > <div class=\"tiled-gallery-item tiled-gallery-item-small\" itemprop=\"associatedMedia\" itemscope itemtype=\"http:\/\/schema.org\/ImageObject\"> <a href=\"http:\/\/www.tvturk.com\/index.php\/ispartada-okulda-cikan-yangin\/ispartada-okulda-cikan-yangin-5\/\" border=\"0\" itemprop=\"url\"> <meta itemprop=\"width\" content=\"200\"> <meta itemprop=\"height\" content=\"371\"> <img decoding=\"async\" class=\"\" data-attachment-id=\"19767\" data-orig-file=\"http:\/\/www.tvturk.com\/wp-content\/uploads\/2019\/02\/ispartada-okulda-cikan-yangin_c85504c.jpg\" data-orig-size=\"413,768\" data-comments-opened=\"\" data-image-meta=\"{&quot;aperture&quot;:&quot;0&quot;,&quot;credit&quot;:&quot;IHA&quot;,&quot;camera&quot;:&quot;&quot;,&quot;caption&quot;:&quot;AW619278&quot;,&quot;created_timestamp&quot;:&quot;1549836180&quot;,&quot;copyright&quot;:&quot;\\u0130HLAS HABER AJANSI, www.iha.com.tr&quot;,&quot;focal_length&quot;:&quot;0&quot;,&quot;iso&quot;:&quot;0&quot;,&quot;shutter_speed&quot;:&quot;0&quot;,&quot;title&quot;:&quot;AW619278&quot;,&quot;orientation&quot;:&quot;1&quot;}\" data-image-title=\"Isparta\u2019da okulda \u00e7\u0131kan yang\u0131n\" data-image-description=\"&lt;p&gt;Isparta\u2019da okulda \u00e7\u0131kan yang\u0131n&lt;\/p&gt; \" data-medium-file=\"https:\/\/i0.wp.com\/www.tvturk.com\/wp-content\/uploads\/2019\/02\/ispartada-okulda-cikan-yangin_c85504c.jpg?fit=161%2C300\" data-large-file=\"https:\/\/i0.wp.com\/www.tvturk.com\/wp-content\/uploads\/2019\/02\/ispartada-okulda-cikan-yangin_c85504c.jpg?fit=413%2C768\" src=\"https:\/\/i0.wp.com\/www.tvturk.com\/wp-content\/uploads\/2019\/02\/ispartada-okulda-cikan-yangin_c85504c.jpg?w=200&#038;h=371\" srcset=\"https:\/\/i0.wp.com\/www.tvturk.com\/wp-content\/uploads\/2019\/02\/ispartada-okulda-cikan-yangin_c85504c.jpg?w=413 413w, https:\/\/i0.wp.com\/www.tvturk.com\/wp-content\/uploads\/2019\/02\/ispartada-okulda-cikan-yangin_c85504c.jpg?resize=81%2C150 81w, https:\/\/i0.wp.com\/www.tvturk.com\/wp-content\/uploads\/2019\/02\/ispartada-okulda-cikan-yangin_c85504c.jpg?resize=161%2C300 161w\" width=\"200\" height=\"371\" loading=\"lazy\" data-original-width=\"200\" data-original-height=\"371\" itemprop=\"http:\/\/schema.org\/image\" title=\"Isparta\u2019da okulda \u00e7\u0131kan yang\u0131n\" alt=\"Isparta\u2019da okulda \u00e7\u0131kan yang\u0131n\" style=\"width: 200px; height: 371px;\" \/> <\/a> <\/div> <\/div> <!-- close group --> <\/div> <!-- close row --> <\/div><\/p>\n","protected":false},"excerpt":{"rendered":"<p>ISPARTA\u2019NIN ULUBORLU \u0130L\u00c7ES\u0130NDEK\u0130 L\u0130SEN\u0130N KULLANILMAYAN EK B\u0130NASINDA \u00c7IKAN YANGINDA \u00c7ATI KISMI TAMAMEN K\u00dcLE D\u00d6NERKEN, KONUYA \u0130L\u0130\u015eK\u0130N A\u00c7IKLAMALARDA BULUNAN \u0130L M\u0130LL\u0130 E\u011e\u0130T\u0130M M\u00dcD\u00dcR\u00dc DR.AHMET YILDIRIM, \u201cE\u011e\u0130T\u0130M VE \u00d6\u011eRET\u0130M A\u00c7ISINDAN HERHANG\u0130 B\u0130R SORUN YOK, YANGININ \u00c7IKI\u015e NEDEN\u0130 ARA\u015eTIRILIYOR\u201d DED\u0130.<\/p>\n","protected":false},"author":1,"featured_media":19764,"comment_status":"closed","ping_status":"open","sticky":false,"template":"","format":"standard","meta":{"jetpack_post_was_ever_published":false,"_jetpack_newsletter_access":"","_jetpack_dont_email_post_to_subs":false,"_jetpack_newsletter_tier_id":0,"_jetpack_memberships_contains_paywalled_content":false,"_jetpack_memberships_contains_paid_content":false,"footnotes":"","jetpack_publicize_message":"","jetpack_publicize_feature_enabled":true,"jetpack_social_post_already_shared":false,"jetpack_social_options":{"image_generator_settings":{"template":"highway","default_image_id":0,"font":"","enabled":false},"version":2}},"categories":[655],"tags":[2114,5679,8737,1617],"class_list":["post-19763","post","type-post","status-publish","format-standard","has-post-thumbnail","hentry","category-son-dakika","tag-cikan","tag-ispartada","tag-okulda","tag-yangin"],"jetpack_publicize_connections":[],"jetpack_featured_media_url":"https:\/\/i0.wp.com\/www.tvturk.com\/wp-content\/uploads\/2019\/02\/ispartada-okulda-cikan-yangin_07221af.jpg?fit=1000%2C562","jetpack_sharing_enabled":true,"jetpack_shortlink":"https:\/\/wp.me\/paKIfm-58L","_links":{"self":[{"href":"http:\/\/www.tvturk.com\/index.php\/wp-json\/wp\/v2\/posts\/19763","targetHints":{"allow":["GET"]}}],"collection":[{"href":"http:\/\/www.tvturk.com\/index.php\/wp-json\/wp\/v2\/posts"}],"about":[{"href":"http:\/\/www.tvturk.com\/index.php\/wp-json\/wp\/v2\/types\/post"}],"author":[{"embeddable":true,"href":"http:\/\/www.tvturk.com\/index.php\/wp-json\/wp\/v2\/users\/1"}],"replies":[{"embeddable":true,"href":"http:\/\/www.tvturk.com\/index.php\/wp-json\/wp\/v2\/comments?post=19763"}],"version-history":[{"count":1,"href":"http:\/\/www.tvturk.com\/index.php\/wp-json\/wp\/v2\/posts\/19763\/revisions"}],"predecessor-version":[{"id":19768,"href":"http:\/\/www.tvturk.com\/index.php\/wp-json\/wp\/v2\/posts\/19763\/revisions\/19768"}],"wp:featuredmedia":[{"embeddable":true,"href":"http:\/\/www.tvturk.com\/index.php\/wp-json\/wp\/v2\/media\/19764"}],"wp:attachment":[{"href":"http:\/\/www.tvturk.com\/index.php\/wp-json\/wp\/v2\/media?parent=19763"}],"wp:term":[{"taxonomy":"category","embeddable":true,"href":"http:\/\/www.tvturk.com\/index.php\/wp-json\/wp\/v2\/categories?post=19763"},{"taxonomy":"post_tag","embeddable":true,"href":"http:\/\/www.tvturk.com\/index.php\/wp-json\/wp\/v2\/tags?post=19763"}],"curies":[{"name":"wp","href":"https:\/\/api.w.org\/{rel}","templated":true}]}}