{"id":197633,"date":"2019-08-29T19:16:32","date_gmt":"2019-08-29T16:16:32","guid":{"rendered":"http:\/\/www.tvturk.com\/index.php\/temizlik-halkasi-genisliyor\/"},"modified":"2019-08-29T19:16:32","modified_gmt":"2019-08-29T16:16:32","slug":"temizlik-halkasi-genisliyor","status":"publish","type":"post","link":"http:\/\/www.tvturk.com\/index.php\/temizlik-halkasi-genisliyor\/","title":{"rendered":"Temizlik halkas\u0131 geni\u015fliyor"},"content":{"rendered":"<p>Bursa\u2019n\u0131n \u0130neg\u00f6l il\u00e7esinde mahalle g\u00f6n\u00fcll\u00fcleri Hastane Mezarl\u0131\u011f\u0131 arkas\u0131n\u0131 temizledi.<\/p>\n<p>\u0130neg\u00f6l Belediyesi\u2019nin mahalle g\u00f6n\u00fcll\u00fcleri toplant\u0131s\u0131nda ba\u015flatt\u0131\u011f\u0131 projeye destekler devam ediyor. Toplant\u0131da T\u00fcgva\u2019n\u0131n temizlik projesine Dareyn Gen\u00e7lik Derne\u011fi kar\u015f\u0131l\u0131k vermi\u015f, ard\u0131nda da Yedi Hilal Derne\u011fi bu fark\u0131ndal\u0131k hareketine kat\u0131lm\u0131\u015ft\u0131. Bug\u00fcn Belediye Ba\u015fkan\u0131 Alper Taban ve beraberindeki heyet, Yedi Hilal Derne\u011fi \u00f6\u011frencileri ile birlikte temizlik yapt\u0131. Temizlik \u00e7al\u0131\u015fmas\u0131n\u0131n ard\u0131ndan konu\u015fma yapan Ba\u015fkan Taban, Yedi Hilal Derne\u011fi ba\u015fkan ve y\u00f6neticilerine, temizli\u011fe kat\u0131lan \u00f6\u011frencilere te\u015fekk\u00fcrlerini sundu.<\/p>\n<p>Alper Taban, \u201cBir ba\u015fkas\u0131n\u0131n kirletmi\u015f oldu\u011fu bir alan\u0131 temizledik. Bu b\u00fcy\u00fck bir hassasiyet hareketi. Kirletmek gibi bir hakk\u0131m\u0131z yok. Ya\u015fad\u0131\u011f\u0131m\u0131z \u015fehir evimiz gibi, evimizi temiz tuttu\u011fumuz gibi \u015fehrimizi de temiz tutmal\u0131y\u0131z. Yak\u0131n\u0131m\u0131zda \u00e7\u00f6p kovas\u0131 olmasa dahi sokaklar\u0131, ya\u015fad\u0131\u011f\u0131m\u0131z \u015fehri kirletme gibi bir hakk\u0131m\u0131z yok. Sigara izmaritlerini, su \u015fi\u015felerini, pe\u00e7eteleri l\u00fctfen sokaklara atmayal\u0131m. Bu \u015fehir Allah\u2019\u0131n izniyle \u00f6rnek bir \u015fehir olacak. Bu konuda sadece bir uyan\u0131\u015fa ge\u00e7ip, fark\u0131ndal\u0131k olu\u015fturmam\u0131z gerekiyor. Bu koca y\u00fcrekli karde\u015flerimize bu etkinli\u011fe destek verdikleri i\u00e7in can\u0131 y\u00fcrekten te\u015fekk\u00fcr ediyorum. T\u00fcm  l\u00e7e halk\u0131m\u0131zdan bu konuda destek bekliyorum\u201d a\u00e7\u0131klamas\u0131nda bulundu.<\/p>\n","protected":false},"excerpt":{"rendered":"<p>BUG\u00dcN BELED\u0130YE BA\u015eKANI ALPER TABAN VE BERABER\u0130NDEK\u0130 HEYET, YED\u0130 H\u0130LAL DERNE\u011e\u0130 \u00d6\u011eRENC\u0130LER\u0130 \u0130LE B\u0130RL\u0130KTE TEM\u0130ZL\u0130K YAPTI.<\/p>\n","protected":false},"author":1,"featured_media":197634,"comment_status":"closed","ping_status":"open","sticky":false,"template":"","format":"standard","meta":{"jetpack_post_was_ever_published":false,"_jetpack_newsletter_access":"","_jetpack_dont_email_post_to_subs":false,"_jetpack_newsletter_tier_id":0,"_jetpack_memberships_contains_paywalled_content":false,"_jetpack_memberships_contains_paid_content":false,"footnotes":"","jetpack_publicize_message":"","jetpack_publicize_feature_enabled":true,"jetpack_social_post_already_shared":true,"jetpack_social_options":{"image_generator_settings":{"template":"highway","default_image_id":0,"font":"","enabled":false},"version":2}},"categories":[1],"tags":[16437,49669,4285],"class_list":["post-197633","post","type-post","status-publish","format-standard","has-post-thumbnail","hentry","category-genel","tag-genisliyor","tag-halkasi","tag-temizlik"],"jetpack_publicize_connections":[],"jetpack_featured_media_url":"https:\/\/i0.wp.com\/www.tvturk.com\/wp-content\/uploads\/2019\/08\/temizlik-halkasi-genisliyor_dcbf8c6.jpg?fit=907%2C768","jetpack_sharing_enabled":true,"jetpack_shortlink":"https:\/\/wp.me\/paKIfm-PpD","_links":{"self":[{"href":"http:\/\/www.tvturk.com\/index.php\/wp-json\/wp\/v2\/posts\/197633","targetHints":{"allow":["GET"]}}],"collection":[{"href":"http:\/\/www.tvturk.com\/index.php\/wp-json\/wp\/v2\/posts"}],"about":[{"href":"http:\/\/www.tvturk.com\/index.php\/wp-json\/wp\/v2\/types\/post"}],"author":[{"embeddable":true,"href":"http:\/\/www.tvturk.com\/index.php\/wp-json\/wp\/v2\/users\/1"}],"replies":[{"embeddable":true,"href":"http:\/\/www.tvturk.com\/index.php\/wp-json\/wp\/v2\/comments?post=197633"}],"version-history":[{"count":0,"href":"http:\/\/www.tvturk.com\/index.php\/wp-json\/wp\/v2\/posts\/197633\/revisions"}],"wp:featuredmedia":[{"embeddable":true,"href":"http:\/\/www.tvturk.com\/index.php\/wp-json\/wp\/v2\/media\/197634"}],"wp:attachment":[{"href":"http:\/\/www.tvturk.com\/index.php\/wp-json\/wp\/v2\/media?parent=197633"}],"wp:term":[{"taxonomy":"category","embeddable":true,"href":"http:\/\/www.tvturk.com\/index.php\/wp-json\/wp\/v2\/categories?post=197633"},{"taxonomy":"post_tag","embeddable":true,"href":"http:\/\/www.tvturk.com\/index.php\/wp-json\/wp\/v2\/tags?post=197633"}],"curies":[{"name":"wp","href":"https:\/\/api.w.org\/{rel}","templated":true}]}}