{"id":197637,"date":"2019-08-29T19:32:57","date_gmt":"2019-08-29T16:32:57","guid":{"rendered":"http:\/\/www.tvturk.com\/index.php\/burhaniyeli-ogrencilerin-kuran-ogrenme-mutlulugu\/"},"modified":"2019-08-29T19:32:57","modified_gmt":"2019-08-29T16:32:57","slug":"burhaniyeli-ogrencilerin-kuran-ogrenme-mutlulugu","status":"publish","type":"post","link":"http:\/\/www.tvturk.com\/index.php\/burhaniyeli-ogrencilerin-kuran-ogrenme-mutlulugu\/","title":{"rendered":"Burhaniyeli \u00f6\u011frencilerin Kur\u2019an \u00f6\u011frenme mutlulu\u011fu"},"content":{"rendered":"<p>Burhaniye il\u00e7esinde, Halk E\u011fitimi Merkezi M\u00fcd\u00fcrl\u00fc\u011f\u00fcn\u00fcn Cumhuriyet \u0130lkokulu\u2019nda d\u00fczenledi\u011fi Kur\u2019an okumay\u0131 \u00f6\u011frenme ve Elif Ba kursu tamamland\u0131. Ay\u015fenur G\u00fcl\u00fcmser\u2019in \u00f6\u011fretmenli\u011fini yapt\u0131\u011f\u0131 kursu bitiren 17 \u00f6\u011frencinin belgeleri \u0130l\u00e7e Milli E\u011fitim M\u00fcd\u00fcr\u00fc Bora Zihni\u2019nin de kat\u0131ld\u0131\u011f\u0131 t\u00f6renle verilirken, co\u015fku ya\u015fand\u0131.<\/p>\n<p>Cumhuriyet \u0130lkokulunda 24 Haziranda ba\u015flat\u0131lan Kur\u2019an okumay\u0131 \u00f6\u011frenme ve Elif Ba kursu tamamland\u0131. 17 \u00f6\u011frencinin belgeleri, \u0130l\u00e7e Milli E\u011fitim M\u00fcd\u00fcr\u00fc Bora Zihni, Halk E\u011fitimi Merkezi M\u00fcd\u00fcr\u00fc B\u00fclent D\u00fckanc\u0131, Cumhuriyet \u0130lkokulu M\u00fcd\u00fcr\u00fc Hamdi Bak\u0131rl\u0131, \u015eehit Mustafa Serin Ortaokulu M\u00fcd\u00fcr\u00fc Vahdettin Mantar, \u0130mam Hatip Ortaokulu M\u00fcd\u00fcr\u00fc \u015eevket Akdeniz, M\u00fcjde Pabu\u00e7\u00e7uo\u011flu Anaokulu M\u00fcd\u00fcr\u00fc Selma Erg\u00fcl. Kurs \u00f6\u011fretmeni Ay\u015fenur G\u00fcl\u00fcmser  ve veliler taraf\u0131ndan verildi.  Kuran okumay\u0131 \u00f6\u011frenmenin mutlulu\u011funu ya\u015fayan \u00f6\u011frenciler, kurs \u00f6\u011fretmeni Ay\u015fenur G\u00fcl\u00fcmser ve Halk E\u011fitimi Merkezi M\u00fcd\u00fcr\u00fc B\u00fclent D\u00fckanc\u0131\u2019ya te\u015fekk\u00fcr etti. T\u00f6rende bir konu\u015fma yapan \u0130l\u00e7e Milli E\u011fitim M\u00fcd\u00fcr\u00fc Bora Zihni, kursiyerlere ve velilerine te\u015fekk\u00fcr etti. Kursiyerlerden Tauna G\u00fcl\u00fcmser, \u201cKur\u2019an-\u0131 kerim okumay\u0131 bilmiyordum. Elif Ba\u2019dan ba\u015flad\u0131k. Ben kursu \u00e7ok sevdim\u201d dedi.<\/p>\n<p>Sare D\u00f6ner de, \u201c Hocama \u00e7ok te\u015fekk\u00fcr ederim. Bize Kur\u2019an\u0131 \u00f6\u011fretti. Mutluyum\u201d dedi.<\/p>\n<p>Ayhan Kabak\u00e7\u0131o\u011flu ise, \u201c Kur\u2019an\u0131 biraz biliyordum. Ama burada \u00e7ok iyi \u00f6\u011frendim. Mutluyum\u201d dedi.<\/p>\n<p>Kurs \u00f6\u011fretmeni Ay\u015fenur G\u00fcl\u00fcmser de, \u201cCumhuriyet \u0130lkokulu\u2019nda ilk kez kurs a\u00e7\u0131lmas\u0131na ra\u011fmen \u00f6\u011frencilerimiz b\u00fcy\u00fck gayret g\u00f6sterdi. Hepsi Kur\u2019an okumay\u0131 \u00f6\u011frendiler. Bug\u00fc nde  m\u00fcd\u00fcrlerimizle beraber belgeleri verdik. \u00c7ocuklar\u0131m\u0131z da biz de \u00e7ok mutluyuz. Rabbim bu yolda ilerlemeyi nasip etsin\u201d dedi.<\/p>\n","protected":false},"excerpt":{"rendered":"<p>BELGE VER\u0130LD\u0130<\/p>\n","protected":false},"author":1,"featured_media":0,"comment_status":"closed","ping_status":"open","sticky":false,"template":"","format":"standard","meta":{"jetpack_post_was_ever_published":false,"_jetpack_newsletter_access":"","_jetpack_dont_email_post_to_subs":false,"_jetpack_newsletter_tier_id":0,"_jetpack_memberships_contains_paywalled_content":false,"_jetpack_memberships_contains_paid_content":false,"footnotes":"","jetpack_publicize_message":"","jetpack_publicize_feature_enabled":true,"jetpack_social_post_already_shared":true,"jetpack_social_options":{"image_generator_settings":{"template":"highway","default_image_id":0,"font":"","enabled":false},"version":2}},"categories":[1],"tags":[2900,6866,11684,4503,17299],"class_list":["post-197637","post","type-post","status-publish","format-standard","hentry","category-genel","tag-burhaniyeli","tag-kuran","tag-mutlulugu","tag-ogrencilerin","tag-ogrenme"],"jetpack_publicize_connections":[],"jetpack_featured_media_url":"","jetpack_sharing_enabled":true,"jetpack_shortlink":"https:\/\/wp.me\/paKIfm-PpH","_links":{"self":[{"href":"http:\/\/www.tvturk.com\/index.php\/wp-json\/wp\/v2\/posts\/197637","targetHints":{"allow":["GET"]}}],"collection":[{"href":"http:\/\/www.tvturk.com\/index.php\/wp-json\/wp\/v2\/posts"}],"about":[{"href":"http:\/\/www.tvturk.com\/index.php\/wp-json\/wp\/v2\/types\/post"}],"author":[{"embeddable":true,"href":"http:\/\/www.tvturk.com\/index.php\/wp-json\/wp\/v2\/users\/1"}],"replies":[{"embeddable":true,"href":"http:\/\/www.tvturk.com\/index.php\/wp-json\/wp\/v2\/comments?post=197637"}],"version-history":[{"count":0,"href":"http:\/\/www.tvturk.com\/index.php\/wp-json\/wp\/v2\/posts\/197637\/revisions"}],"wp:attachment":[{"href":"http:\/\/www.tvturk.com\/index.php\/wp-json\/wp\/v2\/media?parent=197637"}],"wp:term":[{"taxonomy":"category","embeddable":true,"href":"http:\/\/www.tvturk.com\/index.php\/wp-json\/wp\/v2\/categories?post=197637"},{"taxonomy":"post_tag","embeddable":true,"href":"http:\/\/www.tvturk.com\/index.php\/wp-json\/wp\/v2\/tags?post=197637"}],"curies":[{"name":"wp","href":"https:\/\/api.w.org\/{rel}","templated":true}]}}