{"id":197655,"date":"2019-08-29T21:46:37","date_gmt":"2019-08-29T18:46:37","guid":{"rendered":"http:\/\/www.tvturk.com\/index.php\/kadin-cinayetlerine-boyali-protesto\/"},"modified":"2019-08-29T21:46:37","modified_gmt":"2019-08-29T18:46:37","slug":"kadin-cinayetlerine-boyali-protesto","status":"publish","type":"post","link":"http:\/\/www.tvturk.com\/index.php\/kadin-cinayetlerine-boyali-protesto\/","title":{"rendered":"Kad\u0131n cinayetlerine boyal\u0131 protesto"},"content":{"rendered":"<p>Bilecik\u2019te bir araya gelen kad\u0131nlar, \u00fczerlerindeki k\u0131yafetleri boyayarak kad\u0131n cinayetlerini protesto etti.<\/p>\n<p>Bilecik Belediyesi Aile \u00c7ay Bah\u00e7esi \u00f6n\u00fcnde toplanan grup \u00fczerlerindeki k\u0131yafetleri boyayarak kad\u0131n cinayetlerini protesto etti. 4 y\u0131l \u00f6nce Bilecik\u2019in Boz\u00fcy\u00fck il\u00e7esinde eski e\u015fi taraf\u0131ndan b\u0131\u00e7aklanarak \u00f6ld\u00fcr\u00fclen Emine Ba\u015f\u2019\u0131n babas\u0131 Sabri Uz da protestoya kat\u0131larak halk\u0131n yanlar\u0131nda olmas\u0131n\u0131 istedi.<\/p>\n<p>Toplanan grup ad\u0131na bir a\u00e7\u0131klama yapan \u00d6zlem Sade, kad\u0131na \u015fiddete dikkat \u00e7ekmek i\u00e7in bir arada olduklar\u0131n\u0131 ifade ederek, &#8220;Duyars\u0131z kald\u0131k\u00e7a dayak, tecav\u00fcz, cinayetler \u00e7o\u011falmakta. Burada bulunma sebebimizi biliyorsunuz. \u00d6zellikle son y\u0131llarda ya\u015fanan kad\u0131na \u015fiddete dikkat \u00e7ekmek ve fark\u0131ndal\u0131k i\u00e7in burada toplanm\u0131\u015f bulunmaktay\u0131z. \u0130\u00e7imden nehirler ak\u0131yor bu konuda ama d\u00fc\u011f\u00fcm, d\u00fc\u011f\u00fcm bo\u011fazlar\u0131m. Size sadece \u015fundan bahsedece\u011fim. 3 k\u0131z\u0131m var Allah \u00f6m\u00fcrlerini versin. E\u011fer bir o\u011flum olsayd\u0131 ona ilk \u00f6\u011fretece\u011fim \u015fey erkekli\u011fin bir \u00fcst\u00fcnl\u00fck g\u00f6stergesi olmad\u0131\u011f\u0131d\u0131r. Daha \u00e7ocukken erkekli\u011fin bir \u00fcst\u00fcnl\u00fck oldu\u011fu \u00f6\u011fretiliyor \u00e7ocuklara. O bilin\u00e7le b\u00fcy\u00fcyorlar. Cinsiyet\u00e7ili\u011fin temelleri at\u0131lm\u0131\u015f oluyor b\u00f6ylece. K\u0131z \u00e7ocuklar\u0131ndan bir fark\u0131 olmad\u0131\u011f\u0131 \u00f6\u011fretilmeli erkek \u00e7ocu\u011funa&#8221; ifadelerine yer verdi.<\/p>\n<p>Konu\u015fman\u0131n ard\u0131ndan toplanan grup olays\u0131z bir \u015fekilde da\u011f\u0131ld\u0131.<\/p>\n","protected":false},"excerpt":{"rendered":"<p>B\u0130LEC\u0130K&#8217;TE B\u0130R ARAYA GELEN KADINLAR, \u00dcZERLER\u0130NDEK\u0130 KIYAFETLER\u0130 BOYAYARAK KADIN C\u0130NAYETLER\u0130N\u0130 PROTESTO ETT\u0130.<\/p>\n","protected":false},"author":1,"featured_media":197656,"comment_status":"closed","ping_status":"open","sticky":false,"template":"","format":"standard","meta":{"jetpack_post_was_ever_published":false,"_jetpack_newsletter_access":"","_jetpack_dont_email_post_to_subs":false,"_jetpack_newsletter_tier_id":0,"_jetpack_memberships_contains_paywalled_content":false,"_jetpack_memberships_contains_paid_content":false,"footnotes":"","jetpack_publicize_message":"","jetpack_publicize_feature_enabled":true,"jetpack_social_post_already_shared":true,"jetpack_social_options":{"image_generator_settings":{"template":"highway","default_image_id":0,"font":"","enabled":false},"version":2}},"categories":[1],"tags":[24987,37469,108,831],"class_list":["post-197655","post","type-post","status-publish","format-standard","has-post-thumbnail","hentry","category-genel","tag-boyali","tag-cinayetlerine","tag-kadin","tag-protesto"],"jetpack_publicize_connections":[],"jetpack_featured_media_url":"https:\/\/i0.wp.com\/www.tvturk.com\/wp-content\/uploads\/2019\/08\/kadin-cinayetlerine-boyali-protesto_0ca45c0.jpg?fit=1000%2C662","jetpack_sharing_enabled":true,"jetpack_shortlink":"https:\/\/wp.me\/paKIfm-PpZ","_links":{"self":[{"href":"http:\/\/www.tvturk.com\/index.php\/wp-json\/wp\/v2\/posts\/197655","targetHints":{"allow":["GET"]}}],"collection":[{"href":"http:\/\/www.tvturk.com\/index.php\/wp-json\/wp\/v2\/posts"}],"about":[{"href":"http:\/\/www.tvturk.com\/index.php\/wp-json\/wp\/v2\/types\/post"}],"author":[{"embeddable":true,"href":"http:\/\/www.tvturk.com\/index.php\/wp-json\/wp\/v2\/users\/1"}],"replies":[{"embeddable":true,"href":"http:\/\/www.tvturk.com\/index.php\/wp-json\/wp\/v2\/comments?post=197655"}],"version-history":[{"count":0,"href":"http:\/\/www.tvturk.com\/index.php\/wp-json\/wp\/v2\/posts\/197655\/revisions"}],"wp:featuredmedia":[{"embeddable":true,"href":"http:\/\/www.tvturk.com\/index.php\/wp-json\/wp\/v2\/media\/197656"}],"wp:attachment":[{"href":"http:\/\/www.tvturk.com\/index.php\/wp-json\/wp\/v2\/media?parent=197655"}],"wp:term":[{"taxonomy":"category","embeddable":true,"href":"http:\/\/www.tvturk.com\/index.php\/wp-json\/wp\/v2\/categories?post=197655"},{"taxonomy":"post_tag","embeddable":true,"href":"http:\/\/www.tvturk.com\/index.php\/wp-json\/wp\/v2\/tags?post=197655"}],"curies":[{"name":"wp","href":"https:\/\/api.w.org\/{rel}","templated":true}]}}