{"id":197683,"date":"2019-08-30T09:01:34","date_gmt":"2019-08-30T06:01:34","guid":{"rendered":"http:\/\/www.tvturk.com\/index.php\/arazisin-de-yer-bulamayinca-kayanin-uzerine-ev-yapti\/"},"modified":"2019-08-30T09:01:34","modified_gmt":"2019-08-30T06:01:34","slug":"arazisin-de-yer-bulamayinca-kayanin-uzerine-ev-yapti","status":"publish","type":"post","link":"http:\/\/www.tvturk.com\/index.php\/arazisin-de-yer-bulamayinca-kayanin-uzerine-ev-yapti\/","title":{"rendered":"Arazisin de yer bulamay\u0131nca, kayan\u0131n \u00fczerine ev yapt\u0131"},"content":{"rendered":"<p>Rize\u2019de arazilerin engebeli olmas\u0131 ve d\u00fcz araz\u0131 azl\u0131\u011f\u0131 nedeni ile ortaya ilgin\u00e7 yap\u0131lar \u00e7\u0131k\u0131yor. Rize\u2019nin F\u0131nd\u0131kl\u0131 ya\u015fayan 72 ya\u015f\u0131ndaki Re\u015fat Eren\u2019de k\u00f6y\u00fcndeki arazisinde ev yapmak i\u00e7in yer bulamay\u0131nca evini dev kayan\u0131n \u00fczerine yapt\u0131.<\/p>\n<p>Rize\u2019de arazi \u015fartlar\u0131n zorlu olmas\u0131 nedeniyle ilgin\u00e7 yap\u0131lar ortaya \u00e7\u0131k\u0131yor. Arazilerin engebeli olmas\u0131 nedeniyle ilgin\u00e7 fikirlere ba\u015fvuran Rizeliler farkl\u0131 yap\u0131lar in\u015fa ediyor. Rize\u2019nin F\u0131nd\u0131kl\u0131 il\u00e7esinde ya\u015fayan 72 ya\u015f\u0131ndaki Re\u015fat Eren\u2019de y\u0131llar Uzun y\u0131llar gurbette \u00e7al\u0131\u015ft\u0131ktan sonra ge\u00e7irdi\u011fi bir kaza sonras\u0131 baba oca\u011f\u0131 Rize\u2019ye d\u00f6nme karar\u0131 ald\u0131. K\u00f6y\u00fcnde ev yapmak isteyen Eren arazisinde uygun yer bulamay\u0131nca dev kayan\u0131n \u00fczerini d\u00fczleyerek evini kayan\u0131n \u00fcst\u00fcne yapt\u0131.<\/p>\n<p>\u0130lk zamanlar ar\u0131lar\u0131n\u0131 koymak i\u00e7in kayan\u0131n \u00fczerine yer yapt\u0131\u011f\u0131n\u0131 belirten Re\u015fat Eren zamanla bu fikrini de\u011fi\u015ftirmi\u015f. Eren:\u201d \u00f6nce ar\u0131lar\u0131 koymak i\u00e7in d\u00fc\u015f\u00fcnd\u00fcm sonradan Karadeniz hep ya\u011f\u0131\u015fl\u0131 oldu\u011fu i\u00e7in kendime kaya \u00fczerinde kul\u00fcbe yapt\u0131m. Sonradan giden gelen \u00e7ok olunca i\u015f de\u011fi\u015fti oturma yeri ilave edeyim derken i\u015f b\u00fcy\u00fcd\u00fc\u201d dedi.<\/p>\n<p>Ev i\u00e7in ne kadar masraf etti\u011fini s\u00f6ylemeyen Eren, \u201dMasraf\u0131 falan g\u00f6ze gelmiyor ama Ege\u2019de Akdeniz\u2019de bir yazl\u0131k ev alabilirdim\u201d a\u00e7\u0131klamas\u0131nda bulundu.<\/p>\n<p>Re\u015fat Eren\u2019in e\u015fi \u015eeng\u00fcl Eren ise ilk ba\u015flarda \u00e7ok olumlu bakmad\u0131\u011f\u0131n\u0131 ifade ederek, \u201d\u00f6nce ar\u0131lar i\u00e7in yapaca\u011f\u0131m dedi sonra ya\u011fmurdan korunmak i\u00e7in kul\u00fcbe yapaca\u011f\u0131m dedi \u00f6yle \u00f6yle geli\u015fti. Kaya \u00fczerinde olunca tedirgin oluyor insanlar ama bizim dede evi de kaya \u00fczerinde o y\u00fczden al\u0131\u015f\u0131\u011f\u0131z\u201d dedi.<\/p>\n","protected":false},"excerpt":{"rendered":"<p>ARAZ\u0130S\u0130N DE YER BULAMAYINCA KAYANIN \u00dcZER\u0130NE EV YAPTI<\/p>\n","protected":false},"author":1,"featured_media":0,"comment_status":"closed","ping_status":"open","sticky":false,"template":"","format":"standard","meta":{"jetpack_post_was_ever_published":false,"_jetpack_newsletter_access":"","_jetpack_dont_email_post_to_subs":false,"_jetpack_newsletter_tier_id":0,"_jetpack_memberships_contains_paywalled_content":false,"_jetpack_memberships_contains_paid_content":false,"footnotes":"","jetpack_publicize_message":"","jetpack_publicize_feature_enabled":true,"jetpack_social_post_already_shared":true,"jetpack_social_options":{"image_generator_settings":{"template":"highway","default_image_id":0,"font":"","enabled":false},"version":2}},"categories":[1],"tags":[49679,8401,10705,3656,292,4243],"class_list":["post-197683","post","type-post","status-publish","format-standard","hentry","category-genel","tag-arazisin","tag-bulamayinca","tag-kayanin","tag-uzerine","tag-yapti","tag-yer"],"jetpack_publicize_connections":[],"jetpack_featured_media_url":"","jetpack_sharing_enabled":true,"jetpack_shortlink":"https:\/\/wp.me\/paKIfm-Pqr","_links":{"self":[{"href":"http:\/\/www.tvturk.com\/index.php\/wp-json\/wp\/v2\/posts\/197683","targetHints":{"allow":["GET"]}}],"collection":[{"href":"http:\/\/www.tvturk.com\/index.php\/wp-json\/wp\/v2\/posts"}],"about":[{"href":"http:\/\/www.tvturk.com\/index.php\/wp-json\/wp\/v2\/types\/post"}],"author":[{"embeddable":true,"href":"http:\/\/www.tvturk.com\/index.php\/wp-json\/wp\/v2\/users\/1"}],"replies":[{"embeddable":true,"href":"http:\/\/www.tvturk.com\/index.php\/wp-json\/wp\/v2\/comments?post=197683"}],"version-history":[{"count":0,"href":"http:\/\/www.tvturk.com\/index.php\/wp-json\/wp\/v2\/posts\/197683\/revisions"}],"wp:attachment":[{"href":"http:\/\/www.tvturk.com\/index.php\/wp-json\/wp\/v2\/media?parent=197683"}],"wp:term":[{"taxonomy":"category","embeddable":true,"href":"http:\/\/www.tvturk.com\/index.php\/wp-json\/wp\/v2\/categories?post=197683"},{"taxonomy":"post_tag","embeddable":true,"href":"http:\/\/www.tvturk.com\/index.php\/wp-json\/wp\/v2\/tags?post=197683"}],"curies":[{"name":"wp","href":"https:\/\/api.w.org\/{rel}","templated":true}]}}